{"id":3204,"date":"2026-03-06T16:05:29","date_gmt":"2026-03-06T14:05:29","guid":{"rendered":"https:\/\/www.myticket.de\/de\/myspotlight\/?p=3204"},"modified":"2026-03-31T12:49:48","modified_gmt":"2026-03-31T11:49:48","slug":"peter-kraus-der-mann-der-dem-deutschsprachigen-rock-n-roll-eine-stimme-gab","status":"publish","type":"post","link":"https:\/\/www.myticket.de\/de\/myspotlight\/news-insider\/peter-kraus-der-mann-der-dem-deutschsprachigen-rock-n-roll-eine-stimme-gab\/","title":{"rendered":"Peter Kraus \u2013 Der Mann, der dem deutschsprachigen Rock \u2019n\u2019 Roll eine Stimme gab"},"content":{"rendered":"<p><div class=\"fusion-fullwidth fullwidth-box fusion-builder-row-1 fusion-flex-container has-pattern-background has-mask-background fusion-parallax-none nonhundred-percent-fullwidth non-hundred-percent-height-scrolling lazyload\" style=\"--awb-border-radius-top-left:0px;--awb-border-radius-top-right:0px;--awb-border-radius-bottom-right:0px;--awb-border-radius-bottom-left:0px;--awb-padding-bottom:52px;--awb-padding-bottom-medium:20px;--awb-padding-bottom-small:5px;--awb-min-height:650px;--awb-background-size:cover;--awb-flex-wrap:wrap;\" data-bg=\"https:\/\/www.myticket.de\/de\/myspotlight\/app\/uploads\/2026\/03\/KRAUS-LIVE-HOCH-2-1440600.jpg\" data-fusion-responsive-bg=\"1\" data-bg-small=\"https:\/\/www.myticket.de\/de\/myspotlight\/app\/uploads\/2026\/03\/peter-kraus-tour-2026-415x650-1.jpg\" ><div class=\"fusion-builder-row fusion-row fusion-flex-align-items-flex-end fusion-flex-justify-content-space-between fusion-flex-content-wrap\" style=\"max-width:1364.48px;margin-left: calc(-4% \/ 2 );margin-right: calc(-4% \/ 2 );\"><div class=\"fusion-layout-column fusion_builder_column fusion-builder-column-0 fusion_builder_column_1_1 1_1 fusion-flex-column fusion-flex-align-self-flex-end mys-color-ticket mys-hero--color-ticket\" style=\"--awb-z-index:2;--awb-padding-top:28px;--awb-padding-right:21px;--awb-padding-bottom:25px;--awb-padding-left:21px;--awb-absolute-right:0px;--awb-absolute-bottom:-60px;--awb-overflow:hidden;--awb-container-position:absolute;--awb-bg-size:100%;--awb-width-large:100%;--awb-margin-top-large:0px;--awb-spacing-right-large:1.92%;--awb-margin-bottom-large:0px;--awb-spacing-left-large:1.92%;--awb-width-medium:40%;--awb-order-medium:0;--awb-spacing-right-medium:4.8%;--awb-spacing-left-medium:4.8%;--awb-width-small:100%;--awb-order-small:0;--awb-spacing-right-small:1.92%;--awb-spacing-left-small:1.92%;\" data-scroll-devices=\"small-visibility,medium-visibility,large-visibility\"><div class=\"fusion-column-wrapper lazyload fusion-column-has-shadow fusion-flex-justify-content-flex-end fusion-content-layout-column fusion-column-has-bg-image\" data-bg-url=\"https:\/\/www.myticket.de\/de\/myspotlight\/app\/uploads\/2024\/07\/marker-2-coral-new.svg\" data-bg=\"https:\/\/www.myticket.de\/de\/myspotlight\/app\/uploads\/2024\/07\/marker-2-coral-new.svg\"><div class=\"fusion-text fusion-text-1 fusion-text-no-margin mys-hero--text\" style=\"--awb-content-alignment:center;--awb-font-size:32px;--awb-text-color:var(--awb-color3);--awb-text-font-family:var(--awb-typography3-font-family);--awb-text-font-weight:var(--awb-typography3-font-weight);--awb-text-font-style:var(--awb-typography3-font-style);\"><\/div><\/div><\/div><\/div><\/div><div class=\"fusion-fullwidth fullwidth-box fusion-builder-row-2 fusion-flex-container has-pattern-background has-mask-background nonhundred-percent-fullwidth non-hundred-percent-height-scrolling\" style=\"--awb-border-radius-top-left:0px;--awb-border-radius-top-right:0px;--awb-border-radius-bottom-right:0px;--awb-border-radius-bottom-left:0px;--awb-flex-wrap:wrap;\" ><div class=\"fusion-builder-row fusion-row fusion-flex-align-items-flex-start fusion-flex-content-wrap\" style=\"max-width:1364.48px;margin-left: calc(-4% \/ 2 );margin-right: calc(-4% \/ 2 );\"><div class=\"fusion-layout-column fusion_builder_column fusion-builder-column-1 fusion_builder_column_1_1 1_1 fusion-flex-column\" style=\"--awb-bg-size:cover;--awb-width-large:100%;--awb-margin-top-large:0px;--awb-spacing-right-large:1.92%;--awb-margin-bottom-large:0px;--awb-spacing-left-large:1.92%;--awb-width-medium:100%;--awb-order-medium:0;--awb-spacing-right-medium:1.92%;--awb-spacing-left-medium:1.92%;--awb-width-small:100%;--awb-order-small:0;--awb-spacing-right-small:1.92%;--awb-spacing-left-small:1.92%;\"><div class=\"fusion-column-wrapper fusion-column-has-shadow fusion-flex-justify-content-flex-start fusion-content-layout-column\"><div class=\"fusion-text fusion-text-2 fusion-text-no-margin\" style=\"--awb-font-size:14px;--awb-line-height:22px;--awb-letter-spacing:0px;--awb-text-transform:uppercase;--awb-text-color:var(--awb-color6);--awb-margin-top:5px;--awb-text-font-family:var(--awb-typography5-font-family);--awb-text-font-weight:var(--awb-typography5-font-weight);--awb-text-font-style:var(--awb-typography5-font-style);\"><p>\u00a9 PATRIZIA BERNDT<\/p>\n<\/div><\/div><\/div><\/div><\/div><article class=\"fusion-fullwidth fullwidth-box fusion-builder-row-3 fusion-flex-container has-pattern-background has-mask-background nonhundred-percent-fullwidth non-hundred-percent-height-scrolling\" style=\"--awb-border-radius-top-left:0px;--awb-border-radius-top-right:0px;--awb-border-radius-bottom-right:0px;--awb-border-radius-bottom-left:0px;--awb-padding-top:72px;--awb-padding-bottom:50px;--awb-padding-bottom-medium:25px;--awb-padding-bottom-small:20px;--awb-flex-wrap:wrap;\" ><div class=\"fusion-builder-row fusion-row fusion-flex-align-items-flex-start fusion-flex-content-wrap\" style=\"max-width:1364.48px;margin-left: calc(-4% \/ 2 );margin-right: calc(-4% \/ 2 );\"><div class=\"fusion-layout-column fusion_builder_column fusion-builder-column-2 fusion_builder_column_1_1 1_1 fusion-flex-column\" style=\"--awb-bg-size:cover;--awb-width-large:100%;--awb-margin-top-large:0px;--awb-spacing-right-large:1.92%;--awb-margin-bottom-large:10px;--awb-spacing-left-large:1.92%;--awb-width-medium:100%;--awb-order-medium:0;--awb-spacing-right-medium:1.92%;--awb-spacing-left-medium:1.92%;--awb-width-small:100%;--awb-order-small:0;--awb-spacing-right-small:1.92%;--awb-spacing-left-small:1.92%;\"><div class=\"fusion-column-wrapper fusion-column-has-shadow fusion-flex-justify-content-flex-start fusion-content-layout-column\"><div class=\"fusion-text fusion-text-3 fusion-text-no-margin mys-tagcloud-lightblue\" style=\"--awb-font-size:14px;--awb-text-color:var(--awb-custom_color_3);--awb-text-font-family:var(--awb-typography4-font-family);--awb-text-font-weight:var(--awb-typography4-font-weight);--awb-text-font-style:var(--awb-typography4-font-style);\"><\/div><\/div><\/div><div class=\"fusion-layout-column fusion_builder_column fusion-builder-column-3 fusion_builder_column_1_1 1_1 fusion-flex-column\" style=\"--awb-bg-size:cover;--awb-width-large:100%;--awb-margin-top-large:0px;--awb-spacing-right-large:1.92%;--awb-margin-bottom-large:0px;--awb-spacing-left-large:1.92%;--awb-width-medium:100%;--awb-order-medium:0;--awb-spacing-right-medium:1.92%;--awb-spacing-left-medium:1.92%;--awb-width-small:100%;--awb-order-small:0;--awb-spacing-right-small:1.92%;--awb-margin-bottom-small:20px;--awb-spacing-left-small:1.92%;\"><div class=\"fusion-column-wrapper fusion-column-has-shadow fusion-flex-justify-content-flex-start fusion-content-layout-column\"><div class=\"fusion-title title fusion-title-1 fusion-sep-none fusion-title-text fusion-title-size-one\" style=\"--awb-text-color:var(--awb-color1);--awb-margin-top:0px;--awb-margin-right:0px;--awb-margin-bottom:20px;--awb-margin-left:0px;--awb-margin-top-small:0px;--awb-margin-right-small:0px;--awb-margin-bottom-small:0px;--awb-margin-left-small:0px;--awb-font-size:48px;\"><h1 class=\"fusion-title-heading title-heading-left fusion-responsive-typography-calculated\" style=\"font-family:var(--awb-typography1-font-family);font-weight:var(--awb-typography1-font-weight);font-style:var(--awb-typography1-font-style);margin:0;font-size:1em;--fontSize:48;line-height:1.13;\">Peter Kraus \u2013 Der Mann, der dem deutschsprachigen Rock \u2019n\u2019 Roll eine Stimme gab<\/h1><\/div><\/div><\/div><div class=\"fusion-layout-column fusion_builder_column fusion-builder-column-4 fusion_builder_column_1_1 1_1 fusion-flex-column fusion-flex-align-self-flex-start\" style=\"--awb-padding-bottom:0px;--awb-bg-size:cover;--awb-width-large:100%;--awb-margin-top-large:0px;--awb-spacing-right-large:1.92%;--awb-margin-bottom-large:0px;--awb-spacing-left-large:1.92%;--awb-width-medium:100%;--awb-order-medium:0;--awb-spacing-right-medium:1.92%;--awb-spacing-left-medium:1.92%;--awb-width-small:100%;--awb-order-small:0;--awb-spacing-right-small:1.92%;--awb-spacing-left-small:1.92%;\"><div class=\"fusion-column-wrapper fusion-column-has-shadow fusion-flex-justify-content-flex-start fusion-content-layout-row\"><div class=\"fusion-text fusion-text-4 fusion-text-no-margin\" style=\"--awb-font-size:24px;--awb-text-color:var(--awb-color7);--awb-margin-right:10px;--awb-text-font-family:&quot;Cabin&quot;;--awb-text-font-style:normal;--awb-text-font-weight:600;\"><p>06. M\u00e4rz 2026<\/p>\n<\/div><div class=\"fusion-text fusion-text-5 fusion-text-no-margin mys-entry--author\" style=\"--awb-content-alignment:left;--awb-font-size:24px;--awb-text-color:var(--awb-color7);--awb-margin-left:10px;--awb-text-font-family:&quot;Cabin&quot;;--awb-text-font-style:normal;--awb-text-font-weight:600;\"><p>Julia von myticket<\/p>\n<\/div><\/div><\/div><div class=\"fusion-layout-column fusion_builder_column fusion-builder-column-5 fusion_builder_column_1_1 1_1 fusion-flex-column\" style=\"--awb-padding-right:180px;--awb-padding-right-medium:0px;--awb-bg-size:cover;--awb-width-large:100%;--awb-margin-top-large:10px;--awb-spacing-right-large:1.92%;--awb-margin-bottom-large:0px;--awb-spacing-left-large:1.92%;--awb-width-medium:100%;--awb-order-medium:0;--awb-spacing-right-medium:1.92%;--awb-spacing-left-medium:1.92%;--awb-width-small:100%;--awb-order-small:0;--awb-spacing-right-small:1.92%;--awb-spacing-left-small:1.92%;\"><div class=\"fusion-column-wrapper fusion-column-has-shadow fusion-flex-justify-content-flex-start fusion-content-layout-column\"><div class=\"fusion-text fusion-text-6 fusion-text-no-margin\"><p>Wenn man \u00fcber die Anf\u00e4nge des Rock \u2019n\u2019 Roll im deutschsprachigen Raum spricht, f\u00fchrt kein Weg an <strong>Peter Kraus<\/strong> vorbei. W\u00e4hrend in den USA K\u00fcnstler wie Elvis Presley eine musikalische Revolution ausl\u00f6sten, war es Kraus, der diesem neuen Sound hierzulande ein eigenes Gesicht gab \u2013 auf Deutsch, nahbar und mit einer ganz eigenen Handschrift.<\/p>\n<\/div><\/div><\/div><\/div><\/article><div class=\"fusion-fullwidth fullwidth-box fusion-builder-row-4 fusion-flex-container has-pattern-background has-mask-background nonhundred-percent-fullwidth non-hundred-percent-height-scrolling\" style=\"--awb-border-radius-top-left:0px;--awb-border-radius-top-right:0px;--awb-border-radius-bottom-right:0px;--awb-border-radius-bottom-left:0px;--awb-padding-top:50px;--awb-padding-bottom:50px;--awb-padding-top-medium:25px;--awb-padding-bottom-medium:25px;--awb-padding-top-small:20px;--awb-padding-bottom-small:25px;--awb-flex-wrap:wrap;\" ><div class=\"fusion-builder-row fusion-row fusion-flex-align-items-flex-start fusion-flex-content-wrap\" style=\"max-width:1364.48px;margin-left: calc(-4% \/ 2 );margin-right: calc(-4% \/ 2 );\"><div class=\"fusion-layout-column fusion_builder_column fusion-builder-column-6 fusion_builder_column_2_5 2_5 fusion-flex-column fusion-flex-align-self-stretch\" style=\"--awb-bg-size:cover;--awb-width-large:40%;--awb-margin-top-large:0px;--awb-spacing-right-large:4.8%;--awb-margin-bottom-large:0px;--awb-spacing-left-large:4.8%;--awb-width-medium:100%;--awb-order-medium:0;--awb-spacing-right-medium:1.92%;--awb-spacing-left-medium:1.92%;--awb-width-small:100%;--awb-order-small:0;--awb-spacing-right-small:1.92%;--awb-spacing-left-small:1.92%;\"><div class=\"fusion-column-wrapper fusion-column-has-shadow fusion-flex-justify-content-flex-start fusion-content-layout-column\"><div class=\"fusion-title title fusion-title-2 fusion-sep-none fusion-title-text fusion-title-size-two\" style=\"--awb-text-color:var(--awb-color1);--awb-margin-top:0px;--awb-margin-right:0px;--awb-margin-bottom:24px;--awb-margin-left:0px;--awb-margin-top-small:0px;--awb-margin-right-small:0px;--awb-margin-bottom-small:15px;--awb-margin-left-small:0px;--awb-font-size:40px;\"><h2 class=\"fusion-title-heading title-heading-left fusion-responsive-typography-calculated\" style=\"font-family:&quot;Cabin&quot;;font-style:normal;font-weight:400;margin:0;font-size:1em;--fontSize:40;line-height:1.25;\">Was ist deutschsprachiger Rock \u2019n\u2019 Roll?<\/h2><\/div><div class=\"fusion-text fusion-text-7 fusion-text-no-margin\" style=\"--awb-margin-bottom:24px;\"><p>Der Rock \u2019n\u2019 Roll der 1950er-Jahre war mehr als nur Musik \u2013 er war ein Lebensgef\u00fchl. Rebellion, Aufbruch, jugendliche Energie. Doch im deutschsprachigen Raum brauchte es K\u00fcnstler, die diesen Stil kulturell \u00fcbersetzen konnten.<\/p>\n<\/div><div class=\"fusion-title title fusion-title-3 fusion-sep-none fusion-title-text fusion-title-size-three\" style=\"--awb-text-color:var(--awb-color1);--awb-margin-top:0px;--awb-margin-right:0px;--awb-margin-bottom:24px;--awb-margin-left:0px;--awb-margin-top-small:0px;--awb-margin-right-small:0px;--awb-margin-bottom-small:15px;--awb-margin-left-small:0px;--awb-font-size:40px;\"><h3 class=\"fusion-title-heading title-heading-left fusion-responsive-typography-calculated\" style=\"font-family:&quot;Cabin&quot;;font-style:normal;font-weight:400;margin:0;font-size:1em;--fontSize:40;line-height:1.25;\">Deutschsprachiger Rock \u2019n\u2019 Roll bedeutet:<\/h3><\/div><div class=\"fusion-text fusion-text-8 fusion-text-no-margin\" style=\"--awb-margin-bottom:24px;\"><ul>\n<li data-start=\"812\" data-end=\"857\">\n<p data-start=\"814\" data-end=\"857\">treibende Rhythmen und mitrei\u00dfende Gitarren<\/p>\n<\/li>\n<li data-start=\"858\" data-end=\"879\">\n<p data-start=\"860\" data-end=\"879\">eing\u00e4ngige Melodien<\/p>\n<\/li>\n<li data-start=\"880\" data-end=\"908\">\n<p data-start=\"882\" data-end=\"908\">Texte in deutscher Sprache<\/p>\n<\/li>\n<li data-start=\"909\" data-end=\"971\">\n<p data-start=\"911\" data-end=\"971\">Themen wie erste Liebe, Freiheit und jugendliche Sehnsucht<\/p>\n<\/li>\n<\/ul>\n<\/div><div class=\"fusion-text fusion-text-9\"><p>Peter Kraus gelang genau dieser Br\u00fcckenschlag. Er \u00fcbernahm nicht einfach einen amerikanischen Trend \u2013 er machte ihn <strong>anschlussf\u00e4hig f\u00fcr ein deutsches Publikum<\/strong>. Seine Songs waren wild und doch charmant, modern und dennoch respektabel genug f\u00fcr Radio und Fernsehen der 50er-Jahre.<\/p>\n<p>Damit etablierte er ein neues musikalisches Selbstbewusstsein: Junge Menschen konnten sich mit einer Musik identifizieren, die international klang, aber ihre eigene Sprache sprach.<\/p>\n<\/div><\/div><\/div><div class=\"fusion-layout-column fusion_builder_column fusion-builder-column-7 fusion_builder_column_3_5 3_5 fusion-flex-column fusion-flex-align-self-stretch mys-border--rounded-vert mys-border--rounded-vert--left mys-border--rounded-vert--imgbg mys-border--rounded-vert--left mys-border--rounded-vert--fullbg\" style=\"--awb-padding-top:100px;--awb-padding-bottom:100px;--awb-padding-left:160px;--awb-padding-top-medium:40px;--awb-padding-bottom-medium:40px;--awb-padding-left-medium:0px;--awb-padding-top-small:20px;--awb-padding-bottom-small:20px;--awb-bg-color:var(--awb-custom_color_5);--awb-bg-color-hover:var(--awb-custom_color_5);--awb-bg-image:linear-gradient(90deg, var(--awb-custom_color_5) 31%,var(--awb-color4) 0%);--awb-bg-size:contain;--awb-width-large:60%;--awb-margin-top-large:0px;--awb-spacing-right-large:3.2%;--awb-margin-bottom-large:0px;--awb-spacing-left-large:3.2%;--awb-width-medium:100%;--awb-order-medium:0;--awb-spacing-right-medium:1.92%;--awb-spacing-left-medium:1.92%;--awb-width-small:100%;--awb-order-small:0;--awb-spacing-right-small:1.92%;--awb-spacing-left-small:1.92%;\"><div class=\"fusion-column-wrapper fusion-column-has-shadow fusion-flex-justify-content-center fusion-content-layout-column\"><div class=\"fusion-video fusion-youtube\" style=\"--awb-max-width:600px;--awb-max-height:360px;\" itemscope itemtype=\"http:\/\/schema.org\/VideoObject\"><meta itemprop=\"duration\" content=\"PT2M32S\" \/><meta itemprop=\"name\" content=\"Sugar-Baby \u00b7 Peter Kraus\" \/><meta itemprop=\"description\" content=\"\u2117 1959 Universal Music GmbH<\/p>\n<p>Released on: 1989-04-20<\/p>\n<p>Vocalist: Peter Kraus<br \/>\nOrchestra: Orchester Werner Scharfenberger<br \/>\nProducer, Composer: Werner Scharfenberger<br \/>\nLyricist: Aldo von Pinelli<br \/>\nLyricist: Fini Busch\" \/><meta itemprop=\"thumbnailUrl\" content=\"https:\/\/i3.ytimg.com\/vi\/WGUUzpCCO4Q\/hqdefault.jpg\" \/><meta itemprop=\"embedUrl\" content=\"https:\/\/www.youtube.com\/embed\/WGUUzpCCO4Q\" \/><div class=\"video-shortcode\"><div class=\"fluid-width-video-wrapper\" style=\"padding-top:60%;\" ><iframe title=\"YouTube video player 1\" src=\"https:\/\/www.youtube.com\/embed\/WGUUzpCCO4Q?wmode=transparent&autoplay=0&oida=1\" width=\"600\" height=\"360\" allowfullscreen allow=\"autoplay; clipboard-write; encrypted-media; gyroscope; picture-in-picture;\"><\/iframe><\/div><\/div><\/div><\/div><\/div><\/div><\/div><div class=\"fusion-fullwidth fullwidth-box fusion-builder-row-5 fusion-flex-container has-pattern-background has-mask-background nonhundred-percent-fullwidth non-hundred-percent-height-scrolling\" style=\"--awb-border-radius-top-left:0px;--awb-border-radius-top-right:0px;--awb-border-radius-bottom-right:0px;--awb-border-radius-bottom-left:0px;--awb-padding-top:40px;--awb-margin-top:50px;--awb-margin-bottom:50px;--awb-margin-top-medium:25px;--awb-margin-bottom-medium:25px;--awb-margin-top-small:20px;--awb-margin-bottom-small:20px;--awb-flex-wrap:wrap;\" ><div class=\"fusion-builder-row fusion-row fusion-flex-align-items-flex-start fusion-flex-content-wrap\" style=\"max-width:1364.48px;margin-left: calc(-4% \/ 2 );margin-right: calc(-4% \/ 2 );\"><div class=\"fusion-layout-column fusion_builder_column fusion-builder-column-8 fusion_builder_column_1_1 1_1 fusion-flex-column fusion-flex-align-self-stretch\" style=\"--awb-bg-size:cover;--awb-width-large:100%;--awb-margin-top-large:0px;--awb-spacing-right-large:1.92%;--awb-margin-bottom-large:0px;--awb-spacing-left-large:1.92%;--awb-width-medium:100%;--awb-order-medium:0;--awb-spacing-right-medium:1.92%;--awb-spacing-left-medium:1.92%;--awb-width-small:100%;--awb-order-small:0;--awb-spacing-right-small:1.92%;--awb-spacing-left-small:1.92%;\"><div class=\"fusion-column-wrapper fusion-column-has-shadow fusion-flex-justify-content-flex-start fusion-content-layout-column\"><div class=\"fusion-title title fusion-title-4 fusion-sep-none fusion-title-text fusion-title-size-three\" style=\"--awb-text-color:var(--awb-color1);--awb-margin-top:0px;--awb-margin-right:0px;--awb-margin-bottom:24px;--awb-margin-left:0px;--awb-margin-top-small:0px;--awb-margin-right-small:0px;--awb-margin-bottom-small:15px;--awb-margin-left-small:0px;--awb-font-size:40px;\"><h3 class=\"fusion-title-heading title-heading-left fusion-responsive-typography-calculated\" style=\"font-family:&quot;Cabin&quot;;font-style:normal;font-weight:400;margin:0;font-size:1em;--fontSize:40;line-height:1.25;\">Ein Pionier mit Strahlkraft<\/h3><\/div><div class=\"fusion-text fusion-text-10 fusion-text-no-margin\" style=\"--awb-margin-bottom:24px;\"><p>In den sp\u00e4ten 1950ern avancierte Peter Kraus zum Idol einer ganzen Generation. Mit Hits, Filmen und ausverkauften Konzerten pr\u00e4gte er das Bild des jugendlichen Rock \u2019n\u2019 Rollers im deutschsprachigen Raum nachhaltig.<\/p>\n<p>Er brachte:<\/p>\n<p><strong>\u2022 Bewegung auf die B\u00fchnen,<\/strong><br \/>\n<strong>\u2022 Lockerheit in die Unterhaltungsmusik,<\/strong><br \/>\n<strong>\u2022 und eine neue Freiheit in die deutsche Popkultur.<\/strong><\/p>\n<p>Bis heute gilt er als eine der pr\u00e4genden Pers\u00f6nlichkeiten der deutschen Musikgeschichte \u2013 nicht nur wegen seiner Erfolge, sondern weil er eine musikalische T\u00fcr aufgesto\u00dfen hat, durch die viele weitere K\u00fcnstler gegangen sind.<\/p>\n<\/div><\/div><\/div><\/div><\/div><section class=\"fusion-fullwidth fullwidth-box fusion-builder-row-6 fusion-flex-container has-pattern-background has-mask-background mys-remove-bg nonhundred-percent-fullwidth non-hundred-percent-height-scrolling\" style=\"--awb-border-radius-top-left:0px;--awb-border-radius-top-right:0px;--awb-border-radius-bottom-right:0px;--awb-border-radius-bottom-left:0px;--awb-margin-top:50px;--awb-margin-bottom:50px;--awb-margin-top-medium:25px;--awb-margin-bottom-medium:25px;--awb-margin-top-small:20px;--awb-margin-bottom-small:20px;--awb-flex-wrap:wrap;\" ><div class=\"fusion-builder-row fusion-row fusion-flex-align-items-flex-start fusion-flex-content-wrap\" style=\"max-width:1364.48px;margin-left: calc(-4% \/ 2 );margin-right: calc(-4% \/ 2 );\"><div class=\"fusion-layout-column fusion_builder_column fusion-builder-column-9 fusion_builder_column_1_2 1_2 fusion-flex-column fusion-flex-align-self-stretch\" style=\"--awb-bg-size:cover;--awb-width-large:50%;--awb-margin-top-large:0px;--awb-spacing-right-large:0px;--awb-margin-bottom-large:0px;--awb-spacing-left-large:3.84%;--awb-width-medium:100%;--awb-order-medium:0;--awb-spacing-right-medium:0px;--awb-spacing-left-medium:1.92%;--awb-width-small:100%;--awb-order-small:0;--awb-spacing-right-small:1.92%;--awb-spacing-left-small:1.92%;\"><div class=\"fusion-column-wrapper fusion-column-has-shadow fusion-flex-justify-content-flex-start fusion-content-layout-column\"><div class=\"fusion-title title fusion-title-5 fusion-sep-none fusion-title-text fusion-title-size-three\" style=\"--awb-text-color:var(--awb-color1);--awb-margin-top:0px;--awb-margin-right:0px;--awb-margin-bottom:24px;--awb-margin-left:0px;--awb-margin-top-small:0px;--awb-margin-right-small:0px;--awb-margin-bottom-small:15px;--awb-margin-left-small:0px;--awb-font-size:40px;\"><h3 class=\"fusion-title-heading title-heading-left fusion-responsive-typography-calculated\" style=\"font-family:&quot;Cabin&quot;;font-style:normal;font-weight:400;margin:0;font-size:1em;--fontSize:40;line-height:1.25;\">Zwei Generationen, eine B\u00fchne: Peter &amp; Mike Kraus<\/h3><\/div><div class=\"fusion-text fusion-text-11 fusion-text-no-margin\" style=\"--awb-margin-bottom:24px;\"><p>Was einst als Solokarriere begann, wird nun zu einer besonderen Vater-Sohn-Geschichte: Gemeinsam mit seinem Sohn <strong>Mike Kraus<\/strong> schl\u00e4gt Peter Kraus ein neues Kapitel auf.<\/p>\n<p>Mike ist seit Jahren erfolgreich als Maler, Fotograf und Songwriter t\u00e4tig. Mit der gemeinsamen Duett-Single <strong>\u201eF\u00fcr immer vereint\u201c<\/strong> setzen beide ein emotionales Zeichen. Der Song handelt von Zeit, Verg\u00e4nglichkeit und Wertsch\u00e4tzung \u2013 Themen, die generationen\u00fcbergreifend ber\u00fchren.<\/p>\n<p>Gerade in einer schnelllebigen Zeit ist diese musikalische Verbindung etwas Besonderes:<br \/>\nEin Vater, der Musikgeschichte geschrieben hat.<br \/>\nEin Sohn, der seinen eigenen kreativen Weg gegangen ist.<br \/>\nUnd beide, die sich nun bewusst f\u00fcr eine gemeinsame B\u00fchne entscheiden.<\/p>\n<p>Das ist mehr als Nostalgie. Das ist gelebte musikalische Kontinuit\u00e4t.<\/p>\n<\/div><div class=\"fusion-title title fusion-title-6 fusion-sep-none fusion-title-text fusion-title-size-two\" style=\"--awb-text-color:var(--awb-color1);--awb-margin-top:0px;--awb-margin-right:0px;--awb-margin-bottom:30px;--awb-margin-left:0px;--awb-margin-top-small:0px;--awb-margin-right-small:0px;--awb-margin-bottom-small:15px;--awb-margin-left-small:0px;--awb-margin-bottom-medium:20px;--awb-font-size:48px;\"><h2 class=\"fusion-title-heading title-heading-left fusion-responsive-typography-calculated\" style=\"font-family:&quot;Cabin&quot;;font-style:normal;font-weight:400;margin:0;font-size:1em;--fontSize:48;line-height:1.13;\">LIVE HOCH 2 \u2013 Die gemeinsame Tour 2027<\/h2><\/div><div class=\"fusion-text fusion-text-12 fusion-text-no-margin\" style=\"--awb-margin-bottom:20px;\"><p>Mit <strong>\u201eLIVE HOCH 2\u201c<\/strong> gehen Peter und Mike Kraus 2027 erstmals gemeinsam auf Tour. Die exklusiven Konzerttermine versprechen einen Abend, der musikalisch wie emotional au\u00dfergew\u00f6hnlich wird.<\/p>\n<p>Das Publikum erwartet:<\/p>\n<ul>\n<li>Peters unvergessene Rock-\u2019n\u2019-Roll-Hits der 50er<\/li>\n<li>bewegende Duette von Vater und Sohn<\/li>\n<li>ehrliche, charmante Dialoge zwischen zwei Generationen<\/li>\n<li>pers\u00f6nliche Momente rund um ihre gemeinsame Single \u201eF\u00fcr immer vereint\u201c<\/li>\n<\/ul>\n<p>Hier treffen zwei musikalische Welten aufeinander \u2013 die Energie des Rock \u2019n\u2019 Roll und die reflektierte Tiefe eines modernen Songwriters.<\/p>\n<\/div><div class=\"fusion-text fusion-text-13 fusion-text-no-margin\" style=\"--awb-margin-bottom:20px;\"><p>\ud83d\udc49 <strong>Tickets gibt\u2019s nat\u00fcrlich bei <a href=\"https:\/\/www.myticket.de\/de\/peter-kraus-tickets\" target=\"_blank\" rel=\"noopener\"><img decoding=\"async\" class=\"lazyload alignnone\" style=\"margin-left: 5px; margin-top: 5px;\" src=\"data:image\/svg+xml,%3Csvg%20xmlns%3D%27http%3A%2F%2Fwww.w3.org%2F2000%2Fsvg%27%20width%3D%27157%27%20height%3D%2732%27%20viewBox%3D%270%200%20157%2032%27%3E%3Crect%20width%3D%27157%27%20height%3D%2732%27%20fill-opacity%3D%220%22%2F%3E%3C%2Fsvg%3E\" data-orig-src=\"\/de\/myspotlight\/app\/uploads\/2024\/07\/MYT-Logo-blue-new.svg\" alt=\"myTicket \" width=\"157\" height=\"32\" \/><\/a>!<\/strong><\/p>\n<\/div><\/div><\/div><div class=\"fusion-layout-column fusion_builder_column fusion-builder-column-10 fusion_builder_column_1_2 1_2 fusion-flex-column fusion-flex-align-self-stretch\" style=\"--awb-bg-size:cover;--awb-width-large:50%;--awb-margin-top-large:0px;--awb-spacing-right-large:3.84%;--awb-margin-bottom-large:50px;--awb-spacing-left-large:3.84%;--awb-width-medium:50%;--awb-order-medium:0;--awb-spacing-right-medium:3.84%;--awb-spacing-left-medium:3.84%;--awb-width-small:100%;--awb-order-small:0;--awb-spacing-right-small:1.92%;--awb-margin-bottom-small:25px;--awb-spacing-left-small:1.92%;\"><div class=\"fusion-column-wrapper fusion-column-has-shadow fusion-flex-justify-content-flex-start fusion-content-layout-column\"><div class=\"fusion-image-element \" style=\"text-align:center;--awb-caption-title-font-family:var(--h2_typography-font-family);--awb-caption-title-font-weight:var(--h2_typography-font-weight);--awb-caption-title-font-style:var(--h2_typography-font-style);--awb-caption-title-size:var(--h2_typography-font-size);--awb-caption-title-transform:var(--h2_typography-text-transform);--awb-caption-title-line-height:var(--h2_typography-line-height);--awb-caption-title-letter-spacing:var(--h2_typography-letter-spacing);\"><span class=\" fusion-imageframe imageframe-none imageframe-1 hover-type-zoomin mys-border--rounded-vert mys-border--rounded-vert--left mys-border--rounded-vert--interview\"><a class=\"fusion-no-lightbox\" href=\"https:\/\/www.myticket.de\/de\/peter-kraus-tickets\" target=\"_blank\" aria-label=\"KRAUS-LIVE-HOCH-2-588&#215;1000\" rel=\"noopener noreferrer\"><img decoding=\"async\" width=\"588\" height=\"1000\" alt=\"Mike Kraus &amp; Peter Kraus Live Hoch 2 Tickets sichern\" src=\"https:\/\/www.myticket.de\/de\/myspotlight\/app\/uploads\/2026\/03\/KRAUS-LIVE-HOCH-2-588x1000-1.jpg\" data-orig-src=\"https:\/\/www.myticket.de\/de\/myspotlight\/app\/uploads\/2026\/03\/KRAUS-LIVE-HOCH-2-588x1000-1.jpg\" class=\"lazyload img-responsive wp-image-3212\" srcset=\"data:image\/svg+xml,%3Csvg%20xmlns%3D%27http%3A%2F%2Fwww.w3.org%2F2000%2Fsvg%27%20width%3D%27588%27%20height%3D%271000%27%20viewBox%3D%270%200%20588%201000%27%3E%3Crect%20width%3D%27588%27%20height%3D%271000%27%20fill-opacity%3D%220%22%2F%3E%3C%2Fsvg%3E\" data-srcset=\"https:\/\/www.myticket.de\/de\/myspotlight\/app\/uploads\/2026\/03\/KRAUS-LIVE-HOCH-2-588x1000-1-200x340.jpg 200w, https:\/\/www.myticket.de\/de\/myspotlight\/app\/uploads\/2026\/03\/KRAUS-LIVE-HOCH-2-588x1000-1-400x680.jpg 400w, https:\/\/www.myticket.de\/de\/myspotlight\/app\/uploads\/2026\/03\/KRAUS-LIVE-HOCH-2-588x1000-1.jpg 588w\" data-sizes=\"auto\" data-orig-sizes=\"(max-width: 767px) 100vw, 588px\" \/><\/a><\/span><\/div><\/div><\/div><\/div><\/section><div class=\"fusion-fullwidth fullwidth-box fusion-builder-row-7 fusion-flex-container has-pattern-background has-mask-background nonhundred-percent-fullwidth non-hundred-percent-height-scrolling\" style=\"--awb-border-radius-top-left:0px;--awb-border-radius-top-right:0px;--awb-border-radius-bottom-right:0px;--awb-border-radius-bottom-left:0px;--awb-padding-top:50px;--awb-padding-top-medium:25px;--awb-padding-top-small:20px;--awb-flex-wrap:wrap;\" ><div class=\"fusion-builder-row fusion-row fusion-flex-align-items-flex-start fusion-flex-content-wrap\" style=\"max-width:1364.48px;margin-left: calc(-4% \/ 2 );margin-right: calc(-4% \/ 2 );\"><div class=\"fusion-layout-column fusion_builder_column fusion-builder-column-11 fusion_builder_column_1_1 1_1 fusion-flex-column\" style=\"--awb-bg-size:cover;--awb-width-large:100%;--awb-margin-top-large:0px;--awb-spacing-right-large:1.92%;--awb-margin-bottom-large:0px;--awb-spacing-left-large:1.92%;--awb-width-medium:100%;--awb-order-medium:0;--awb-spacing-right-medium:1.92%;--awb-spacing-left-medium:1.92%;--awb-width-small:100%;--awb-order-small:0;--awb-spacing-right-small:1.92%;--awb-spacing-left-small:1.92%;\"><div class=\"fusion-column-wrapper fusion-column-has-shadow fusion-flex-justify-content-flex-start fusion-content-layout-column\"><div class=\"fusion-title title fusion-title-7 fusion-sep-none fusion-title-center fusion-title-text fusion-title-size-paragraph\" style=\"--awb-text-color:var(--awb-color1);--awb-margin-top:0px;--awb-margin-right:0px;--awb-margin-bottom:50px;--awb-margin-left:0px;--awb-margin-top-small:0px;--awb-margin-right-small:0px;--awb-margin-bottom-small:20px;--awb-margin-left-small:0px;--awb-margin-bottom-medium:20px;--awb-font-size:40px;\"><p class=\"fusion-title-heading title-heading-center title-heading-tag fusion-responsive-typography-calculated\" style=\"font-family:var(--awb-typography1-font-family);font-weight:var(--awb-typography1-font-weight);font-style:var(--awb-typography1-font-style);margin:0;font-size:1em;--fontSize:40;line-height:1.25;\">Diese Artikel k\u00f6nnten Dich auch interessieren<\/p><\/div><div class=\"fusion-post-cards fusion-post-cards-1 fusion-grid-archive fusion-grid-columns-3\" style=\"--awb-column-spacing:25px;--awb-dots-align:center;--awb-columns:3;--awb-active-filter-border-size:3px;--awb-filters-height:36px;--awb-row-spacing:20px;\"><ul class=\"fusion-grid fusion-grid-3 fusion-flex-align-items-stretch fusion-grid-posts-cards\"><li class=\"fusion-layout-column fusion_builder_column fusion-builder-column-12 fusion-flex-column mys-postcard-post post-card fusion-grid-column fusion-post-cards-grid-column\" style=\"--awb-bg-color:var(--awb-color3);--awb-bg-color-hover:var(--awb-color3);--awb-bg-blend:overlay;--awb-bg-size:cover;--awb-border-color:var(--awb-custom_color_1);--awb-border-style:solid;\" data-scroll-devices=\"small-visibility,medium-visibility,large-visibility\"><div class=\"fusion-column-wrapper fusion-column-has-shadow fusion-flex-justify-content-flex-start fusion-content-layout-column\"><div class=\"fusion-image-element \" style=\"--awb-margin-bottom:15px;--awb-caption-title-font-family:var(--h2_typography-font-family);--awb-caption-title-font-weight:var(--h2_typography-font-weight);--awb-caption-title-font-style:var(--h2_typography-font-style);--awb-caption-title-size:var(--h2_typography-font-size);--awb-caption-title-transform:var(--h2_typography-text-transform);--awb-caption-title-line-height:var(--h2_typography-line-height);--awb-caption-title-letter-spacing:var(--h2_typography-letter-spacing);\"><span class=\" fusion-imageframe imageframe-none imageframe-2 hover-type-none\"><a class=\"fusion-no-lightbox\" href=\"https:\/\/www.myticket.de\/de\/myspotlight\/interview\/senna-gammours-toxisch-aber-suess-tour-geht-weiter-das-erwartet-dich\/\" target=\"_self\" aria-label=\"senna-gammour-tour-644&#215;398\"><img decoding=\"async\" width=\"644\" height=\"398\" alt=\"Senna Gammours \u201eToxisch, aber S\u00fc\u00df&#8220;-Tour geht weiter! Das erwartet Dich!\" src=\"https:\/\/www.myticket.de\/de\/myspotlight\/app\/uploads\/2025\/08\/senna-gammour-tour-644x398-1.png\" data-orig-src=\"https:\/\/www.myticket.de\/de\/myspotlight\/app\/uploads\/2025\/08\/senna-gammour-tour-644x398-1.png\" class=\"lazyload img-responsive wp-image-2859\" srcset=\"data:image\/svg+xml,%3Csvg%20xmlns%3D%27http%3A%2F%2Fwww.w3.org%2F2000%2Fsvg%27%20width%3D%27644%27%20height%3D%27398%27%20viewBox%3D%270%200%20644%20398%27%3E%3Crect%20width%3D%27644%27%20height%3D%27398%27%20fill-opacity%3D%220%22%2F%3E%3C%2Fsvg%3E\" data-srcset=\"https:\/\/www.myticket.de\/de\/myspotlight\/app\/uploads\/2025\/08\/senna-gammour-tour-644x398-1-200x124.png 200w, https:\/\/www.myticket.de\/de\/myspotlight\/app\/uploads\/2025\/08\/senna-gammour-tour-644x398-1-400x247.png 400w, https:\/\/www.myticket.de\/de\/myspotlight\/app\/uploads\/2025\/08\/senna-gammour-tour-644x398-1-600x371.png 600w, https:\/\/www.myticket.de\/de\/myspotlight\/app\/uploads\/2025\/08\/senna-gammour-tour-644x398-1.png 644w\" data-sizes=\"auto\" data-orig-sizes=\"(max-width: 767px) 100vw, 644px\" \/><\/a><\/span><\/div><div class=\"fusion-title title fusion-title-8 fusion-sep-none fusion-title-text fusion-title-size-div mys-color-ticket--post\" style=\"--awb-text-color:var(--awb-color3);--awb-margin-top:0px;--awb-margin-right:0px;--awb-margin-bottom:0px;--awb-margin-left:0px;--awb-margin-top-small:0px;--awb-margin-right-small:0px;--awb-margin-bottom-small:0px;--awb-margin-left-small:0px;--awb-link-color:var(--awb-color3);--awb-link-hover-color:var(--awb-color3);--awb-font-size:18px;\"><div class=\"fusion-title-heading title-heading-left title-heading-tag fusion-responsive-typography-calculated\" style=\"font-family:&quot;Cabin&quot;;font-style:normal;font-weight:600;margin:0;font-size:1em;--fontSize:18;--minFontSize:18;line-height:1.33;\"><a href=\"https:\/\/www.myticket.de\/de\/myspotlight\/interview\/senna-gammours-toxisch-aber-suess-tour-geht-weiter-das-erwartet-dich\/\" class=\"awb-custom-text-color awb-custom-text-hover-color\" target=\"_self\"><a href=\"https:\/\/www.myticket.de\/de\/myspotlight\/category\/interview\/\" title=\"Interview\">Interview<\/a><\/a><\/div><\/div><div class=\"fusion-builder-row fusion-builder-row-inner fusion-row fusion-flex-align-items-flex-start fusion-flex-content-wrap\" style=\"width:104% !important;max-width:104% !important;margin-left: calc(-4% \/ 2 );margin-right: calc(-4% \/ 2 );\"><div class=\"fusion-layout-column fusion_builder_column_inner fusion-builder-nested-column-0 fusion_builder_column_inner_1_6 1_6 fusion-flex-column fusion-flex-align-self-stretch fusion-column-inner-bg-wrapper\" style=\"--awb-padding-bottom-small:0px;--awb-padding-left-small:12px;--awb-inner-bg-size:cover;--awb-width-large:16.666666666667%;--awb-margin-top-large:0px;--awb-spacing-right-large:11.52%;--awb-margin-bottom-large:0px;--awb-spacing-left-large:11.52%;--awb-width-medium:16.666666666667%;--awb-order-medium:0;--awb-spacing-right-medium:11.52%;--awb-spacing-left-medium:11.52%;--awb-width-small:20%;--awb-order-small:0;--awb-spacing-right-small:9.6%;--awb-margin-bottom-small:0;--awb-spacing-left-small:9.6%;\" data-scroll-devices=\"small-visibility,medium-visibility,large-visibility\"><span class=\"fusion-column-inner-bg hover-type-none\"><a class=\"fusion-column-anchor\" href=\"https:\/\/www.myticket.de\/de\/myspotlight\/interview\/senna-gammours-toxisch-aber-suess-tour-geht-weiter-das-erwartet-dich\/\"><span class=\"fusion-column-inner-bg-image\"><\/span><\/a><\/span><div class=\"fusion-column-wrapper fusion-column-has-shadow fusion-flex-justify-content-flex-start fusion-content-layout-column\"><div class=\"fusion-text fusion-text-14 fusion-text-no-margin\" style=\"--awb-content-alignment:center;--awb-font-size:24px;--awb-text-color:var(--awb-color7);--awb-text-font-family:var(--awb-typography3-font-family);--awb-text-font-weight:var(--awb-typography3-font-weight);--awb-text-font-style:var(--awb-typography3-font-style);\"><p>05<\/p>\n<\/div><div class=\"fusion-separator\" style=\"align-self: center;margin-left: auto;margin-right: auto;margin-top:0px;margin-bottom:2px;width:100%;max-width:35px;\"><div class=\"fusion-separator-border sep-single sep-solid\" style=\"--awb-height:20px;--awb-amount:20px;--awb-sep-color:var(--awb-color7);border-color:var(--awb-color7);border-top-width:1px;\"><\/div><\/div><div class=\"fusion-text fusion-text-15 mys-truncate\" style=\"--awb-content-alignment:center;--awb-font-size:18px;--awb-line-height:24px;--awb-text-color:var(--awb-custom_color_2);--awb-text-font-family:&quot;Cabin&quot;;--awb-text-font-style:normal;--awb-text-font-weight:600;\"><p>Aug<\/p>\n<\/div><\/div><\/div><div class=\"fusion-layout-column fusion_builder_column_inner fusion-builder-nested-column-1 fusion_builder_column_inner_5_6 5_6 fusion-flex-column fusion-flex-align-self-stretch\" style=\"--awb-padding-right-small:10px;--awb-bg-size:cover;--awb-width-large:83.333333333333%;--awb-margin-top-large:0px;--awb-spacing-right-large:2.304%;--awb-margin-bottom-large:0px;--awb-spacing-left-large:2.304%;--awb-width-medium:83.333333333333%;--awb-order-medium:0;--awb-spacing-right-medium:2.304%;--awb-spacing-left-medium:2.304%;--awb-width-small:80%;--awb-order-small:0;--awb-spacing-right-small:2.4%;--awb-spacing-left-small:2.4%;\" data-scroll-devices=\"small-visibility,medium-visibility,large-visibility\"><div class=\"fusion-column-wrapper fusion-column-has-shadow fusion-flex-justify-content-flex-start fusion-content-layout-column\"><div class=\"fusion-meta-tb fusion-meta-tb-1 stacked\" style=\"--awb-height:36px;--awb-font-size:16px;--awb-padding-top:6px;--awb-text-color:var(--awb-color7);--awb-link-color:var(--awb-color7);--awb-text-hover-color:var(--awb-color7);--awb-background-color:var(--awb-color3);--awb-alignment-medium:flex-start;--awb-alignment-small:flex-start;\"><span class=\"fusion-tb-tags\"><a href=\"https:\/\/www.myticket.de\/de\/myspotlight\/tag\/interview\/\" rel=\"tag\">#interview<\/a>, <a href=\"https:\/\/www.myticket.de\/de\/myspotlight\/tag\/musik\/\" rel=\"tag\">#musik<\/a>, <a href=\"https:\/\/www.myticket.de\/de\/myspotlight\/tag\/ratgeber\/\" rel=\"tag\">#ratgeber<\/a>, <a href=\"https:\/\/www.myticket.de\/de\/myspotlight\/tag\/sennagammour\/\" rel=\"tag\">#sennagammour<\/a><\/span><span class=\"fusion-meta-tb-sep\"><\/span><\/div><div class=\"fusion-title title fusion-title-9 fusion-sep-none fusion-title-text fusion-title-size-paragraph\" style=\"--awb-text-color:var(--awb-color8);--awb-margin-top:0px;--awb-margin-right:0px;--awb-margin-bottom:15px;--awb-margin-left:0px;--awb-margin-top-small:0px;--awb-margin-right-small:0px;--awb-margin-bottom-small:0px;--awb-margin-left-small:0px;--awb-link-color:var(--awb-color8);--awb-link-hover-color:var(--awb-color8);--awb-font-size:18px;\"><p class=\"fusion-title-heading title-heading-left title-heading-tag fusion-responsive-typography-calculated\" style=\"font-family:&quot;Cabin&quot;;font-style:normal;font-weight:500;margin:0;font-size:1em;--fontSize:18;--minFontSize:18;line-height:1.33;\"><a href=\"https:\/\/www.myticket.de\/de\/myspotlight\/interview\/senna-gammours-toxisch-aber-suess-tour-geht-weiter-das-erwartet-dich\/\" class=\"awb-custom-text-color awb-custom-text-hover-color\" target=\"_self\">Senna Gammours \u201eToxisch, aber S\u00fc\u00df&#8220;-Tour geht weiter! Das erwartet Dich!<\/a><\/p><\/div><\/div><\/div><\/div><\/div><\/li>\n<li class=\"fusion-layout-column fusion_builder_column fusion-builder-column-13 fusion-flex-column mys-postcard-post post-card fusion-grid-column fusion-post-cards-grid-column\" style=\"--awb-bg-color:var(--awb-color3);--awb-bg-color-hover:var(--awb-color3);--awb-bg-blend:overlay;--awb-bg-size:cover;--awb-border-color:var(--awb-custom_color_1);--awb-border-style:solid;\" data-scroll-devices=\"small-visibility,medium-visibility,large-visibility\"><div class=\"fusion-column-wrapper fusion-column-has-shadow fusion-flex-justify-content-flex-start fusion-content-layout-column\"><div class=\"fusion-image-element \" style=\"--awb-margin-bottom:15px;--awb-caption-title-font-family:var(--h2_typography-font-family);--awb-caption-title-font-weight:var(--h2_typography-font-weight);--awb-caption-title-font-style:var(--h2_typography-font-style);--awb-caption-title-size:var(--h2_typography-font-size);--awb-caption-title-transform:var(--h2_typography-text-transform);--awb-caption-title-line-height:var(--h2_typography-line-height);--awb-caption-title-letter-spacing:var(--h2_typography-letter-spacing);\"><span class=\" fusion-imageframe imageframe-none imageframe-3 hover-type-none\"><a class=\"fusion-no-lightbox\" href=\"https:\/\/www.myticket.de\/de\/myspotlight\/interview\/belinda-davids-im-interview-queen-of-love-songs\/\" target=\"_self\" aria-label=\"belinda-davids-644&#215;398\"><img decoding=\"async\" width=\"644\" height=\"398\" alt=\"Belinda Davids im Interview: Queen of Love Songs\" src=\"https:\/\/www.myticket.de\/de\/myspotlight\/app\/uploads\/2025\/02\/belinda-davids-644x398-1.jpg\" data-orig-src=\"https:\/\/www.myticket.de\/de\/myspotlight\/app\/uploads\/2025\/02\/belinda-davids-644x398-1.jpg\" class=\"lazyload img-responsive wp-image-2321\" srcset=\"data:image\/svg+xml,%3Csvg%20xmlns%3D%27http%3A%2F%2Fwww.w3.org%2F2000%2Fsvg%27%20width%3D%27644%27%20height%3D%27398%27%20viewBox%3D%270%200%20644%20398%27%3E%3Crect%20width%3D%27644%27%20height%3D%27398%27%20fill-opacity%3D%220%22%2F%3E%3C%2Fsvg%3E\" data-srcset=\"https:\/\/www.myticket.de\/de\/myspotlight\/app\/uploads\/2025\/02\/belinda-davids-644x398-1-200x124.jpg 200w, https:\/\/www.myticket.de\/de\/myspotlight\/app\/uploads\/2025\/02\/belinda-davids-644x398-1-400x247.jpg 400w, https:\/\/www.myticket.de\/de\/myspotlight\/app\/uploads\/2025\/02\/belinda-davids-644x398-1-600x371.jpg 600w, https:\/\/www.myticket.de\/de\/myspotlight\/app\/uploads\/2025\/02\/belinda-davids-644x398-1.jpg 644w\" data-sizes=\"auto\" data-orig-sizes=\"(max-width: 767px) 100vw, 644px\" \/><\/a><\/span><\/div><div class=\"fusion-title title fusion-title-10 fusion-sep-none fusion-title-text fusion-title-size-div mys-color-ticket--post\" style=\"--awb-text-color:var(--awb-color3);--awb-margin-top:0px;--awb-margin-right:0px;--awb-margin-bottom:0px;--awb-margin-left:0px;--awb-margin-top-small:0px;--awb-margin-right-small:0px;--awb-margin-bottom-small:0px;--awb-margin-left-small:0px;--awb-link-color:var(--awb-color3);--awb-link-hover-color:var(--awb-color3);--awb-font-size:18px;\"><div class=\"fusion-title-heading title-heading-left title-heading-tag fusion-responsive-typography-calculated\" style=\"font-family:&quot;Cabin&quot;;font-style:normal;font-weight:600;margin:0;font-size:1em;--fontSize:18;--minFontSize:18;line-height:1.33;\"><a href=\"https:\/\/www.myticket.de\/de\/myspotlight\/interview\/belinda-davids-im-interview-queen-of-love-songs\/\" class=\"awb-custom-text-color awb-custom-text-hover-color\" target=\"_self\"><a href=\"https:\/\/www.myticket.de\/de\/myspotlight\/category\/interview\/\" title=\"Interview\">Interview<\/a><\/a><\/div><\/div><div class=\"fusion-builder-row fusion-builder-row-inner fusion-row fusion-flex-align-items-flex-start fusion-flex-content-wrap\" style=\"width:104% !important;max-width:104% !important;margin-left: calc(-4% \/ 2 );margin-right: calc(-4% \/ 2 );\"><div class=\"fusion-layout-column fusion_builder_column_inner fusion-builder-nested-column-2 fusion_builder_column_inner_1_6 1_6 fusion-flex-column fusion-flex-align-self-stretch fusion-column-inner-bg-wrapper\" style=\"--awb-padding-bottom-small:0px;--awb-padding-left-small:12px;--awb-inner-bg-size:cover;--awb-width-large:16.666666666667%;--awb-margin-top-large:0px;--awb-spacing-right-large:11.52%;--awb-margin-bottom-large:0px;--awb-spacing-left-large:11.52%;--awb-width-medium:16.666666666667%;--awb-order-medium:0;--awb-spacing-right-medium:11.52%;--awb-spacing-left-medium:11.52%;--awb-width-small:20%;--awb-order-small:0;--awb-spacing-right-small:9.6%;--awb-margin-bottom-small:0;--awb-spacing-left-small:9.6%;\" data-scroll-devices=\"small-visibility,medium-visibility,large-visibility\"><span class=\"fusion-column-inner-bg hover-type-none\"><a class=\"fusion-column-anchor\" href=\"https:\/\/www.myticket.de\/de\/myspotlight\/interview\/belinda-davids-im-interview-queen-of-love-songs\/\"><span class=\"fusion-column-inner-bg-image\"><\/span><\/a><\/span><div class=\"fusion-column-wrapper fusion-column-has-shadow fusion-flex-justify-content-flex-start fusion-content-layout-column\"><div class=\"fusion-text fusion-text-16 fusion-text-no-margin\" style=\"--awb-content-alignment:center;--awb-font-size:24px;--awb-text-color:var(--awb-color7);--awb-text-font-family:var(--awb-typography3-font-family);--awb-text-font-weight:var(--awb-typography3-font-weight);--awb-text-font-style:var(--awb-typography3-font-style);\"><p>14<\/p>\n<\/div><div class=\"fusion-separator\" style=\"align-self: center;margin-left: auto;margin-right: auto;margin-top:0px;margin-bottom:2px;width:100%;max-width:35px;\"><div class=\"fusion-separator-border sep-single sep-solid\" style=\"--awb-height:20px;--awb-amount:20px;--awb-sep-color:var(--awb-color7);border-color:var(--awb-color7);border-top-width:1px;\"><\/div><\/div><div class=\"fusion-text fusion-text-17 mys-truncate\" style=\"--awb-content-alignment:center;--awb-font-size:18px;--awb-line-height:24px;--awb-text-color:var(--awb-custom_color_2);--awb-text-font-family:&quot;Cabin&quot;;--awb-text-font-style:normal;--awb-text-font-weight:600;\"><p>Feb<\/p>\n<\/div><\/div><\/div><div class=\"fusion-layout-column fusion_builder_column_inner fusion-builder-nested-column-3 fusion_builder_column_inner_5_6 5_6 fusion-flex-column fusion-flex-align-self-stretch\" style=\"--awb-padding-right-small:10px;--awb-bg-size:cover;--awb-width-large:83.333333333333%;--awb-margin-top-large:0px;--awb-spacing-right-large:2.304%;--awb-margin-bottom-large:0px;--awb-spacing-left-large:2.304%;--awb-width-medium:83.333333333333%;--awb-order-medium:0;--awb-spacing-right-medium:2.304%;--awb-spacing-left-medium:2.304%;--awb-width-small:80%;--awb-order-small:0;--awb-spacing-right-small:2.4%;--awb-spacing-left-small:2.4%;\" data-scroll-devices=\"small-visibility,medium-visibility,large-visibility\"><div class=\"fusion-column-wrapper fusion-column-has-shadow fusion-flex-justify-content-flex-start fusion-content-layout-column\"><div class=\"fusion-meta-tb fusion-meta-tb-2 stacked\" style=\"--awb-height:36px;--awb-font-size:16px;--awb-padding-top:6px;--awb-text-color:var(--awb-color7);--awb-link-color:var(--awb-color7);--awb-text-hover-color:var(--awb-color7);--awb-background-color:var(--awb-color3);--awb-alignment-medium:flex-start;--awb-alignment-small:flex-start;\"><span class=\"fusion-tb-tags\"><a href=\"https:\/\/www.myticket.de\/de\/myspotlight\/tag\/belindadavids\/\" rel=\"tag\">#belindadavids<\/a>, <a href=\"https:\/\/www.myticket.de\/de\/myspotlight\/tag\/interview\/\" rel=\"tag\">#interview<\/a>, <a href=\"https:\/\/www.myticket.de\/de\/myspotlight\/tag\/whitneyhouston\/\" rel=\"tag\">#whitneyhouston<\/a><\/span><span class=\"fusion-meta-tb-sep\"><\/span><\/div><div class=\"fusion-title title fusion-title-11 fusion-sep-none fusion-title-text fusion-title-size-paragraph\" style=\"--awb-text-color:var(--awb-color8);--awb-margin-top:0px;--awb-margin-right:0px;--awb-margin-bottom:15px;--awb-margin-left:0px;--awb-margin-top-small:0px;--awb-margin-right-small:0px;--awb-margin-bottom-small:0px;--awb-margin-left-small:0px;--awb-link-color:var(--awb-color8);--awb-link-hover-color:var(--awb-color8);--awb-font-size:18px;\"><p class=\"fusion-title-heading title-heading-left title-heading-tag fusion-responsive-typography-calculated\" style=\"font-family:&quot;Cabin&quot;;font-style:normal;font-weight:500;margin:0;font-size:1em;--fontSize:18;--minFontSize:18;line-height:1.33;\"><a href=\"https:\/\/www.myticket.de\/de\/myspotlight\/interview\/belinda-davids-im-interview-queen-of-love-songs\/\" class=\"awb-custom-text-color awb-custom-text-hover-color\" target=\"_self\">Belinda Davids im Interview: Queen of Love Songs<\/a><\/p><\/div><\/div><\/div><\/div><\/div><\/li>\n<li class=\"fusion-layout-column fusion_builder_column fusion-builder-column-14 fusion-flex-column mys-postcard-post post-card fusion-grid-column fusion-post-cards-grid-column\" style=\"--awb-bg-color:var(--awb-color3);--awb-bg-color-hover:var(--awb-color3);--awb-bg-blend:overlay;--awb-bg-size:cover;--awb-border-color:var(--awb-custom_color_1);--awb-border-style:solid;\" data-scroll-devices=\"small-visibility,medium-visibility,large-visibility\"><div class=\"fusion-column-wrapper fusion-column-has-shadow fusion-flex-justify-content-flex-start fusion-content-layout-column\"><div class=\"fusion-image-element \" style=\"--awb-margin-bottom:15px;--awb-caption-title-font-family:var(--h2_typography-font-family);--awb-caption-title-font-weight:var(--h2_typography-font-weight);--awb-caption-title-font-style:var(--h2_typography-font-style);--awb-caption-title-size:var(--h2_typography-font-size);--awb-caption-title-transform:var(--h2_typography-text-transform);--awb-caption-title-line-height:var(--h2_typography-line-height);--awb-caption-title-letter-spacing:var(--h2_typography-letter-spacing);\"><span class=\" fusion-imageframe imageframe-none imageframe-4 hover-type-none\"><a class=\"fusion-no-lightbox\" href=\"https:\/\/www.myticket.de\/de\/myspotlight\/interview\/lars-amend-im-interview\/\" target=\"_self\" aria-label=\"Lars-Amend-644&#215;398-2\"><img decoding=\"async\" width=\"644\" height=\"398\" alt=\"Lars Amend im Interview: Wer bin ich und wer will ich sein?\" src=\"https:\/\/www.myticket.de\/de\/myspotlight\/app\/uploads\/2024\/09\/Lars-Amend-644x398-2.jpg\" data-orig-src=\"https:\/\/www.myticket.de\/de\/myspotlight\/app\/uploads\/2024\/09\/Lars-Amend-644x398-2.jpg\" class=\"lazyload img-responsive wp-image-1876\" srcset=\"data:image\/svg+xml,%3Csvg%20xmlns%3D%27http%3A%2F%2Fwww.w3.org%2F2000%2Fsvg%27%20width%3D%27644%27%20height%3D%27398%27%20viewBox%3D%270%200%20644%20398%27%3E%3Crect%20width%3D%27644%27%20height%3D%27398%27%20fill-opacity%3D%220%22%2F%3E%3C%2Fsvg%3E\" data-srcset=\"https:\/\/www.myticket.de\/de\/myspotlight\/app\/uploads\/2024\/09\/Lars-Amend-644x398-2-200x124.jpg 200w, https:\/\/www.myticket.de\/de\/myspotlight\/app\/uploads\/2024\/09\/Lars-Amend-644x398-2-400x247.jpg 400w, https:\/\/www.myticket.de\/de\/myspotlight\/app\/uploads\/2024\/09\/Lars-Amend-644x398-2-600x371.jpg 600w, https:\/\/www.myticket.de\/de\/myspotlight\/app\/uploads\/2024\/09\/Lars-Amend-644x398-2.jpg 644w\" data-sizes=\"auto\" data-orig-sizes=\"(max-width: 767px) 100vw, 644px\" \/><\/a><\/span><\/div><div class=\"fusion-title title fusion-title-12 fusion-sep-none fusion-title-text fusion-title-size-div mys-color-ticket--post\" style=\"--awb-text-color:var(--awb-color3);--awb-margin-top:0px;--awb-margin-right:0px;--awb-margin-bottom:0px;--awb-margin-left:0px;--awb-margin-top-small:0px;--awb-margin-right-small:0px;--awb-margin-bottom-small:0px;--awb-margin-left-small:0px;--awb-link-color:var(--awb-color3);--awb-link-hover-color:var(--awb-color3);--awb-font-size:18px;\"><div class=\"fusion-title-heading title-heading-left title-heading-tag fusion-responsive-typography-calculated\" style=\"font-family:&quot;Cabin&quot;;font-style:normal;font-weight:600;margin:0;font-size:1em;--fontSize:18;--minFontSize:18;line-height:1.33;\"><a href=\"https:\/\/www.myticket.de\/de\/myspotlight\/interview\/lars-amend-im-interview\/\" class=\"awb-custom-text-color awb-custom-text-hover-color\" target=\"_self\"><a href=\"https:\/\/www.myticket.de\/de\/myspotlight\/category\/interview\/\" title=\"Interview\">Interview<\/a><\/a><\/div><\/div><div class=\"fusion-builder-row fusion-builder-row-inner fusion-row fusion-flex-align-items-flex-start fusion-flex-content-wrap\" style=\"width:104% !important;max-width:104% !important;margin-left: calc(-4% \/ 2 );margin-right: calc(-4% \/ 2 );\"><div class=\"fusion-layout-column fusion_builder_column_inner fusion-builder-nested-column-4 fusion_builder_column_inner_1_6 1_6 fusion-flex-column fusion-flex-align-self-stretch fusion-column-inner-bg-wrapper\" style=\"--awb-padding-bottom-small:0px;--awb-padding-left-small:12px;--awb-inner-bg-size:cover;--awb-width-large:16.666666666667%;--awb-margin-top-large:0px;--awb-spacing-right-large:11.52%;--awb-margin-bottom-large:0px;--awb-spacing-left-large:11.52%;--awb-width-medium:16.666666666667%;--awb-order-medium:0;--awb-spacing-right-medium:11.52%;--awb-spacing-left-medium:11.52%;--awb-width-small:20%;--awb-order-small:0;--awb-spacing-right-small:9.6%;--awb-margin-bottom-small:0;--awb-spacing-left-small:9.6%;\" data-scroll-devices=\"small-visibility,medium-visibility,large-visibility\"><span class=\"fusion-column-inner-bg hover-type-none\"><a class=\"fusion-column-anchor\" href=\"https:\/\/www.myticket.de\/de\/myspotlight\/interview\/lars-amend-im-interview\/\"><span class=\"fusion-column-inner-bg-image\"><\/span><\/a><\/span><div class=\"fusion-column-wrapper fusion-column-has-shadow fusion-flex-justify-content-flex-start fusion-content-layout-column\"><div class=\"fusion-text fusion-text-18 fusion-text-no-margin\" style=\"--awb-content-alignment:center;--awb-font-size:24px;--awb-text-color:var(--awb-color7);--awb-text-font-family:var(--awb-typography3-font-family);--awb-text-font-weight:var(--awb-typography3-font-weight);--awb-text-font-style:var(--awb-typography3-font-style);\"><p>13<\/p>\n<\/div><div class=\"fusion-separator\" style=\"align-self: center;margin-left: auto;margin-right: auto;margin-top:0px;margin-bottom:2px;width:100%;max-width:35px;\"><div class=\"fusion-separator-border sep-single sep-solid\" style=\"--awb-height:20px;--awb-amount:20px;--awb-sep-color:var(--awb-color7);border-color:var(--awb-color7);border-top-width:1px;\"><\/div><\/div><div class=\"fusion-text fusion-text-19 mys-truncate\" style=\"--awb-content-alignment:center;--awb-font-size:18px;--awb-line-height:24px;--awb-text-color:var(--awb-custom_color_2);--awb-text-font-family:&quot;Cabin&quot;;--awb-text-font-style:normal;--awb-text-font-weight:600;\"><p>Apr<\/p>\n<\/div><\/div><\/div><div class=\"fusion-layout-column fusion_builder_column_inner fusion-builder-nested-column-5 fusion_builder_column_inner_5_6 5_6 fusion-flex-column fusion-flex-align-self-stretch\" style=\"--awb-padding-right-small:10px;--awb-bg-size:cover;--awb-width-large:83.333333333333%;--awb-margin-top-large:0px;--awb-spacing-right-large:2.304%;--awb-margin-bottom-large:0px;--awb-spacing-left-large:2.304%;--awb-width-medium:83.333333333333%;--awb-order-medium:0;--awb-spacing-right-medium:2.304%;--awb-spacing-left-medium:2.304%;--awb-width-small:80%;--awb-order-small:0;--awb-spacing-right-small:2.4%;--awb-spacing-left-small:2.4%;\" data-scroll-devices=\"small-visibility,medium-visibility,large-visibility\"><div class=\"fusion-column-wrapper fusion-column-has-shadow fusion-flex-justify-content-flex-start fusion-content-layout-column\"><div class=\"fusion-meta-tb fusion-meta-tb-3 stacked\" style=\"--awb-height:36px;--awb-font-size:16px;--awb-padding-top:6px;--awb-text-color:var(--awb-color7);--awb-link-color:var(--awb-color7);--awb-text-hover-color:var(--awb-color7);--awb-background-color:var(--awb-color3);--awb-alignment-medium:flex-start;--awb-alignment-small:flex-start;\"><span class=\"fusion-tb-tags\"><a href=\"https:\/\/www.myticket.de\/de\/myspotlight\/tag\/interview\/\" rel=\"tag\">#interview<\/a>, <a href=\"https:\/\/www.myticket.de\/de\/myspotlight\/tag\/larsamend\/\" rel=\"tag\">#larsamend<\/a>, <a href=\"https:\/\/www.myticket.de\/de\/myspotlight\/tag\/musik\/\" rel=\"tag\">#musik<\/a>, <a href=\"https:\/\/www.myticket.de\/de\/myspotlight\/tag\/ratgeber\/\" rel=\"tag\">#ratgeber<\/a><\/span><span class=\"fusion-meta-tb-sep\"><\/span><\/div><div class=\"fusion-title title fusion-title-13 fusion-sep-none fusion-title-text fusion-title-size-paragraph\" style=\"--awb-text-color:var(--awb-color8);--awb-margin-top:0px;--awb-margin-right:0px;--awb-margin-bottom:15px;--awb-margin-left:0px;--awb-margin-top-small:0px;--awb-margin-right-small:0px;--awb-margin-bottom-small:0px;--awb-margin-left-small:0px;--awb-link-color:var(--awb-color8);--awb-link-hover-color:var(--awb-color8);--awb-font-size:18px;\"><p class=\"fusion-title-heading title-heading-left title-heading-tag fusion-responsive-typography-calculated\" style=\"font-family:&quot;Cabin&quot;;font-style:normal;font-weight:500;margin:0;font-size:1em;--fontSize:18;--minFontSize:18;line-height:1.33;\"><a href=\"https:\/\/www.myticket.de\/de\/myspotlight\/interview\/lars-amend-im-interview\/\" class=\"awb-custom-text-color awb-custom-text-hover-color\" target=\"_self\">Lars Amend im Interview: Wer bin ich und wer will ich sein?<\/a><\/p><\/div><\/div><\/div><\/div><\/div><\/li>\n<\/ul><\/div><\/div><\/div><\/div><\/div><\/p>\n","protected":false},"excerpt":{"rendered":"","protected":false},"author":2,"featured_media":3214,"comment_status":"open","ping_status":"open","sticky":false,"template":"","format":"standard","meta":{"footnotes":""},"categories":[20],"tags":[116,115],"class_list":["post-3204","post","type-post","status-publish","format-standard","has-post-thumbnail","hentry","category-news-insider","tag-mikekraus","tag-peterkraus"],"yoast_head":"<!-- This site is optimized with the Yoast SEO plugin v25.8 - https:\/\/yoast.com\/wordpress\/plugins\/seo\/ -->\n<title>Peter Kraus \u2013 Der Mann, der dem deutschsprachigen Rock \u2019n\u2019 Roll eine Stimme gab - myticket myspotlight<\/title>\n<meta name=\"description\" content=\"Rock\u2019n\u2019Roll-Pionier Peter Kraus pr\u00e4gte die 50er wie kein anderer. 2027 geht er mit Sohn Mike Kraus auf \u201eLIVE HOCH 2\u201c-Tour.\" \/>\n<meta name=\"robots\" content=\"index, follow, max-snippet:-1, max-image-preview:large, max-video-preview:-1\" \/>\n<link rel=\"canonical\" href=\"https:\/\/www.myticket.de\/de\/myspotlight\/news-insider\/peter-kraus-der-mann-der-dem-deutschsprachigen-rock-n-roll-eine-stimme-gab\/\" \/>\n<meta property=\"og:locale\" content=\"de_DE\" \/>\n<meta property=\"og:type\" content=\"article\" \/>\n<meta property=\"og:title\" content=\"Peter Kraus \u2013 Der Mann, der dem deutschsprachigen Rock \u2019n\u2019 Roll eine Stimme gab - myticket myspotlight\" \/>\n<meta property=\"og:description\" content=\"Rock\u2019n\u2019Roll-Pionier Peter Kraus pr\u00e4gte die 50er wie kein anderer. 2027 geht er mit Sohn Mike Kraus auf \u201eLIVE HOCH 2\u201c-Tour.\" \/>\n<meta property=\"og:url\" content=\"https:\/\/www.myticket.de\/de\/myspotlight\/news-insider\/peter-kraus-der-mann-der-dem-deutschsprachigen-rock-n-roll-eine-stimme-gab\/\" \/>\n<meta property=\"og:site_name\" content=\"myticket myspotlight\" \/>\n<meta property=\"article:published_time\" content=\"2026-03-06T14:05:29+00:00\" \/>\n<meta property=\"article:modified_time\" content=\"2026-03-31T11:49:48+00:00\" \/>\n<meta property=\"og:image\" content=\"https:\/\/www.myticket.de\/de\/myspotlight\/app\/uploads\/2026\/03\/KRAUS-LIVE-HOCH-2-1440600.jpg\" \/>\n\t<meta property=\"og:image:width\" content=\"1440\" \/>\n\t<meta property=\"og:image:height\" content=\"600\" \/>\n\t<meta property=\"og:image:type\" content=\"image\/jpeg\" \/>\n<meta name=\"author\" content=\"Julia von myticket\" \/>\n<meta name=\"twitter:card\" content=\"summary_large_image\" \/>\n<meta name=\"twitter:label1\" content=\"Written by\" \/>\n\t<meta name=\"twitter:data1\" content=\"Julia von myticket\" \/>\n\t<meta name=\"twitter:label2\" content=\"Est. reading time\" \/>\n\t<meta name=\"twitter:data2\" content=\"5 Minuten\" \/>\n<script type=\"application\/ld+json\" class=\"yoast-schema-graph\">{\"@context\":\"https:\/\/schema.org\",\"@graph\":[{\"@type\":\"WebPage\",\"@id\":\"https:\/\/www.myticket.de\/de\/myspotlight\/news-insider\/peter-kraus-der-mann-der-dem-deutschsprachigen-rock-n-roll-eine-stimme-gab\/\",\"url\":\"https:\/\/www.myticket.de\/de\/myspotlight\/news-insider\/peter-kraus-der-mann-der-dem-deutschsprachigen-rock-n-roll-eine-stimme-gab\/\",\"name\":\"Peter Kraus \u2013 Der Mann, der dem deutschsprachigen Rock \u2019n\u2019 Roll eine Stimme gab - myticket myspotlight\",\"isPartOf\":{\"@id\":\"https:\/\/myspotlight.myticket.de\/#website\"},\"primaryImageOfPage\":{\"@id\":\"https:\/\/www.myticket.de\/de\/myspotlight\/news-insider\/peter-kraus-der-mann-der-dem-deutschsprachigen-rock-n-roll-eine-stimme-gab\/#primaryimage\"},\"image\":{\"@id\":\"https:\/\/www.myticket.de\/de\/myspotlight\/news-insider\/peter-kraus-der-mann-der-dem-deutschsprachigen-rock-n-roll-eine-stimme-gab\/#primaryimage\"},\"thumbnailUrl\":\"https:\/\/www.myticket.de\/de\/myspotlight\/app\/uploads\/2026\/03\/KRAUS-LIVE-HOCH-2-1440600.jpg\",\"datePublished\":\"2026-03-06T14:05:29+00:00\",\"dateModified\":\"2026-03-31T11:49:48+00:00\",\"author\":{\"@id\":\"https:\/\/myspotlight.myticket.de\/#\/schema\/person\/7b85c269fc3fcb11b189fc4ef76cc808\"},\"description\":\"Rock\u2019n\u2019Roll-Pionier Peter Kraus pr\u00e4gte die 50er wie kein anderer. 2027 geht er mit Sohn Mike Kraus auf \u201eLIVE HOCH 2\u201c-Tour.\",\"breadcrumb\":{\"@id\":\"https:\/\/www.myticket.de\/de\/myspotlight\/news-insider\/peter-kraus-der-mann-der-dem-deutschsprachigen-rock-n-roll-eine-stimme-gab\/#breadcrumb\"},\"inLanguage\":\"de-DE\",\"potentialAction\":[{\"@type\":\"ReadAction\",\"target\":[\"https:\/\/www.myticket.de\/de\/myspotlight\/news-insider\/peter-kraus-der-mann-der-dem-deutschsprachigen-rock-n-roll-eine-stimme-gab\/\"]}]},{\"@type\":\"ImageObject\",\"inLanguage\":\"de-DE\",\"@id\":\"https:\/\/www.myticket.de\/de\/myspotlight\/news-insider\/peter-kraus-der-mann-der-dem-deutschsprachigen-rock-n-roll-eine-stimme-gab\/#primaryimage\",\"url\":\"https:\/\/www.myticket.de\/de\/myspotlight\/app\/uploads\/2026\/03\/KRAUS-LIVE-HOCH-2-1440600.jpg\",\"contentUrl\":\"https:\/\/www.myticket.de\/de\/myspotlight\/app\/uploads\/2026\/03\/KRAUS-LIVE-HOCH-2-1440600.jpg\",\"width\":1440,\"height\":600,\"caption\":\"Mike Kraus & Peter Kraus\"},{\"@type\":\"BreadcrumbList\",\"@id\":\"https:\/\/www.myticket.de\/de\/myspotlight\/news-insider\/peter-kraus-der-mann-der-dem-deutschsprachigen-rock-n-roll-eine-stimme-gab\/#breadcrumb\",\"itemListElement\":[{\"@type\":\"ListItem\",\"position\":1,\"name\":\"Home\",\"item\":\"https:\/\/www.myticket.de\/de\/myspotlight\/\"},{\"@type\":\"ListItem\",\"position\":2,\"name\":\"Peter Kraus \u2013 Der Mann, der dem deutschsprachigen Rock \u2019n\u2019 Roll eine Stimme gab\"}]},{\"@type\":\"WebSite\",\"@id\":\"https:\/\/myspotlight.myticket.de\/#website\",\"url\":\"https:\/\/myspotlight.myticket.de\/\",\"name\":\"myticket myspotlight\",\"description\":\"\",\"alternateName\":\"myspotlight\",\"potentialAction\":[{\"@type\":\"SearchAction\",\"target\":{\"@type\":\"EntryPoint\",\"urlTemplate\":\"https:\/\/myspotlight.myticket.de\/?s={search_term_string}\"},\"query-input\":{\"@type\":\"PropertyValueSpecification\",\"valueRequired\":true,\"valueName\":\"search_term_string\"}}],\"inLanguage\":\"de-DE\"},{\"@type\":\"Person\",\"@id\":\"https:\/\/myspotlight.myticket.de\/#\/schema\/person\/7b85c269fc3fcb11b189fc4ef76cc808\",\"name\":\"Julia von myticket\",\"image\":{\"@type\":\"ImageObject\",\"inLanguage\":\"de-DE\",\"@id\":\"https:\/\/myspotlight.myticket.de\/#\/schema\/person\/image\/\",\"url\":\"https:\/\/secure.gravatar.com\/avatar\/601bcf99b97d84d7b361984486a63b64ab70e4e9b6c5b280e27fa90a2a9ca3c9?s=96&d=mm&r=g\",\"contentUrl\":\"https:\/\/secure.gravatar.com\/avatar\/601bcf99b97d84d7b361984486a63b64ab70e4e9b6c5b280e27fa90a2a9ca3c9?s=96&d=mm&r=g\",\"caption\":\"Julia von myticket\"},\"url\":\"https:\/\/www.myticket.de\/de\/myspotlight\/author\/julia-schmuck\/\"}]}<\/script>\n<!-- \/ Yoast SEO plugin. -->","yoast_head_json":{"title":"Peter Kraus \u2013 Der Mann, der dem deutschsprachigen Rock \u2019n\u2019 Roll eine Stimme gab - myticket myspotlight","description":"Rock\u2019n\u2019Roll-Pionier Peter Kraus pr\u00e4gte die 50er wie kein anderer. 2027 geht er mit Sohn Mike Kraus auf \u201eLIVE HOCH 2\u201c-Tour.","robots":{"index":"index","follow":"follow","max-snippet":"max-snippet:-1","max-image-preview":"max-image-preview:large","max-video-preview":"max-video-preview:-1"},"canonical":"https:\/\/www.myticket.de\/de\/myspotlight\/news-insider\/peter-kraus-der-mann-der-dem-deutschsprachigen-rock-n-roll-eine-stimme-gab\/","og_locale":"de_DE","og_type":"article","og_title":"Peter Kraus \u2013 Der Mann, der dem deutschsprachigen Rock \u2019n\u2019 Roll eine Stimme gab - myticket myspotlight","og_description":"Rock\u2019n\u2019Roll-Pionier Peter Kraus pr\u00e4gte die 50er wie kein anderer. 2027 geht er mit Sohn Mike Kraus auf \u201eLIVE HOCH 2\u201c-Tour.","og_url":"https:\/\/www.myticket.de\/de\/myspotlight\/news-insider\/peter-kraus-der-mann-der-dem-deutschsprachigen-rock-n-roll-eine-stimme-gab\/","og_site_name":"myticket myspotlight","article_published_time":"2026-03-06T14:05:29+00:00","article_modified_time":"2026-03-31T11:49:48+00:00","og_image":[{"width":1440,"height":600,"url":"https:\/\/www.myticket.de\/de\/myspotlight\/app\/uploads\/2026\/03\/KRAUS-LIVE-HOCH-2-1440600.jpg","type":"image\/jpeg"}],"author":"Julia von myticket","twitter_card":"summary_large_image","twitter_misc":{"Written by":"Julia von myticket","Est. reading time":"5 Minuten"},"schema":{"@context":"https:\/\/schema.org","@graph":[{"@type":"WebPage","@id":"https:\/\/www.myticket.de\/de\/myspotlight\/news-insider\/peter-kraus-der-mann-der-dem-deutschsprachigen-rock-n-roll-eine-stimme-gab\/","url":"https:\/\/www.myticket.de\/de\/myspotlight\/news-insider\/peter-kraus-der-mann-der-dem-deutschsprachigen-rock-n-roll-eine-stimme-gab\/","name":"Peter Kraus \u2013 Der Mann, der dem deutschsprachigen Rock \u2019n\u2019 Roll eine Stimme gab - myticket myspotlight","isPartOf":{"@id":"https:\/\/myspotlight.myticket.de\/#website"},"primaryImageOfPage":{"@id":"https:\/\/www.myticket.de\/de\/myspotlight\/news-insider\/peter-kraus-der-mann-der-dem-deutschsprachigen-rock-n-roll-eine-stimme-gab\/#primaryimage"},"image":{"@id":"https:\/\/www.myticket.de\/de\/myspotlight\/news-insider\/peter-kraus-der-mann-der-dem-deutschsprachigen-rock-n-roll-eine-stimme-gab\/#primaryimage"},"thumbnailUrl":"https:\/\/www.myticket.de\/de\/myspotlight\/app\/uploads\/2026\/03\/KRAUS-LIVE-HOCH-2-1440600.jpg","datePublished":"2026-03-06T14:05:29+00:00","dateModified":"2026-03-31T11:49:48+00:00","author":{"@id":"https:\/\/myspotlight.myticket.de\/#\/schema\/person\/7b85c269fc3fcb11b189fc4ef76cc808"},"description":"Rock\u2019n\u2019Roll-Pionier Peter Kraus pr\u00e4gte die 50er wie kein anderer. 2027 geht er mit Sohn Mike Kraus auf \u201eLIVE HOCH 2\u201c-Tour.","breadcrumb":{"@id":"https:\/\/www.myticket.de\/de\/myspotlight\/news-insider\/peter-kraus-der-mann-der-dem-deutschsprachigen-rock-n-roll-eine-stimme-gab\/#breadcrumb"},"inLanguage":"de-DE","potentialAction":[{"@type":"ReadAction","target":["https:\/\/www.myticket.de\/de\/myspotlight\/news-insider\/peter-kraus-der-mann-der-dem-deutschsprachigen-rock-n-roll-eine-stimme-gab\/"]}]},{"@type":"ImageObject","inLanguage":"de-DE","@id":"https:\/\/www.myticket.de\/de\/myspotlight\/news-insider\/peter-kraus-der-mann-der-dem-deutschsprachigen-rock-n-roll-eine-stimme-gab\/#primaryimage","url":"https:\/\/www.myticket.de\/de\/myspotlight\/app\/uploads\/2026\/03\/KRAUS-LIVE-HOCH-2-1440600.jpg","contentUrl":"https:\/\/www.myticket.de\/de\/myspotlight\/app\/uploads\/2026\/03\/KRAUS-LIVE-HOCH-2-1440600.jpg","width":1440,"height":600,"caption":"Mike Kraus & Peter Kraus"},{"@type":"BreadcrumbList","@id":"https:\/\/www.myticket.de\/de\/myspotlight\/news-insider\/peter-kraus-der-mann-der-dem-deutschsprachigen-rock-n-roll-eine-stimme-gab\/#breadcrumb","itemListElement":[{"@type":"ListItem","position":1,"name":"Home","item":"https:\/\/www.myticket.de\/de\/myspotlight\/"},{"@type":"ListItem","position":2,"name":"Peter Kraus \u2013 Der Mann, der dem deutschsprachigen Rock \u2019n\u2019 Roll eine Stimme gab"}]},{"@type":"WebSite","@id":"https:\/\/myspotlight.myticket.de\/#website","url":"https:\/\/myspotlight.myticket.de\/","name":"myticket myspotlight","description":"","alternateName":"myspotlight","potentialAction":[{"@type":"SearchAction","target":{"@type":"EntryPoint","urlTemplate":"https:\/\/myspotlight.myticket.de\/?s={search_term_string}"},"query-input":{"@type":"PropertyValueSpecification","valueRequired":true,"valueName":"search_term_string"}}],"inLanguage":"de-DE"},{"@type":"Person","@id":"https:\/\/myspotlight.myticket.de\/#\/schema\/person\/7b85c269fc3fcb11b189fc4ef76cc808","name":"Julia von myticket","image":{"@type":"ImageObject","inLanguage":"de-DE","@id":"https:\/\/myspotlight.myticket.de\/#\/schema\/person\/image\/","url":"https:\/\/secure.gravatar.com\/avatar\/601bcf99b97d84d7b361984486a63b64ab70e4e9b6c5b280e27fa90a2a9ca3c9?s=96&d=mm&r=g","contentUrl":"https:\/\/secure.gravatar.com\/avatar\/601bcf99b97d84d7b361984486a63b64ab70e4e9b6c5b280e27fa90a2a9ca3c9?s=96&d=mm&r=g","caption":"Julia von myticket"},"url":"https:\/\/www.myticket.de\/de\/myspotlight\/author\/julia-schmuck\/"}]}},"_links":{"self":[{"href":"https:\/\/www.myticket.de\/de\/myspotlight\/wp-json\/wp\/v2\/posts\/3204","targetHints":{"allow":["GET"]}}],"collection":[{"href":"https:\/\/www.myticket.de\/de\/myspotlight\/wp-json\/wp\/v2\/posts"}],"about":[{"href":"https:\/\/www.myticket.de\/de\/myspotlight\/wp-json\/wp\/v2\/types\/post"}],"author":[{"embeddable":true,"href":"https:\/\/www.myticket.de\/de\/myspotlight\/wp-json\/wp\/v2\/users\/2"}],"replies":[{"embeddable":true,"href":"https:\/\/www.myticket.de\/de\/myspotlight\/wp-json\/wp\/v2\/comments?post=3204"}],"version-history":[{"count":14,"href":"https:\/\/www.myticket.de\/de\/myspotlight\/wp-json\/wp\/v2\/posts\/3204\/revisions"}],"predecessor-version":[{"id":3354,"href":"https:\/\/www.myticket.de\/de\/myspotlight\/wp-json\/wp\/v2\/posts\/3204\/revisions\/3354"}],"wp:featuredmedia":[{"embeddable":true,"href":"https:\/\/www.myticket.de\/de\/myspotlight\/wp-json\/wp\/v2\/media\/3214"}],"wp:attachment":[{"href":"https:\/\/www.myticket.de\/de\/myspotlight\/wp-json\/wp\/v2\/media?parent=3204"}],"wp:term":[{"taxonomy":"category","embeddable":true,"href":"https:\/\/www.myticket.de\/de\/myspotlight\/wp-json\/wp\/v2\/categories?post=3204"},{"taxonomy":"post_tag","embeddable":true,"href":"https:\/\/www.myticket.de\/de\/myspotlight\/wp-json\/wp\/v2\/tags?post=3204"}],"curies":[{"name":"wp","href":"https:\/\/api.w.org\/{rel}","templated":true}]}}