{"id":2680,"date":"2025-07-17T14:04:10","date_gmt":"2025-07-17T14:04:10","guid":{"rendered":"https:\/\/www.myticket.de\/de\/myspotlight\/?p=2680"},"modified":"2025-07-22T12:12:11","modified_gmt":"2025-07-22T12:12:11","slug":"classic-open-air-2025-musik-trifft-magie-auf-dem-gendarmenmarkt","status":"publish","type":"post","link":"https:\/\/www.myticket.de\/de\/myspotlight\/news-insider\/classic-open-air-2025-musik-trifft-magie-auf-dem-gendarmenmarkt\/","title":{"rendered":"Classic Open Air 2025: Musik trifft Magie auf dem Gendarmenmarkt"},"content":{"rendered":"<p><div class=\"fusion-fullwidth fullwidth-box fusion-builder-row-1 fusion-flex-container has-pattern-background has-mask-background fusion-parallax-none nonhundred-percent-fullwidth non-hundred-percent-height-scrolling lazyload\" style=\"--awb-border-radius-top-left:0px;--awb-border-radius-top-right:0px;--awb-border-radius-bottom-right:0px;--awb-border-radius-bottom-left:0px;--awb-padding-bottom:52px;--awb-padding-bottom-medium:20px;--awb-padding-bottom-small:5px;--awb-min-height:650px;--awb-background-size:cover;--awb-flex-wrap:wrap;\" data-bg=\"https:\/\/www.myticket.de\/de\/myspotlight\/app\/uploads\/2025\/07\/classic-open-air-tour-2025-1440x600-1.jpg\" data-fusion-responsive-bg=\"1\" data-bg-small=\"https:\/\/www.myticket.de\/de\/myspotlight\/app\/uploads\/2025\/07\/classic-open-air-tour-2025-415x650-1.jpg\" ><div class=\"fusion-builder-row fusion-row fusion-flex-align-items-flex-end fusion-flex-justify-content-space-between fusion-flex-content-wrap\" style=\"max-width:1364.48px;margin-left: calc(-4% \/ 2 );margin-right: calc(-4% \/ 2 );\"><div class=\"fusion-layout-column fusion_builder_column fusion-builder-column-0 fusion_builder_column_1_1 1_1 fusion-flex-column fusion-flex-align-self-flex-end mys-color-ticket mys-hero--color-ticket\" style=\"--awb-z-index:2;--awb-padding-top:28px;--awb-padding-right:21px;--awb-padding-bottom:25px;--awb-padding-left:21px;--awb-absolute-right:0px;--awb-absolute-bottom:-60px;--awb-overflow:hidden;--awb-container-position:absolute;--awb-bg-size:100%;--awb-width-large:100%;--awb-margin-top-large:0px;--awb-spacing-right-large:1.92%;--awb-margin-bottom-large:0px;--awb-spacing-left-large:1.92%;--awb-width-medium:40%;--awb-order-medium:0;--awb-spacing-right-medium:4.8%;--awb-spacing-left-medium:4.8%;--awb-width-small:100%;--awb-order-small:0;--awb-spacing-right-small:1.92%;--awb-spacing-left-small:1.92%;\" data-scroll-devices=\"small-visibility,medium-visibility,large-visibility\"><div class=\"fusion-column-wrapper lazyload fusion-column-has-shadow fusion-flex-justify-content-flex-end fusion-content-layout-column fusion-column-has-bg-image\" data-bg-url=\"https:\/\/www.myticket.de\/de\/myspotlight\/app\/uploads\/2024\/07\/marker-2-coral-new.svg\" data-bg=\"https:\/\/www.myticket.de\/de\/myspotlight\/app\/uploads\/2024\/07\/marker-2-coral-new.svg\"><div class=\"fusion-text fusion-text-1 fusion-text-no-margin mys-hero--text\" style=\"--awb-content-alignment:center;--awb-font-size:32px;--awb-text-color:var(--awb-color3);--awb-text-font-family:var(--awb-typography3-font-family);--awb-text-font-weight:var(--awb-typography3-font-weight);--awb-text-font-style:var(--awb-typography3-font-style);\"><\/div><\/div><\/div><\/div><\/div><div class=\"fusion-fullwidth fullwidth-box fusion-builder-row-2 fusion-flex-container has-pattern-background has-mask-background nonhundred-percent-fullwidth non-hundred-percent-height-scrolling\" style=\"--awb-border-radius-top-left:0px;--awb-border-radius-top-right:0px;--awb-border-radius-bottom-right:0px;--awb-border-radius-bottom-left:0px;--awb-flex-wrap:wrap;\" ><div class=\"fusion-builder-row fusion-row fusion-flex-align-items-flex-start fusion-flex-content-wrap\" style=\"max-width:1364.48px;margin-left: calc(-4% \/ 2 );margin-right: calc(-4% \/ 2 );\"><div class=\"fusion-layout-column fusion_builder_column fusion-builder-column-1 fusion_builder_column_1_1 1_1 fusion-flex-column\" style=\"--awb-bg-size:cover;--awb-width-large:100%;--awb-margin-top-large:0px;--awb-spacing-right-large:1.92%;--awb-margin-bottom-large:0px;--awb-spacing-left-large:1.92%;--awb-width-medium:100%;--awb-order-medium:0;--awb-spacing-right-medium:1.92%;--awb-spacing-left-medium:1.92%;--awb-width-small:100%;--awb-order-small:0;--awb-spacing-right-small:1.92%;--awb-spacing-left-small:1.92%;\"><div class=\"fusion-column-wrapper fusion-column-has-shadow fusion-flex-justify-content-flex-start fusion-content-layout-column\"><div class=\"fusion-text fusion-text-2 fusion-text-no-margin\" style=\"--awb-font-size:14px;--awb-line-height:22px;--awb-letter-spacing:0px;--awb-text-transform:uppercase;--awb-text-color:var(--awb-color6);--awb-margin-top:5px;--awb-text-font-family:var(--awb-typography5-font-family);--awb-text-font-weight:var(--awb-typography5-font-weight);--awb-text-font-style:var(--awb-typography5-font-style);\"><p>\u00a9 DAVIDS<\/p>\n<\/div><\/div><\/div><\/div><\/div><article class=\"fusion-fullwidth fullwidth-box fusion-builder-row-3 fusion-flex-container has-pattern-background has-mask-background nonhundred-percent-fullwidth non-hundred-percent-height-scrolling\" style=\"--awb-border-radius-top-left:0px;--awb-border-radius-top-right:0px;--awb-border-radius-bottom-right:0px;--awb-border-radius-bottom-left:0px;--awb-padding-top:72px;--awb-padding-bottom:50px;--awb-padding-bottom-medium:25px;--awb-padding-bottom-small:20px;--awb-flex-wrap:wrap;\" ><div class=\"fusion-builder-row fusion-row fusion-flex-align-items-flex-start fusion-flex-content-wrap\" style=\"max-width:1364.48px;margin-left: calc(-4% \/ 2 );margin-right: calc(-4% \/ 2 );\"><div class=\"fusion-layout-column fusion_builder_column fusion-builder-column-2 fusion_builder_column_1_1 1_1 fusion-flex-column\" style=\"--awb-bg-size:cover;--awb-width-large:100%;--awb-margin-top-large:0px;--awb-spacing-right-large:1.92%;--awb-margin-bottom-large:10px;--awb-spacing-left-large:1.92%;--awb-width-medium:100%;--awb-order-medium:0;--awb-spacing-right-medium:1.92%;--awb-spacing-left-medium:1.92%;--awb-width-small:100%;--awb-order-small:0;--awb-spacing-right-small:1.92%;--awb-spacing-left-small:1.92%;\"><div class=\"fusion-column-wrapper fusion-column-has-shadow fusion-flex-justify-content-flex-start fusion-content-layout-column\"><div class=\"fusion-text fusion-text-3 fusion-text-no-margin mys-tagcloud-lightblue\" style=\"--awb-font-size:14px;--awb-text-color:var(--awb-custom_color_3);--awb-text-font-family:var(--awb-typography4-font-family);--awb-text-font-weight:var(--awb-typography4-font-weight);--awb-text-font-style:var(--awb-typography4-font-style);\"><\/div><\/div><\/div><div class=\"fusion-layout-column fusion_builder_column fusion-builder-column-3 fusion_builder_column_1_1 1_1 fusion-flex-column\" style=\"--awb-bg-size:cover;--awb-width-large:100%;--awb-margin-top-large:0px;--awb-spacing-right-large:1.92%;--awb-margin-bottom-large:0px;--awb-spacing-left-large:1.92%;--awb-width-medium:100%;--awb-order-medium:0;--awb-spacing-right-medium:1.92%;--awb-spacing-left-medium:1.92%;--awb-width-small:100%;--awb-order-small:0;--awb-spacing-right-small:1.92%;--awb-margin-bottom-small:20px;--awb-spacing-left-small:1.92%;\"><div class=\"fusion-column-wrapper fusion-column-has-shadow fusion-flex-justify-content-flex-start fusion-content-layout-column\"><div class=\"fusion-title title fusion-title-1 fusion-sep-none fusion-title-text fusion-title-size-one\" style=\"--awb-text-color:var(--awb-color1);--awb-margin-top:0px;--awb-margin-right:0px;--awb-margin-bottom:20px;--awb-margin-left:0px;--awb-margin-top-small:0px;--awb-margin-right-small:0px;--awb-margin-bottom-small:0px;--awb-margin-left-small:0px;--awb-font-size:48px;\"><h1 class=\"fusion-title-heading title-heading-left fusion-responsive-typography-calculated\" style=\"font-family:var(--awb-typography1-font-family);font-weight:var(--awb-typography1-font-weight);font-style:var(--awb-typography1-font-style);margin:0;font-size:1em;--fontSize:48;line-height:1.13;\">Classic Open Air 2025: Musik trifft Magie auf dem Gendarmenmarkt<\/h1><\/div><\/div><\/div><div class=\"fusion-layout-column fusion_builder_column fusion-builder-column-4 fusion_builder_column_1_1 1_1 fusion-flex-column fusion-flex-align-self-flex-start\" style=\"--awb-padding-bottom:0px;--awb-bg-size:cover;--awb-width-large:100%;--awb-margin-top-large:0px;--awb-spacing-right-large:1.92%;--awb-margin-bottom-large:0px;--awb-spacing-left-large:1.92%;--awb-width-medium:100%;--awb-order-medium:0;--awb-spacing-right-medium:1.92%;--awb-spacing-left-medium:1.92%;--awb-width-small:100%;--awb-order-small:0;--awb-spacing-right-small:1.92%;--awb-spacing-left-small:1.92%;\"><div class=\"fusion-column-wrapper fusion-column-has-shadow fusion-flex-justify-content-flex-start fusion-content-layout-row\"><div class=\"fusion-text fusion-text-4 fusion-text-no-margin\" style=\"--awb-font-size:24px;--awb-text-color:var(--awb-color7);--awb-margin-right:10px;--awb-text-font-family:&quot;Cabin&quot;;--awb-text-font-style:normal;--awb-text-font-weight:600;\"><p>17. Juli 2025<\/p>\n<\/div><div class=\"fusion-text fusion-text-5 fusion-text-no-margin mys-entry--author\" style=\"--awb-content-alignment:left;--awb-font-size:24px;--awb-text-color:var(--awb-color7);--awb-margin-left:10px;--awb-text-font-family:&quot;Cabin&quot;;--awb-text-font-style:normal;--awb-text-font-weight:600;\"><p>Julia von myticket<\/p>\n<\/div><\/div><\/div><div class=\"fusion-layout-column fusion_builder_column fusion-builder-column-5 fusion_builder_column_1_1 1_1 fusion-flex-column\" style=\"--awb-padding-right:180px;--awb-padding-right-medium:0px;--awb-bg-size:cover;--awb-width-large:100%;--awb-margin-top-large:10px;--awb-spacing-right-large:1.92%;--awb-margin-bottom-large:0px;--awb-spacing-left-large:1.92%;--awb-width-medium:100%;--awb-order-medium:0;--awb-spacing-right-medium:1.92%;--awb-spacing-left-medium:1.92%;--awb-width-small:100%;--awb-order-small:0;--awb-spacing-right-small:1.92%;--awb-spacing-left-small:1.92%;\"><div class=\"fusion-column-wrapper fusion-column-has-shadow fusion-flex-justify-content-flex-start fusion-content-layout-column\"><div class=\"fusion-text fusion-text-6 fusion-text-no-margin\"><p>Nach stillen N\u00e4chten kehrt eines der stimmungsvollsten Musikereignisse Berlins endlich zur\u00fcck \u2013 und mit ihm der Zauber eines Ortes, der wie geschaffen ist f\u00fcr gro\u00dfe Momente: Der Gendarmenmarkt, der \u201esch\u00f6nste Platz Berlins\u201c, wird vom 17. bis 21. Juli 2025 wieder zur B\u00fchne f\u00fcr das Classic Open Air.<\/p>\n<p>F\u00fcnf Abende. Offener Himmel. Musik, die G\u00e4nsehaut schafft. Und ein historisches Ambiente, das jeden Ton zum Erlebnis macht.<\/p>\n<\/div><\/div><\/div><\/div><\/article><section class=\"fusion-fullwidth fullwidth-box fusion-builder-row-4 fusion-flex-container has-pattern-background has-mask-background mys-remove-bg nonhundred-percent-fullwidth non-hundred-percent-height-scrolling\" style=\"--awb-border-radius-top-left:0px;--awb-border-radius-top-right:0px;--awb-border-radius-bottom-right:0px;--awb-border-radius-bottom-left:0px;--awb-margin-top:50px;--awb-margin-bottom:50px;--awb-margin-top-medium:25px;--awb-margin-bottom-medium:25px;--awb-margin-top-small:20px;--awb-margin-bottom-small:20px;--awb-flex-wrap:wrap;\" ><div class=\"fusion-builder-row fusion-row fusion-flex-align-items-flex-start fusion-flex-content-wrap\" style=\"max-width:1364.48px;margin-left: calc(-4% \/ 2 );margin-right: calc(-4% \/ 2 );\"><div class=\"fusion-layout-column fusion_builder_column fusion-builder-column-6 fusion_builder_column_1_1 1_1 fusion-flex-column fusion-flex-align-self-stretch\" style=\"--awb-bg-size:cover;--awb-width-large:100%;--awb-margin-top-large:0px;--awb-spacing-right-large:0px;--awb-margin-bottom-large:0px;--awb-spacing-left-large:1.92%;--awb-width-medium:100%;--awb-order-medium:0;--awb-spacing-right-medium:0px;--awb-spacing-left-medium:1.92%;--awb-width-small:100%;--awb-order-small:0;--awb-spacing-right-small:1.92%;--awb-spacing-left-small:1.92%;\"><div class=\"fusion-column-wrapper fusion-column-has-shadow fusion-flex-justify-content-flex-start fusion-content-layout-column\"><div class=\"fusion-title title fusion-title-2 fusion-sep-none fusion-title-text fusion-title-size-two\" style=\"--awb-text-color:var(--awb-color1);--awb-margin-top:0px;--awb-margin-right:0px;--awb-margin-bottom:30px;--awb-margin-left:0px;--awb-margin-top-small:0px;--awb-margin-right-small:0px;--awb-margin-bottom-small:15px;--awb-margin-left-small:0px;--awb-margin-bottom-medium:20px;--awb-font-size:48px;\"><h2 class=\"fusion-title-heading title-heading-left fusion-responsive-typography-calculated\" style=\"font-family:&quot;Cabin&quot;;font-style:normal;font-weight:400;margin:0;font-size:1em;--fontSize:48;line-height:1.13;\">Der Gendarmenmarkt \u2013 ein Platz mit Geschichte und Seele<\/h2><\/div><div class=\"fusion-text fusion-text-7 fusion-text-no-margin\" style=\"--awb-margin-bottom:20px;\"><p>Wer den Gendarmenmarkt betritt, sp\u00fcrt sofort: Hier trifft architektonische Eleganz auf kulturelle Tiefe. Umrahmt von drei ikonischen Bauwerken \u2013 dem Konzerthaus Berlin, dem Deutschen Dom und dem Franz\u00f6sischen Dom \u2013 geh\u00f6rt der Platz zu den beeindruckendsten Ensembles Europas.<\/p>\n<p>Der Gendarmenmarkt wurde Ende des 17. Jahrhunderts im Zuge der Stadterweiterung Friedrichstadts angelegt und entwickelte sich schnell zu einem der bedeutendsten Pl\u00e4tze Berlins. Seinen Namen verdankt er dem preu\u00dfischen K\u00fcrassierregiment \u201eGens d\u2019armes\u201c, das hier bis zum 18. Jahrhundert stationiert war. Im Laufe der Jahrhunderte wurde der Platz immer wieder neu gestaltet und war Zeuge bewegter Zeiten \u2013 von h\u00f6fischer Pracht \u00fcber Kriegszerst\u00f6rung bis hin zum Wiederaufbau in der Nachkriegszeit. Besonders markant ist das architektonische Ensemble aus dem Deutschen Dom, dem Franz\u00f6sischen Dom \u2013 errichtet f\u00fcr die Hugenotten \u2013 und dem Konzerthaus, das einst als Nationaltheater diente. Heute steht der Gendarmenmarkt nicht nur f\u00fcr architektonische Sch\u00f6nheit, sondern auch f\u00fcr kulturelle Vielfalt \u2013 ein historischer Ort, der wie geschaffen ist, um Musikgeschichte zu schreiben.<\/p>\n<p>Heute ist der Gendarmenmarkt vor allem eines: ein Symbol f\u00fcr gelebte Kultur. Und genau deshalb ist er der perfekte Ort f\u00fcr das Classic Open Air.<\/p>\n<\/div><\/div><\/div><\/div><\/section><section class=\"fusion-fullwidth fullwidth-box fusion-builder-row-5 fusion-flex-container has-pattern-background has-mask-background mys-remove-bg nonhundred-percent-fullwidth non-hundred-percent-height-scrolling\" style=\"--awb-border-radius-top-left:0px;--awb-border-radius-top-right:0px;--awb-border-radius-bottom-right:0px;--awb-border-radius-bottom-left:0px;--awb-margin-top:50px;--awb-margin-bottom:50px;--awb-margin-top-medium:25px;--awb-margin-bottom-medium:25px;--awb-margin-top-small:20px;--awb-margin-bottom-small:20px;--awb-flex-wrap:wrap;\" ><div class=\"fusion-builder-row fusion-row fusion-flex-align-items-flex-start fusion-flex-content-wrap\" style=\"max-width:1364.48px;margin-left: calc(-4% \/ 2 );margin-right: calc(-4% \/ 2 );\"><div class=\"fusion-layout-column fusion_builder_column fusion-builder-column-7 fusion-flex-column fusion-flex-align-self-stretch\" style=\"--awb-bg-size:cover;--awb-width-large:40%;--awb-margin-top-large:0px;--awb-spacing-right-large:0px;--awb-margin-bottom-large:0px;--awb-spacing-left-large:4.8%;--awb-width-medium:100%;--awb-order-medium:0;--awb-spacing-right-medium:0px;--awb-spacing-left-medium:1.92%;--awb-width-small:100%;--awb-order-small:0;--awb-spacing-right-small:1.92%;--awb-spacing-left-small:1.92%;\"><div class=\"fusion-column-wrapper fusion-column-has-shadow fusion-flex-justify-content-flex-start fusion-content-layout-column\"><div class=\"fusion-title title fusion-title-3 fusion-sep-none fusion-title-text fusion-title-size-two\" style=\"--awb-text-color:var(--awb-color1);--awb-margin-top:0px;--awb-margin-right:0px;--awb-margin-bottom:30px;--awb-margin-left:0px;--awb-margin-top-small:0px;--awb-margin-right-small:0px;--awb-margin-bottom-small:15px;--awb-margin-left-small:0px;--awb-margin-bottom-medium:20px;--awb-font-size:48px;\"><h2 class=\"fusion-title-heading title-heading-left fusion-responsive-typography-calculated\" style=\"font-family:&quot;Cabin&quot;;font-style:normal;font-weight:400;margin:0;font-size:1em;--fontSize:48;line-height:1.13;\">Musik unter freiem Himmel \u2013 Das erwartet Dich 2025<\/h2><\/div><div class=\"fusion-text fusion-text-8 fusion-text-no-margin\" style=\"--awb-margin-bottom:20px;\"><p data-start=\"1623\" data-end=\"1755\">Nach der pandemiebedingten Pause kehrt das Festival mit neuem Glanz zur\u00fcck \u2013 und pr\u00e4sentiert ein Programm, das Emotionen verspricht:<\/p>\n<ul data-start=\"1757\" data-end=\"2386\">\n<li data-start=\"1757\" data-end=\"1875\">\n<p data-start=\"1759\" data-end=\"1875\"><strong data-start=\"1759\" data-end=\"1772\">17. Juli:<\/strong> Feierlicher Auftakt mit dem <strong data-start=\"1801\" data-end=\"1832\">Konzerthausorchester Berlin<\/strong> unter der Leitung von <strong data-start=\"1855\" data-end=\"1873\">Joana Mallwitz<\/strong><\/p>\n<\/li>\n<li data-start=\"1876\" data-end=\"1996\">\n<p data-start=\"1878\" data-end=\"1996\"><strong data-start=\"1878\" data-end=\"1891\">18. Juli:<\/strong> Giovanni Zarrella bringt mit <em data-start=\"1921\" data-end=\"1954\">\u201eEine italienische Sommernacht\u201c<\/em> mediterranes Lebensgef\u00fchl auf die B\u00fchne<\/p>\n<\/li>\n<li data-start=\"1997\" data-end=\"2137\">\n<p data-start=\"1999\" data-end=\"2137\"><strong data-start=\"1999\" data-end=\"2012\">19. Juli:<\/strong> <em data-start=\"2013\" data-end=\"2031\">\u201eSaturday Night\u201c<\/em> \u2013 Joja Wendt l\u00e4dt mit G\u00e4sten wie <strong data-start=\"2065\" data-end=\"2074\">Sasha, Tom Gaebel<\/strong>\u00a0und <strong data-start=\"2079\" data-end=\"2096\">Nigel Kennedy<\/strong> zu einem genre\u00fcbergreifenden Musikfest<\/p>\n<\/li>\n<li data-start=\"2138\" data-end=\"2262\">\n<p data-start=\"2140\" data-end=\"2262\"><strong data-start=\"2140\" data-end=\"2153\">20. Juli:<\/strong> Jazz-Fans aufgepasst: <strong data-start=\"2176\" data-end=\"2194\">Gregory Porter<\/strong> begeistert mit souligen Kl\u00e4ngen, unterst\u00fctzt von <strong data-start=\"2244\" data-end=\"2260\">Atrin Madani<\/strong><\/p>\n<\/li>\n<li data-start=\"2263\" data-end=\"2386\">\n<p data-start=\"2265\" data-end=\"2386\"><strong data-start=\"2265\" data-end=\"2278\">21. Juli:<\/strong> Finale furioso: Opern-Ikonen <strong data-start=\"2308\" data-end=\"2325\">Anna Netrebko<\/strong> &amp; <strong data-start=\"2328\" data-end=\"2345\">Yusif Eyvazov<\/strong> entf\u00fchren in die Welt der gro\u00dfen Arien<\/p>\n<\/li>\n<\/ul>\n<\/div><\/div><\/div><div class=\"fusion-layout-column fusion_builder_column fusion-builder-column-8 fusion_builder_column_3_5 3_5 fusion-flex-column fusion-flex-align-self-stretch mys-border--rounded-vert mys-border--rounded-vert--left mys-border--rounded-vert--imgbg mys-border--rounded-vert--left mys-border--rounded-vert--fullbg\" style=\"--awb-padding-top:100px;--awb-padding-bottom:100px;--awb-padding-top-medium:40px;--awb-padding-bottom-medium:40px;--awb-padding-top-small:20px;--awb-padding-bottom-small:20px;--awb-bg-color:var(--awb-custom_color_5);--awb-bg-color-hover:var(--awb-custom_color_5);--awb-bg-image:linear-gradient(90deg, var(--awb-custom_color_5) 31%,var(--awb-color4) 0%);--awb-bg-size:contain;--awb-width-large:60%;--awb-margin-top-large:0px;--awb-spacing-right-large:3.2%;--awb-margin-bottom-large:0px;--awb-spacing-left-large:3.2%;--awb-width-medium:100%;--awb-order-medium:0;--awb-spacing-right-medium:1.92%;--awb-spacing-left-medium:1.92%;--awb-width-small:100%;--awb-order-small:0;--awb-spacing-right-small:1.92%;--awb-spacing-left-small:1.92%;\"><div class=\"fusion-column-wrapper fusion-column-has-shadow fusion-flex-justify-content-center fusion-content-layout-column\"><div class=\"fusion-video fusion-youtube mys-video-align\" style=\"--awb-max-width:600px;--awb-max-height:360px;--awb-align-self:flex-end;--awb-width:100%;--awb-margin-top:0px;--awb-margin-bottom:0px;\" itemscope itemtype=\"http:\/\/schema.org\/VideoObject\"><meta itemprop=\"duration\" content=\"PT25M16S\" \/><meta itemprop=\"name\" content=\"Classic Open Air auf neuem Gendarmenmarkt - Standort Berlin\" \/><meta itemprop=\"description\" content=\"Vier Jahre war Pause wegen Pandemie und Bauarbeiten f\u00fcr Classic Open Air auf dem Gendarmenmarkt. Vom 17.- 21. Juli ist nun wieder sch\u00f6nste Musik angesagt.\" \/><meta itemprop=\"uploadDate\" content=\"2025-07-05\" \/><meta itemprop=\"thumbnailUrl\" content=\"https:\/\/i3.ytimg.com\/vi\/SfSvAJCAf4o\/hqdefault.jpg\" \/><meta itemprop=\"embedUrl\" content=\"https:\/\/www.youtube.com\/embed\/SfSvAJCAf4o\" \/><div class=\"video-shortcode\"><div class=\"fluid-width-video-wrapper\" style=\"padding-top:60%;\" ><iframe title=\"YouTube video player 1\" src=\"https:\/\/www.youtube.com\/embed\/SfSvAJCAf4o?wmode=transparent&autoplay=0&oida=1\" width=\"600\" height=\"360\" allowfullscreen allow=\"autoplay; clipboard-write; encrypted-media; gyroscope; picture-in-picture;\"><\/iframe><\/div><\/div><\/div><div class=\"fusion-builder-row fusion-builder-row-inner fusion-row fusion-flex-align-items-flex-start fusion-flex-content-wrap\" style=\"width:104% !important;max-width:104% !important;margin-left: calc(-4% \/ 2 );margin-right: calc(-4% \/ 2 );\"><div class=\"fusion-layout-column fusion_builder_column_inner fusion-builder-nested-column-0 fusion_builder_column_inner_1_1 1_1 fusion-flex-column\" style=\"--awb-bg-size:cover;--awb-width-large:100%;--awb-margin-top-large:0px;--awb-spacing-right-large:1.92%;--awb-margin-bottom-large:0px;--awb-spacing-left-large:1.92%;--awb-width-medium:100%;--awb-order-medium:0;--awb-spacing-right-medium:1.92%;--awb-spacing-left-medium:1.92%;--awb-width-small:100%;--awb-order-small:0;--awb-spacing-right-small:1.92%;--awb-spacing-left-small:1.92%;\"><div class=\"fusion-column-wrapper fusion-column-has-shadow fusion-flex-justify-content-flex-start fusion-content-layout-column\"><\/div><\/div><\/div><\/div><\/div><\/div><\/section><section class=\"fusion-fullwidth fullwidth-box fusion-builder-row-6 fusion-flex-container has-pattern-background has-mask-background mys-remove-bg nonhundred-percent-fullwidth non-hundred-percent-height-scrolling\" style=\"--awb-border-radius-top-left:0px;--awb-border-radius-top-right:0px;--awb-border-radius-bottom-right:0px;--awb-border-radius-bottom-left:0px;--awb-margin-top:50px;--awb-margin-bottom:50px;--awb-margin-top-medium:25px;--awb-margin-bottom-medium:25px;--awb-margin-top-small:20px;--awb-margin-bottom-small:20px;--awb-flex-wrap:wrap;\" ><div class=\"fusion-builder-row fusion-row fusion-flex-align-items-flex-start fusion-flex-content-wrap\" style=\"max-width:1364.48px;margin-left: calc(-4% \/ 2 );margin-right: calc(-4% \/ 2 );\"><div class=\"fusion-layout-column fusion_builder_column fusion-builder-column-9 fusion_builder_column_1_2 1_2 fusion-flex-column\" style=\"--awb-bg-size:cover;--awb-width-large:50%;--awb-margin-top-large:0px;--awb-spacing-right-large:3.84%;--awb-margin-bottom-large:0px;--awb-spacing-left-large:3.84%;--awb-width-medium:50%;--awb-order-medium:0;--awb-spacing-right-medium:3.84%;--awb-spacing-left-medium:3.84%;--awb-width-small:100%;--awb-order-small:0;--awb-spacing-right-small:1.92%;--awb-spacing-left-small:1.92%;\"><div class=\"fusion-column-wrapper fusion-column-has-shadow fusion-flex-justify-content-flex-start fusion-content-layout-column\"><div class=\"awb-gallery-wrapper awb-gallery-wrapper-1 button-span-no\" style=\"--more-btn-alignment:center;\"><div style=\"margin:-5px;--awb-bordersize:0px;\" class=\"fusion-gallery fusion-gallery-container fusion-grid-2 fusion-columns-total-4 fusion-gallery-layout-grid fusion-gallery-1\"><div style=\"padding:5px;\" class=\"fusion-grid-column fusion-gallery-column fusion-gallery-column-2\"><div class=\"fusion-gallery-image fusion-gallery-image-liftup\"><a href=\"https:\/\/shop.myticket.de\/selection\/event\/seat?perfId=10229332927133&amp;table=false&amp;choiceSelectionDone=false&amp;productId=10229332901176&amp;tourId=10229332899760\" rel=\"noreferrer\" data-rel=\"iLightbox[gallery_image_1]\" class=\"fusion-lightbox\" target=\"_blank\"><img decoding=\"async\" src=\"https:\/\/www.myticket.de\/de\/myspotlight\/app\/uploads\/2025\/07\/4.png\" data-orig-src=\"https:\/\/www.myticket.de\/de\/myspotlight\/app\/uploads\/2025\/07\/4.png\" width=\"596\" height=\"596\" alt=\"\" title=\"4\" aria-label=\"4\" class=\"lazyload img-responsive wp-image-2711\" srcset=\"data:image\/svg+xml,%3Csvg%20xmlns%3D%27http%3A%2F%2Fwww.w3.org%2F2000%2Fsvg%27%20width%3D%27596%27%20height%3D%27596%27%20viewBox%3D%270%200%20596%20596%27%3E%3Crect%20width%3D%27596%27%20height%3D%27596%27%20fill-opacity%3D%220%22%2F%3E%3C%2Fsvg%3E\" data-srcset=\"https:\/\/www.myticket.de\/de\/myspotlight\/app\/uploads\/2025\/07\/4-200x200.png 200w, https:\/\/www.myticket.de\/de\/myspotlight\/app\/uploads\/2025\/07\/4-400x400.png 400w, https:\/\/www.myticket.de\/de\/myspotlight\/app\/uploads\/2025\/07\/4.png 596w\" data-sizes=\"auto\" data-orig-sizes=\"(min-width: 2200px) 100vw, (min-width: 665px) 654px, (min-width: 640px) 665px, \" \/><\/a><\/div><\/div><div style=\"padding:5px;\" class=\"fusion-grid-column fusion-gallery-column fusion-gallery-column-2\"><div class=\"fusion-gallery-image fusion-gallery-image-liftup\"><a href=\"https:\/\/shop.myticket.de\/selection\/event\/seat?perfId=10229332927137&amp;table=false&amp;choiceSelectionDone=false&amp;productId=10229332901178&amp;tourId=10229332899760\" rel=\"noreferrer\" data-rel=\"iLightbox[gallery_image_1]\" class=\"fusion-lightbox\" target=\"_blank\"><img decoding=\"async\" src=\"https:\/\/www.myticket.de\/de\/myspotlight\/app\/uploads\/2025\/07\/1.png\" data-orig-src=\"https:\/\/www.myticket.de\/de\/myspotlight\/app\/uploads\/2025\/07\/1.png\" width=\"596\" height=\"596\" alt=\"\" title=\"1\" aria-label=\"1\" class=\"lazyload img-responsive wp-image-2712\" srcset=\"data:image\/svg+xml,%3Csvg%20xmlns%3D%27http%3A%2F%2Fwww.w3.org%2F2000%2Fsvg%27%20width%3D%27596%27%20height%3D%27596%27%20viewBox%3D%270%200%20596%20596%27%3E%3Crect%20width%3D%27596%27%20height%3D%27596%27%20fill-opacity%3D%220%22%2F%3E%3C%2Fsvg%3E\" data-srcset=\"https:\/\/www.myticket.de\/de\/myspotlight\/app\/uploads\/2025\/07\/1-200x200.png 200w, https:\/\/www.myticket.de\/de\/myspotlight\/app\/uploads\/2025\/07\/1-400x400.png 400w, https:\/\/www.myticket.de\/de\/myspotlight\/app\/uploads\/2025\/07\/1.png 596w\" data-sizes=\"auto\" data-orig-sizes=\"(min-width: 2200px) 100vw, (min-width: 665px) 654px, (min-width: 640px) 665px, \" \/><\/a><\/div><\/div><div class=\"clearfix\"><\/div><div style=\"padding:5px;\" class=\"fusion-grid-column fusion-gallery-column fusion-gallery-column-2\"><div class=\"fusion-gallery-image fusion-gallery-image-liftup\"><a href=\"https:\/\/shop.myticket.de\/selection\/event\/seat?perfId=10229379877499&amp;table=false&amp;choiceSelectionDone=false&amp;productId=10229379877387&amp;tourId=10229332899760\" rel=\"noreferrer\" data-rel=\"iLightbox[gallery_image_1]\" class=\"fusion-lightbox\" target=\"_blank\"><img decoding=\"async\" src=\"https:\/\/www.myticket.de\/de\/myspotlight\/app\/uploads\/2025\/07\/2025-04-10_COA_Kuenstlerbilder_Website_Wendt.jpg\" data-orig-src=\"https:\/\/www.myticket.de\/de\/myspotlight\/app\/uploads\/2025\/07\/2025-04-10_COA_Kuenstlerbilder_Website_Wendt.jpg\" width=\"1200\" height=\"1200\" alt=\"\" title=\"2025-04-10_COA_Kuenstlerbilder_Website_Wendt\" aria-label=\"2025-04-10_COA_Kuenstlerbilder_Website_Wendt\" class=\"lazyload img-responsive wp-image-2720\" srcset=\"data:image\/svg+xml,%3Csvg%20xmlns%3D%27http%3A%2F%2Fwww.w3.org%2F2000%2Fsvg%27%20width%3D%271200%27%20height%3D%271200%27%20viewBox%3D%270%200%201200%201200%27%3E%3Crect%20width%3D%271200%27%20height%3D%271200%27%20fill-opacity%3D%220%22%2F%3E%3C%2Fsvg%3E\" data-srcset=\"https:\/\/www.myticket.de\/de\/myspotlight\/app\/uploads\/2025\/07\/2025-04-10_COA_Kuenstlerbilder_Website_Wendt-200x200.jpg 200w, https:\/\/www.myticket.de\/de\/myspotlight\/app\/uploads\/2025\/07\/2025-04-10_COA_Kuenstlerbilder_Website_Wendt-400x400.jpg 400w, https:\/\/www.myticket.de\/de\/myspotlight\/app\/uploads\/2025\/07\/2025-04-10_COA_Kuenstlerbilder_Website_Wendt-600x600.jpg 600w, https:\/\/www.myticket.de\/de\/myspotlight\/app\/uploads\/2025\/07\/2025-04-10_COA_Kuenstlerbilder_Website_Wendt-800x800.jpg 800w, https:\/\/www.myticket.de\/de\/myspotlight\/app\/uploads\/2025\/07\/2025-04-10_COA_Kuenstlerbilder_Website_Wendt.jpg 1200w\" data-sizes=\"auto\" data-orig-sizes=\"(min-width: 2200px) 100vw, (min-width: 665px) 654px, (min-width: 640px) 665px, \" \/><\/a><\/div><\/div><div style=\"padding:5px;\" class=\"fusion-grid-column fusion-gallery-column fusion-gallery-column-2\"><div class=\"fusion-gallery-image fusion-gallery-image-liftup\"><a href=\"https:\/\/shop.myticket.de\/selection\/event\/seat?perfId=10229332927135&amp;table=false&amp;choiceSelectionDone=false&amp;productId=10229332901177&amp;tourId=10229332899760\" rel=\"noreferrer\" data-rel=\"iLightbox[gallery_image_1]\" class=\"fusion-lightbox\" target=\"_blank\"><img decoding=\"async\" src=\"https:\/\/www.myticket.de\/de\/myspotlight\/app\/uploads\/2025\/07\/2.png\" data-orig-src=\"https:\/\/www.myticket.de\/de\/myspotlight\/app\/uploads\/2025\/07\/2.png\" width=\"596\" height=\"596\" alt=\"\" title=\"2\" aria-label=\"2\" class=\"lazyload img-responsive wp-image-2710\" srcset=\"data:image\/svg+xml,%3Csvg%20xmlns%3D%27http%3A%2F%2Fwww.w3.org%2F2000%2Fsvg%27%20width%3D%27596%27%20height%3D%27596%27%20viewBox%3D%270%200%20596%20596%27%3E%3Crect%20width%3D%27596%27%20height%3D%27596%27%20fill-opacity%3D%220%22%2F%3E%3C%2Fsvg%3E\" data-srcset=\"https:\/\/www.myticket.de\/de\/myspotlight\/app\/uploads\/2025\/07\/2-200x200.png 200w, https:\/\/www.myticket.de\/de\/myspotlight\/app\/uploads\/2025\/07\/2-400x400.png 400w, https:\/\/www.myticket.de\/de\/myspotlight\/app\/uploads\/2025\/07\/2.png 596w\" data-sizes=\"auto\" data-orig-sizes=\"(min-width: 2200px) 100vw, (min-width: 665px) 654px, (min-width: 640px) 665px, \" \/><\/a><\/div><\/div><div class=\"clearfix\"><\/div><\/div><\/div><\/div><\/div><div class=\"fusion-layout-column fusion_builder_column fusion-builder-column-10 fusion_builder_column_1_2 1_2 fusion-flex-column\" style=\"--awb-bg-size:cover;--awb-width-large:50%;--awb-margin-top-large:0px;--awb-spacing-right-large:3.84%;--awb-margin-bottom-large:0px;--awb-spacing-left-large:3.84%;--awb-width-medium:50%;--awb-order-medium:0;--awb-spacing-right-medium:3.84%;--awb-spacing-left-medium:3.84%;--awb-width-small:100%;--awb-order-small:0;--awb-spacing-right-small:1.92%;--awb-spacing-left-small:1.92%;\"><div class=\"fusion-column-wrapper fusion-column-has-shadow fusion-flex-justify-content-flex-start fusion-content-layout-column\"><div class=\"fusion-title title fusion-title-4 fusion-sep-none fusion-title-text fusion-title-size-three\" style=\"--awb-text-color:var(--awb-color1);--awb-margin-top:0px;--awb-margin-right:0px;--awb-margin-bottom:30px;--awb-margin-left:0px;--awb-margin-top-small:0px;--awb-margin-right-small:0px;--awb-margin-bottom-small:15px;--awb-margin-left-small:0px;--awb-margin-bottom-medium:20px;--awb-font-size:48px;\"><h3 class=\"fusion-title-heading title-heading-left fusion-responsive-typography-calculated\" style=\"font-family:&quot;Cabin&quot;;font-style:normal;font-weight:400;margin:0;font-size:1em;--fontSize:48;line-height:1.13;\">Tom Gaebel als Gast bei Joja Wendt<\/h3><\/div><div class=\"fusion-image-element \" style=\"text-align:right;--awb-caption-title-font-family:var(--h2_typography-font-family);--awb-caption-title-font-weight:var(--h2_typography-font-weight);--awb-caption-title-font-style:var(--h2_typography-font-style);--awb-caption-title-size:var(--h2_typography-font-size);--awb-caption-title-transform:var(--h2_typography-text-transform);--awb-caption-title-line-height:var(--h2_typography-line-height);--awb-caption-title-letter-spacing:var(--h2_typography-letter-spacing);\"><span class=\" fusion-imageframe imageframe-none imageframe-1 hover-type-scroll has-image-scroll\" style=\"height:453px;\" data-scroll-height=\"453\" data-scroll-speed=\"2.0\"><a class=\"fusion-no-lightbox\" href=\"https:\/\/www.instagram.com\/reel\/DMNAeGlM2Ru\/?utm_source=ig_web_copy_link&amp;igsh=MzRlODBiNWFlZA%3D%3D\" target=\"_blank\" aria-label=\"Tom Gaebel\" rel=\"noopener noreferrer\"><img decoding=\"async\" width=\"885\" height=\"692\" alt=\"Tom Gaebel Social Media Shout Out\" src=\"https:\/\/www.myticket.de\/de\/myspotlight\/app\/uploads\/2025\/07\/Tom-Gaebel.png\" data-orig-src=\"https:\/\/www.myticket.de\/de\/myspotlight\/app\/uploads\/2025\/07\/Tom-Gaebel.png\" class=\"lazyload img-responsive wp-image-2729\" srcset=\"data:image\/svg+xml,%3Csvg%20xmlns%3D%27http%3A%2F%2Fwww.w3.org%2F2000%2Fsvg%27%20width%3D%27885%27%20height%3D%27692%27%20viewBox%3D%270%200%20885%20692%27%3E%3Crect%20width%3D%27885%27%20height%3D%27692%27%20fill-opacity%3D%220%22%2F%3E%3C%2Fsvg%3E\" data-srcset=\"https:\/\/www.myticket.de\/de\/myspotlight\/app\/uploads\/2025\/07\/Tom-Gaebel-200x156.png 200w, https:\/\/www.myticket.de\/de\/myspotlight\/app\/uploads\/2025\/07\/Tom-Gaebel-400x313.png 400w, https:\/\/www.myticket.de\/de\/myspotlight\/app\/uploads\/2025\/07\/Tom-Gaebel-600x469.png 600w, https:\/\/www.myticket.de\/de\/myspotlight\/app\/uploads\/2025\/07\/Tom-Gaebel-800x626.png 800w, https:\/\/www.myticket.de\/de\/myspotlight\/app\/uploads\/2025\/07\/Tom-Gaebel.png 885w\" data-sizes=\"auto\" data-orig-sizes=\"(max-width: 767px) 100vw, 800px\" \/><\/a><\/span><\/div><\/div><\/div><\/div><\/section><section class=\"fusion-fullwidth fullwidth-box fusion-builder-row-7 fusion-flex-container has-pattern-background has-mask-background mys-remove-bg nonhundred-percent-fullwidth non-hundred-percent-height-scrolling\" style=\"--awb-border-radius-top-left:0px;--awb-border-radius-top-right:0px;--awb-border-radius-bottom-right:0px;--awb-border-radius-bottom-left:0px;--awb-margin-top:50px;--awb-margin-bottom:50px;--awb-margin-top-medium:25px;--awb-margin-bottom-medium:25px;--awb-margin-top-small:20px;--awb-margin-bottom-small:20px;--awb-flex-wrap:wrap;\" ><div class=\"fusion-builder-row fusion-row fusion-flex-align-items-flex-start fusion-flex-content-wrap\" style=\"max-width:1364.48px;margin-left: calc(-4% \/ 2 );margin-right: calc(-4% \/ 2 );\"><div class=\"fusion-layout-column fusion_builder_column fusion-builder-column-11 fusion_builder_column_2_3 2_3 fusion-flex-column fusion-flex-align-self-stretch\" style=\"--awb-bg-size:cover;--awb-width-large:66.666666666667%;--awb-margin-top-large:0px;--awb-spacing-right-large:0px;--awb-margin-bottom-large:0px;--awb-spacing-left-large:2.88%;--awb-width-medium:100%;--awb-order-medium:0;--awb-spacing-right-medium:0px;--awb-spacing-left-medium:1.92%;--awb-width-small:100%;--awb-order-small:0;--awb-spacing-right-small:1.92%;--awb-spacing-left-small:1.92%;\"><div class=\"fusion-column-wrapper fusion-column-has-shadow fusion-flex-justify-content-flex-start fusion-content-layout-column\"><div class=\"fusion-title title fusion-title-5 fusion-sep-none fusion-title-text fusion-title-size-three\" style=\"--awb-text-color:var(--awb-color1);--awb-margin-top:0px;--awb-margin-right:0px;--awb-margin-bottom:30px;--awb-margin-left:0px;--awb-margin-top-small:0px;--awb-margin-right-small:0px;--awb-margin-bottom-small:15px;--awb-margin-left-small:0px;--awb-margin-bottom-medium:20px;--awb-font-size:48px;\"><h3 class=\"fusion-title-heading title-heading-left fusion-responsive-typography-calculated\" style=\"font-family:&quot;Cabin&quot;;font-style:normal;font-weight:400;margin:0;font-size:1em;--fontSize:48;line-height:1.13;\">Vorgeschmack: Gregory Porter bei MOMA<\/h3><\/div><div class=\"fusion-text fusion-text-9\"><p>Schon vor seinem gro\u00dfen Auftritt beim Classic Open Air gibt Gregory Porter beim ZDF-Morgenmagazin eine kleine Kostprobe seiner souligen Jazzkl\u00e4nge \u2013 G\u00e4nsehaut garantiert!<\/p>\n<\/div><div class=\"fusion-text fusion-text-10 fusion-text-no-margin\" style=\"--awb-margin-bottom:20px;\"><p><iframe src=\"https:\/\/ngp.zdf.de\/miniplayer\/embed\/?mediaID=gregory-porter-108\" width=\"640\" height=\"360\" frameborder=\"0\" allowfullscreen=\"allowfullscreen\"><\/iframe><\/p>\n<\/div><\/div><\/div><div class=\"fusion-layout-column fusion_builder_column fusion-builder-column-12 fusion_builder_column_1_3 1_3 fusion-flex-column fusion-flex-align-self-stretch mys-border--rounded-vert mys-border--rounded-vert--left mys-border--rounded-vert--imgbg mys-border--rounded-vert--left mys-border--rounded-vert--fullbg\" style=\"--awb-padding-top:100px;--awb-padding-bottom:100px;--awb-padding-top-medium:40px;--awb-padding-bottom-medium:40px;--awb-padding-top-small:20px;--awb-padding-bottom-small:20px;--awb-bg-color:var(--awb-custom_color_5);--awb-bg-color-hover:var(--awb-custom_color_5);--awb-bg-image:linear-gradient(90deg, var(--awb-custom_color_5) 31%,var(--awb-color4) 0%);--awb-bg-size:contain;--awb-width-large:33.333333333333%;--awb-margin-top-large:0px;--awb-spacing-right-large:5.76%;--awb-margin-bottom-large:0px;--awb-spacing-left-large:5.76%;--awb-width-medium:100%;--awb-order-medium:0;--awb-spacing-right-medium:1.92%;--awb-spacing-left-medium:1.92%;--awb-width-small:100%;--awb-order-small:0;--awb-spacing-right-small:1.92%;--awb-spacing-left-small:1.92%;\"><div class=\"fusion-column-wrapper fusion-column-has-shadow fusion-flex-justify-content-center fusion-content-layout-column\"><div class=\"fusion-image-element \" style=\"--awb-liftup-border-radius:0px;--awb-caption-title-font-family:var(--h2_typography-font-family);--awb-caption-title-font-weight:var(--h2_typography-font-weight);--awb-caption-title-font-style:var(--h2_typography-font-style);--awb-caption-title-size:var(--h2_typography-font-size);--awb-caption-title-transform:var(--h2_typography-text-transform);--awb-caption-title-line-height:var(--h2_typography-line-height);--awb-caption-title-letter-spacing:var(--h2_typography-letter-spacing);\"><div class=\"awb-image-frame awb-image-frame-2 imageframe-liftup\"><span class=\" fusion-imageframe imageframe-none imageframe-2\"><a class=\"fusion-no-lightbox\" href=\"https:\/\/shop.myticket.de\/selection\/event\/seat?perfId=10229332927131&amp;table=false&amp;choiceSelectionDone=false&amp;productId=10229332901175&amp;tourId=10229332899760\" target=\"_blank\" aria-label=\"3\" rel=\"noopener noreferrer\"><img decoding=\"async\" width=\"596\" height=\"596\" alt=\"Gregory Porter Classic Open Air\" src=\"https:\/\/www.myticket.de\/de\/myspotlight\/app\/uploads\/2025\/07\/3.png\" data-orig-src=\"https:\/\/www.myticket.de\/de\/myspotlight\/app\/uploads\/2025\/07\/3.png\" class=\"lazyload img-responsive wp-image-2713\" srcset=\"data:image\/svg+xml,%3Csvg%20xmlns%3D%27http%3A%2F%2Fwww.w3.org%2F2000%2Fsvg%27%20width%3D%27596%27%20height%3D%27596%27%20viewBox%3D%270%200%20596%20596%27%3E%3Crect%20width%3D%27596%27%20height%3D%27596%27%20fill-opacity%3D%220%22%2F%3E%3C%2Fsvg%3E\" data-srcset=\"https:\/\/www.myticket.de\/de\/myspotlight\/app\/uploads\/2025\/07\/3-200x200.png 200w, https:\/\/www.myticket.de\/de\/myspotlight\/app\/uploads\/2025\/07\/3-400x400.png 400w, https:\/\/www.myticket.de\/de\/myspotlight\/app\/uploads\/2025\/07\/3.png 596w\" data-sizes=\"auto\" data-orig-sizes=\"(max-width: 767px) 100vw, 400px\" \/><\/a><\/span><\/div><\/div><div class=\"fusion-builder-row fusion-builder-row-inner fusion-row fusion-flex-align-items-flex-start fusion-flex-content-wrap\" style=\"width:104% !important;max-width:104% !important;margin-left: calc(-4% \/ 2 );margin-right: calc(-4% \/ 2 );\"><div class=\"fusion-layout-column fusion_builder_column_inner fusion-builder-nested-column-1 fusion_builder_column_inner_1_1 1_1 fusion-flex-column\" style=\"--awb-bg-size:cover;--awb-width-large:100%;--awb-margin-top-large:0px;--awb-spacing-right-large:1.92%;--awb-margin-bottom-large:0px;--awb-spacing-left-large:1.92%;--awb-width-medium:100%;--awb-order-medium:0;--awb-spacing-right-medium:1.92%;--awb-spacing-left-medium:1.92%;--awb-width-small:100%;--awb-order-small:0;--awb-spacing-right-small:1.92%;--awb-spacing-left-small:1.92%;\"><div class=\"fusion-column-wrapper fusion-column-has-shadow fusion-flex-justify-content-flex-start fusion-content-layout-column\"><\/div><\/div><\/div><\/div><\/div><div class=\"fusion-layout-column fusion_builder_column fusion-builder-column-13 fusion_builder_column_1_1 1_1 fusion-flex-column fusion-flex-align-self-stretch\" style=\"--awb-bg-size:cover;--awb-width-large:100%;--awb-margin-top-large:0px;--awb-spacing-right-large:0px;--awb-margin-bottom-large:0px;--awb-spacing-left-large:1.92%;--awb-width-medium:100%;--awb-order-medium:0;--awb-spacing-right-medium:0px;--awb-spacing-left-medium:1.92%;--awb-width-small:100%;--awb-order-small:0;--awb-spacing-right-small:1.92%;--awb-spacing-left-small:1.92%;\"><div class=\"fusion-column-wrapper fusion-column-has-shadow fusion-flex-justify-content-flex-start fusion-content-layout-column\"><div class=\"fusion-title title fusion-title-6 fusion-sep-none fusion-title-text fusion-title-size-two\" style=\"--awb-text-color:var(--awb-color1);--awb-margin-top:0px;--awb-margin-right:0px;--awb-margin-bottom:30px;--awb-margin-left:0px;--awb-margin-top-small:0px;--awb-margin-right-small:0px;--awb-margin-bottom-small:15px;--awb-margin-left-small:0px;--awb-margin-bottom-medium:20px;--awb-font-size:48px;\"><h2 class=\"fusion-title-heading title-heading-left fusion-responsive-typography-calculated\" style=\"font-family:&quot;Cabin&quot;;font-style:normal;font-weight:400;margin:0;font-size:1em;--fontSize:48;line-height:1.13;\">Warum Du dabei sein solltest<\/h2><\/div><div class=\"fusion-text fusion-text-11 fusion-text-no-margin\" style=\"--awb-margin-bottom:20px;\"><p>Das Classic Open Air ist mehr als ein Konzert \u2013 es ist ein Erlebnis f\u00fcr alle Sinne. Die Mischung aus klassischer und moderner Musik, faszinierenden Lichtinstallationen und der Kulisse des beleuchteten Gendarmenmarkts erzeugt eine Atmosph\u00e4re, die man nicht beschreiben \u2013 sondern nur erleben kann.<\/p>\n<p>Ob romantischer Abend zu zweit, festlicher Ausflug mit Freunden oder musikalisches Highlight mit der Familie \u2013 diese Abende bleiben im Herzen.<\/p>\n<\/div><\/div><\/div><\/div><\/section><div class=\"fusion-fullwidth fullwidth-box fusion-builder-row-8 fusion-flex-container has-pattern-background has-mask-background nonhundred-percent-fullwidth non-hundred-percent-height-scrolling\" style=\"--awb-border-radius-top-left:0px;--awb-border-radius-top-right:0px;--awb-border-radius-bottom-right:0px;--awb-border-radius-bottom-left:0px;--awb-padding-top:40px;--awb-margin-top:50px;--awb-margin-bottom:50px;--awb-margin-top-medium:25px;--awb-margin-bottom-medium:25px;--awb-margin-top-small:20px;--awb-margin-bottom-small:20px;--awb-flex-wrap:wrap;\" ><div class=\"fusion-builder-row fusion-row fusion-flex-align-items-flex-start fusion-flex-content-wrap\" style=\"max-width:1364.48px;margin-left: calc(-4% \/ 2 );margin-right: calc(-4% \/ 2 );\"><div class=\"fusion-layout-column fusion_builder_column fusion-builder-column-14 fusion_builder_column_2_5 2_5 fusion-flex-column fusion-flex-align-self-flex-start mys-border--rounded-vert mys-border--rounded-vert--right\" style=\"--awb-bg-color:var(--awb-color4);--awb-bg-color-hover:var(--awb-color4);--awb-bg-size:cover;--awb-width-large:40%;--awb-margin-top-large:0px;--awb-spacing-right-large:0px;--awb-margin-bottom-large:0px;--awb-spacing-left-large:4.8%;--awb-width-medium:40%;--awb-order-medium:0;--awb-spacing-right-medium:0px;--awb-spacing-left-medium:4.8%;--awb-width-small:100%;--awb-order-small:0;--awb-spacing-right-small:1.92%;--awb-spacing-left-small:1.92%;\"><div class=\"fusion-column-wrapper fusion-column-has-shadow fusion-flex-justify-content-flex-start fusion-content-layout-column\"><div class=\"fusion-image-element \" style=\"text-align:center;--awb-margin-top:-40px;--awb-margin-right-medium:0px;--awb-margin-left-medium:0px;--awb-max-width:309px;--awb-caption-title-font-family:var(--h2_typography-font-family);--awb-caption-title-font-weight:var(--h2_typography-font-weight);--awb-caption-title-font-style:var(--h2_typography-font-style);--awb-caption-title-size:var(--h2_typography-font-size);--awb-caption-title-transform:var(--h2_typography-text-transform);--awb-caption-title-line-height:var(--h2_typography-line-height);--awb-caption-title-letter-spacing:var(--h2_typography-letter-spacing);\"><span class=\" fusion-imageframe imageframe-none imageframe-3 hover-type-none\"><img decoding=\"async\" width=\"339\" height=\"307\" alt=\"Experten Geheimtipp Julia\" title=\"geheimtipp-bg\" src=\"https:\/\/www.myticket.de\/de\/myspotlight\/app\/uploads\/2024\/07\/geheimtipp-bg.png\" data-orig-src=\"https:\/\/www.myticket.de\/de\/myspotlight\/app\/uploads\/2024\/07\/geheimtipp-bg.png\" class=\"lazyload img-responsive wp-image-1051\" srcset=\"data:image\/svg+xml,%3Csvg%20xmlns%3D%27http%3A%2F%2Fwww.w3.org%2F2000%2Fsvg%27%20width%3D%27339%27%20height%3D%27307%27%20viewBox%3D%270%200%20339%20307%27%3E%3Crect%20width%3D%27339%27%20height%3D%27307%27%20fill-opacity%3D%220%22%2F%3E%3C%2Fsvg%3E\" data-srcset=\"https:\/\/www.myticket.de\/de\/myspotlight\/app\/uploads\/2024\/07\/geheimtipp-bg-200x181.png 200w, https:\/\/www.myticket.de\/de\/myspotlight\/app\/uploads\/2024\/07\/geheimtipp-bg.png 339w\" data-sizes=\"auto\" data-orig-sizes=\"(max-width: 767px) 100vw, 339px\" \/><\/span><\/div><div class=\"fusion-text fusion-text-12\" style=\"--awb-content-alignment:center;--awb-font-size:16px;--awb-line-height:24px;--awb-text-color:var(--awb-color7);--awb-margin-right:30px;--awb-margin-left:30px;--awb-text-font-family:var(--awb-typography3-font-family);--awb-text-font-weight:var(--awb-typography3-font-weight);--awb-text-font-style:var(--awb-typography3-font-style);\"><p>Mit dem VIP-Upgrade l\u00e4sst Du die Musik, das Licht und die Atmosph\u00e4re des Classic Open Airs auf dem Gendarmenmarkt in vollen Z\u00fcgen wirken \u2013 komfortabel, genussvoll und unvergesslich.<\/p>\n<\/div><\/div><\/div><div class=\"fusion-layout-column fusion_builder_column fusion-builder-column-15 fusion_builder_column_3_5 3_5 fusion-flex-column fusion-flex-align-self-stretch mys-faq--mark mys-faq--expert\" style=\"--awb-padding-top:60px;--awb-padding-left:80px;--awb-padding-top-medium:20px;--awb-padding-top-small:20px;--awb-padding-left-small:55px;--awb-bg-size:cover;--awb-width-large:60%;--awb-margin-top-large:0px;--awb-spacing-right-large:3.2%;--awb-margin-bottom-large:0px;--awb-spacing-left-large:3.2%;--awb-width-medium:60%;--awb-order-medium:0;--awb-spacing-right-medium:3.2%;--awb-spacing-left-medium:3.2%;--awb-width-small:100%;--awb-order-small:0;--awb-spacing-right-small:1.92%;--awb-spacing-left-small:1.92%;\" data-scroll-devices=\"small-visibility,medium-visibility,large-visibility\"><div class=\"fusion-column-wrapper fusion-column-has-shadow fusion-flex-justify-content-flex-start fusion-content-layout-column\"><div class=\"fusion-title title fusion-title-7 fusion-sep-none fusion-title-text fusion-title-size-three\" style=\"--awb-text-color:var(--awb-color8);--awb-margin-top:0px;--awb-margin-right:0px;--awb-margin-bottom:12px;--awb-margin-left:0px;--awb-margin-top-small:0px;--awb-margin-right-small:0px;--awb-margin-bottom-small:15px;--awb-margin-left-small:0px;--awb-font-size:40px;\"><h3 class=\"fusion-title-heading title-heading-left fusion-responsive-typography-calculated\" style=\"font-family:&quot;Cabin&quot;;font-style:normal;font-weight:400;margin:0;font-size:1em;--fontSize:40;line-height:1.23;\">Musikgenuss mit dem gewissen Extra \u2013 dein VIP-Erlebnis<\/h3><\/div><div class=\"fusion-text fusion-text-13\" style=\"--awb-text-font-family:var(--awb-typography4-font-family);--awb-text-font-weight:var(--awb-typography4-font-weight);--awb-text-font-style:var(--awb-typography4-font-style);\"><p>Du m\u00f6chtest die besondere Atmosph\u00e4re des Gendarmenmarkts in ihrer ganzen Pracht genie\u00dfen? Dann ist das <strong data-start=\"277\" data-end=\"290\">VIP-Paket<\/strong> genau das Richtige f\u00fcr Dich. Zus\u00e4tzlich zu deiner Eintrittskarte erlebst du den Abend in unserer stilvollen <strong data-start=\"399\" data-end=\"414\">Gold-Lounge<\/strong> direkt auf dem Veranstaltungsgel\u00e4nde \u2013 mit bestem Service und entspanntem Ambiente.<\/p>\n<p data-start=\"500\" data-end=\"531\">Das VIP-Arrangement bietet Dir:<\/p>\n<ul data-start=\"533\" data-end=\"760\">\n<li data-start=\"533\" data-end=\"597\">\n<p data-start=\"535\" data-end=\"597\">\ud83c\udf7d <strong data-start=\"538\" data-end=\"577\">Buffet &amp; Getr\u00e4nke vor Konzertbeginn<\/strong> (17:30\u201319:30 Uhr)<\/p>\n<\/li>\n<li data-start=\"598\" data-end=\"661\">\n<p data-start=\"600\" data-end=\"661\">\ud83e\udd42 <strong data-start=\"603\" data-end=\"642\">Snacks &amp; Getr\u00e4nke w\u00e4hrend der Pause<\/strong> (ca. 30 Minuten)<\/p>\n<\/li>\n<li data-start=\"662\" data-end=\"721\">\n<p data-start=\"664\" data-end=\"721\">\ud83c\udf19 <strong data-start=\"667\" data-end=\"701\">Erfrischungen nach dem Konzert<\/strong> (22:30\u201324:00 Uhr)<\/p>\n<\/li>\n<li data-start=\"722\" data-end=\"760\">\n<p data-start=\"724\" data-end=\"760\">\ud83d\udcd6 <strong data-start=\"727\" data-end=\"760\">Ein kostenfreies Programmheft<\/strong><\/p>\n<\/li>\n<\/ul>\n<\/div><\/div><\/div><\/div><\/div><section class=\"fusion-fullwidth fullwidth-box fusion-builder-row-9 fusion-flex-container has-pattern-background has-mask-background hundred-percent-fullwidth non-hundred-percent-height-scrolling\" style=\"--awb-border-radius-top-left:0px;--awb-border-radius-top-right:0px;--awb-border-radius-bottom-right:0px;--awb-border-radius-bottom-left:0px;--awb-padding-right:0px;--awb-padding-bottom:0px;--awb-padding-left:0px;--awb-padding-right-medium:0px;--awb-padding-bottom-medium:0px;--awb-padding-left-medium:0px;--awb-padding-top-small:25px;--awb-padding-bottom-small:0px;--awb-margin-top:60px;--awb-margin-bottom:0px;--awb-margin-top-medium:35px;--awb-margin-bottom-medium:0px;--awb-margin-top-small:30px;--awb-margin-bottom-small:0px;--awb-background-size:cover;--awb-flex-wrap:wrap;--awb-flex-wrap-medium:wrap;--awb-flex-wrap-small:wrap;\" ><div class=\"fusion-builder-row fusion-row fusion-flex-align-items-flex-start fusion-flex-content-wrap\" style=\"width:104% !important;max-width:104% !important;margin-left: calc(-4% \/ 2 );margin-right: calc(-4% \/ 2 );\"><div class=\"fusion-layout-column fusion_builder_column fusion-builder-column-16 fusion_builder_column_1_1 1_1 fusion-flex-column\" style=\"--awb-bg-size:cover;--awb-width-large:100%;--awb-margin-top-large:0px;--awb-spacing-right-large:1.92%;--awb-margin-bottom-large:0px;--awb-spacing-left-large:1.92%;--awb-width-medium:100%;--awb-order-medium:0;--awb-spacing-right-medium:1.92%;--awb-spacing-left-medium:1.92%;--awb-width-small:100%;--awb-order-small:0;--awb-spacing-right-small:1.92%;--awb-spacing-left-small:1.92%;\"><div class=\"fusion-column-wrapper fusion-column-has-shadow fusion-flex-justify-content-flex-start fusion-content-layout-column\"><iframe id=\"myspotlight-newsletetr-iframe\" src=\"https:\/\/www.myticket.de\/de\/blog-newsletter\" width=\"100%\"><\/iframe>\n\n<style>\n #myspotlight-newsletetr-iframe {\n height: 659px;\n   width: 100%; \n   overflow: hidden;\n}\n\n@media (min-width:992px) and (max-width:1024px) {\n  #myspotlight-newsletetr-iframe {\n    height: 559px;\n\t  }\n}\n\n@media (min-width:769px) and (max-width:992px)\n{\n  #myspotlight-newsletetr-iframe {\n    height: 1200px;\n\t  }\n}\n\n@media (min-width:451px) and (max-width:767px)\n{\n  #myspotlight-newsletetr-iframe {\n    height: 1100px;\n\t  }\n}\n\n@media (max-width:450px) {\n  #myspotlight-newsletetr-iframe {\n    height: 800px;\n\t  }\n}\n<\/style>\n\n\n<\/div><\/div><\/div><\/section>\n<div class=\"fusion-fullwidth fullwidth-box fusion-builder-row-10 fusion-flex-container has-pattern-background has-mask-background nonhundred-percent-fullwidth non-hundred-percent-height-scrolling\" style=\"--awb-border-radius-top-left:0px;--awb-border-radius-top-right:0px;--awb-border-radius-bottom-right:0px;--awb-border-radius-bottom-left:0px;--awb-padding-top:50px;--awb-padding-top-medium:25px;--awb-padding-top-small:20px;--awb-flex-wrap:wrap;\" ><div class=\"fusion-builder-row fusion-row fusion-flex-align-items-flex-start fusion-flex-content-wrap\" style=\"max-width:1364.48px;margin-left: calc(-4% \/ 2 );margin-right: calc(-4% \/ 2 );\"><div class=\"fusion-layout-column fusion_builder_column fusion-builder-column-17 fusion_builder_column_1_1 1_1 fusion-flex-column\" style=\"--awb-bg-size:cover;--awb-width-large:100%;--awb-margin-top-large:0px;--awb-spacing-right-large:1.92%;--awb-margin-bottom-large:0px;--awb-spacing-left-large:1.92%;--awb-width-medium:100%;--awb-order-medium:0;--awb-spacing-right-medium:1.92%;--awb-spacing-left-medium:1.92%;--awb-width-small:100%;--awb-order-small:0;--awb-spacing-right-small:1.92%;--awb-spacing-left-small:1.92%;\"><div class=\"fusion-column-wrapper fusion-column-has-shadow fusion-flex-justify-content-flex-start fusion-content-layout-column\"><div class=\"fusion-title title fusion-title-8 fusion-sep-none fusion-title-center fusion-title-text fusion-title-size-paragraph\" style=\"--awb-text-color:var(--awb-color1);--awb-margin-top:0px;--awb-margin-right:0px;--awb-margin-bottom:50px;--awb-margin-left:0px;--awb-margin-top-small:0px;--awb-margin-right-small:0px;--awb-margin-bottom-small:20px;--awb-margin-left-small:0px;--awb-margin-bottom-medium:20px;--awb-font-size:40px;\"><p class=\"fusion-title-heading title-heading-center title-heading-tag fusion-responsive-typography-calculated\" style=\"font-family:var(--awb-typography1-font-family);font-weight:var(--awb-typography1-font-weight);font-style:var(--awb-typography1-font-style);margin:0;font-size:1em;--fontSize:40;line-height:1.25;\">Diese Artikel k\u00f6nnten Dich auch interessieren<\/p><\/div><div class=\"fusion-post-cards fusion-post-cards-1 fusion-grid-archive fusion-grid-columns-3\" style=\"--awb-column-spacing:25px;--awb-dots-align:center;--awb-columns:3;--awb-active-filter-border-size:3px;--awb-filters-height:36px;--awb-row-spacing:20px;\"><ul class=\"fusion-grid fusion-grid-3 fusion-flex-align-items-stretch fusion-grid-posts-cards\"><li class=\"fusion-layout-column fusion_builder_column fusion-builder-column-18 fusion-flex-column mys-postcard-post post-card fusion-grid-column fusion-post-cards-grid-column\" style=\"--awb-bg-color:var(--awb-color3);--awb-bg-color-hover:var(--awb-color3);--awb-bg-blend:overlay;--awb-bg-size:cover;--awb-border-color:var(--awb-custom_color_1);--awb-border-style:solid;\" data-scroll-devices=\"small-visibility,medium-visibility,large-visibility\"><div class=\"fusion-column-wrapper fusion-column-has-shadow fusion-flex-justify-content-flex-start fusion-content-layout-column\"><div class=\"fusion-image-element \" style=\"--awb-margin-bottom:15px;--awb-caption-title-font-family:var(--h2_typography-font-family);--awb-caption-title-font-weight:var(--h2_typography-font-weight);--awb-caption-title-font-style:var(--h2_typography-font-style);--awb-caption-title-size:var(--h2_typography-font-size);--awb-caption-title-transform:var(--h2_typography-text-transform);--awb-caption-title-line-height:var(--h2_typography-line-height);--awb-caption-title-letter-spacing:var(--h2_typography-letter-spacing);\"><span class=\" fusion-imageframe imageframe-none imageframe-4 hover-type-none\"><a class=\"fusion-no-lightbox\" href=\"https:\/\/www.myticket.de\/de\/myspotlight\/interview\/senna-gammours-toxisch-aber-suess-tour-geht-weiter-das-erwartet-dich\/\" target=\"_self\" aria-label=\"senna-gammour-tour-644&#215;398\"><img decoding=\"async\" width=\"644\" height=\"398\" alt=\"Senna Gammours \u201eToxisch, aber S\u00fc\u00df&#8220;-Tour geht weiter! Das erwartet Dich!\" src=\"https:\/\/www.myticket.de\/de\/myspotlight\/app\/uploads\/2025\/08\/senna-gammour-tour-644x398-1.png\" data-orig-src=\"https:\/\/www.myticket.de\/de\/myspotlight\/app\/uploads\/2025\/08\/senna-gammour-tour-644x398-1.png\" class=\"lazyload img-responsive wp-image-2859\" srcset=\"data:image\/svg+xml,%3Csvg%20xmlns%3D%27http%3A%2F%2Fwww.w3.org%2F2000%2Fsvg%27%20width%3D%27644%27%20height%3D%27398%27%20viewBox%3D%270%200%20644%20398%27%3E%3Crect%20width%3D%27644%27%20height%3D%27398%27%20fill-opacity%3D%220%22%2F%3E%3C%2Fsvg%3E\" data-srcset=\"https:\/\/www.myticket.de\/de\/myspotlight\/app\/uploads\/2025\/08\/senna-gammour-tour-644x398-1-200x124.png 200w, https:\/\/www.myticket.de\/de\/myspotlight\/app\/uploads\/2025\/08\/senna-gammour-tour-644x398-1-400x247.png 400w, https:\/\/www.myticket.de\/de\/myspotlight\/app\/uploads\/2025\/08\/senna-gammour-tour-644x398-1-600x371.png 600w, https:\/\/www.myticket.de\/de\/myspotlight\/app\/uploads\/2025\/08\/senna-gammour-tour-644x398-1.png 644w\" data-sizes=\"auto\" data-orig-sizes=\"(max-width: 767px) 100vw, 644px\" \/><\/a><\/span><\/div><div class=\"fusion-title title fusion-title-9 fusion-sep-none fusion-title-text fusion-title-size-div mys-color-ticket--post\" style=\"--awb-text-color:var(--awb-color3);--awb-margin-top:0px;--awb-margin-right:0px;--awb-margin-bottom:0px;--awb-margin-left:0px;--awb-margin-top-small:0px;--awb-margin-right-small:0px;--awb-margin-bottom-small:0px;--awb-margin-left-small:0px;--awb-link-color:var(--awb-color3);--awb-link-hover-color:var(--awb-color3);--awb-font-size:18px;\"><div class=\"fusion-title-heading title-heading-left title-heading-tag fusion-responsive-typography-calculated\" style=\"font-family:&quot;Cabin&quot;;font-style:normal;font-weight:600;margin:0;font-size:1em;--fontSize:18;--minFontSize:18;line-height:1.33;\"><a href=\"https:\/\/www.myticket.de\/de\/myspotlight\/interview\/senna-gammours-toxisch-aber-suess-tour-geht-weiter-das-erwartet-dich\/\" class=\"awb-custom-text-color awb-custom-text-hover-color\" target=\"_self\"><a href=\"https:\/\/www.myticket.de\/de\/myspotlight\/category\/interview\/\" title=\"Interview\">Interview<\/a><\/a><\/div><\/div><div class=\"fusion-builder-row fusion-builder-row-inner fusion-row fusion-flex-align-items-flex-start fusion-flex-content-wrap\" style=\"width:104% !important;max-width:104% !important;margin-left: calc(-4% \/ 2 );margin-right: calc(-4% \/ 2 );\"><div class=\"fusion-layout-column fusion_builder_column_inner fusion-builder-nested-column-2 fusion_builder_column_inner_1_6 1_6 fusion-flex-column fusion-flex-align-self-stretch fusion-column-inner-bg-wrapper\" style=\"--awb-padding-bottom-small:0px;--awb-padding-left-small:12px;--awb-inner-bg-size:cover;--awb-width-large:16.666666666667%;--awb-margin-top-large:0px;--awb-spacing-right-large:11.52%;--awb-margin-bottom-large:0px;--awb-spacing-left-large:11.52%;--awb-width-medium:16.666666666667%;--awb-order-medium:0;--awb-spacing-right-medium:11.52%;--awb-spacing-left-medium:11.52%;--awb-width-small:20%;--awb-order-small:0;--awb-spacing-right-small:9.6%;--awb-margin-bottom-small:0;--awb-spacing-left-small:9.6%;\" data-scroll-devices=\"small-visibility,medium-visibility,large-visibility\"><span class=\"fusion-column-inner-bg hover-type-none\"><a class=\"fusion-column-anchor\" href=\"https:\/\/www.myticket.de\/de\/myspotlight\/interview\/senna-gammours-toxisch-aber-suess-tour-geht-weiter-das-erwartet-dich\/\"><span class=\"fusion-column-inner-bg-image\"><\/span><\/a><\/span><div class=\"fusion-column-wrapper fusion-column-has-shadow fusion-flex-justify-content-flex-start fusion-content-layout-column\"><div class=\"fusion-text fusion-text-14 fusion-text-no-margin\" style=\"--awb-content-alignment:center;--awb-font-size:24px;--awb-text-color:var(--awb-color7);--awb-text-font-family:var(--awb-typography3-font-family);--awb-text-font-weight:var(--awb-typography3-font-weight);--awb-text-font-style:var(--awb-typography3-font-style);\"><p>05<\/p>\n<\/div><div class=\"fusion-separator\" style=\"align-self: center;margin-left: auto;margin-right: auto;margin-top:0px;margin-bottom:2px;width:100%;max-width:35px;\"><div class=\"fusion-separator-border sep-single sep-solid\" style=\"--awb-height:20px;--awb-amount:20px;--awb-sep-color:var(--awb-color7);border-color:var(--awb-color7);border-top-width:1px;\"><\/div><\/div><div class=\"fusion-text fusion-text-15 mys-truncate\" style=\"--awb-content-alignment:center;--awb-font-size:18px;--awb-line-height:24px;--awb-text-color:var(--awb-custom_color_2);--awb-text-font-family:&quot;Cabin&quot;;--awb-text-font-style:normal;--awb-text-font-weight:600;\"><p>Aug<\/p>\n<\/div><\/div><\/div><div class=\"fusion-layout-column fusion_builder_column_inner fusion-builder-nested-column-3 fusion_builder_column_inner_5_6 5_6 fusion-flex-column fusion-flex-align-self-stretch\" style=\"--awb-padding-right-small:10px;--awb-bg-size:cover;--awb-width-large:83.333333333333%;--awb-margin-top-large:0px;--awb-spacing-right-large:2.304%;--awb-margin-bottom-large:0px;--awb-spacing-left-large:2.304%;--awb-width-medium:83.333333333333%;--awb-order-medium:0;--awb-spacing-right-medium:2.304%;--awb-spacing-left-medium:2.304%;--awb-width-small:80%;--awb-order-small:0;--awb-spacing-right-small:2.4%;--awb-spacing-left-small:2.4%;\" data-scroll-devices=\"small-visibility,medium-visibility,large-visibility\"><div class=\"fusion-column-wrapper fusion-column-has-shadow fusion-flex-justify-content-flex-start fusion-content-layout-column\"><div class=\"fusion-meta-tb fusion-meta-tb-1 stacked\" style=\"--awb-height:36px;--awb-font-size:16px;--awb-padding-top:6px;--awb-text-color:var(--awb-color7);--awb-link-color:var(--awb-color7);--awb-text-hover-color:var(--awb-color7);--awb-background-color:var(--awb-color3);--awb-alignment-medium:flex-start;--awb-alignment-small:flex-start;\"><span class=\"fusion-tb-tags\"><a href=\"https:\/\/www.myticket.de\/de\/myspotlight\/tag\/interview\/\" rel=\"tag\">#interview<\/a>, <a href=\"https:\/\/www.myticket.de\/de\/myspotlight\/tag\/musik\/\" rel=\"tag\">#musik<\/a>, <a href=\"https:\/\/www.myticket.de\/de\/myspotlight\/tag\/ratgeber\/\" rel=\"tag\">#ratgeber<\/a>, <a href=\"https:\/\/www.myticket.de\/de\/myspotlight\/tag\/sennagammour\/\" rel=\"tag\">#sennagammour<\/a><\/span><span class=\"fusion-meta-tb-sep\"><\/span><\/div><div class=\"fusion-title title fusion-title-10 fusion-sep-none fusion-title-text fusion-title-size-paragraph\" style=\"--awb-text-color:var(--awb-color8);--awb-margin-top:0px;--awb-margin-right:0px;--awb-margin-bottom:15px;--awb-margin-left:0px;--awb-margin-top-small:0px;--awb-margin-right-small:0px;--awb-margin-bottom-small:0px;--awb-margin-left-small:0px;--awb-link-color:var(--awb-color8);--awb-link-hover-color:var(--awb-color8);--awb-font-size:18px;\"><p class=\"fusion-title-heading title-heading-left title-heading-tag fusion-responsive-typography-calculated\" style=\"font-family:&quot;Cabin&quot;;font-style:normal;font-weight:500;margin:0;font-size:1em;--fontSize:18;--minFontSize:18;line-height:1.33;\"><a href=\"https:\/\/www.myticket.de\/de\/myspotlight\/interview\/senna-gammours-toxisch-aber-suess-tour-geht-weiter-das-erwartet-dich\/\" class=\"awb-custom-text-color awb-custom-text-hover-color\" target=\"_self\">Senna Gammours \u201eToxisch, aber S\u00fc\u00df&#8220;-Tour geht weiter! Das erwartet Dich!<\/a><\/p><\/div><\/div><\/div><\/div><\/div><\/li>\n<li class=\"fusion-layout-column fusion_builder_column fusion-builder-column-19 fusion-flex-column mys-postcard-post post-card fusion-grid-column fusion-post-cards-grid-column\" style=\"--awb-bg-color:var(--awb-color3);--awb-bg-color-hover:var(--awb-color3);--awb-bg-blend:overlay;--awb-bg-size:cover;--awb-border-color:var(--awb-custom_color_1);--awb-border-style:solid;\" data-scroll-devices=\"small-visibility,medium-visibility,large-visibility\"><div class=\"fusion-column-wrapper fusion-column-has-shadow fusion-flex-justify-content-flex-start fusion-content-layout-column\"><div class=\"fusion-image-element \" style=\"--awb-margin-bottom:15px;--awb-caption-title-font-family:var(--h2_typography-font-family);--awb-caption-title-font-weight:var(--h2_typography-font-weight);--awb-caption-title-font-style:var(--h2_typography-font-style);--awb-caption-title-size:var(--h2_typography-font-size);--awb-caption-title-transform:var(--h2_typography-text-transform);--awb-caption-title-line-height:var(--h2_typography-line-height);--awb-caption-title-letter-spacing:var(--h2_typography-letter-spacing);\"><span class=\" fusion-imageframe imageframe-none imageframe-5 hover-type-none\"><a class=\"fusion-no-lightbox\" href=\"https:\/\/www.myticket.de\/de\/myspotlight\/interview\/belinda-davids-im-interview-queen-of-love-songs\/\" target=\"_self\" aria-label=\"belinda-davids-644&#215;398\"><img decoding=\"async\" width=\"644\" height=\"398\" alt=\"Belinda Davids im Interview: Queen of Love Songs\" src=\"https:\/\/www.myticket.de\/de\/myspotlight\/app\/uploads\/2025\/02\/belinda-davids-644x398-1.jpg\" data-orig-src=\"https:\/\/www.myticket.de\/de\/myspotlight\/app\/uploads\/2025\/02\/belinda-davids-644x398-1.jpg\" class=\"lazyload img-responsive wp-image-2321\" srcset=\"data:image\/svg+xml,%3Csvg%20xmlns%3D%27http%3A%2F%2Fwww.w3.org%2F2000%2Fsvg%27%20width%3D%27644%27%20height%3D%27398%27%20viewBox%3D%270%200%20644%20398%27%3E%3Crect%20width%3D%27644%27%20height%3D%27398%27%20fill-opacity%3D%220%22%2F%3E%3C%2Fsvg%3E\" data-srcset=\"https:\/\/www.myticket.de\/de\/myspotlight\/app\/uploads\/2025\/02\/belinda-davids-644x398-1-200x124.jpg 200w, https:\/\/www.myticket.de\/de\/myspotlight\/app\/uploads\/2025\/02\/belinda-davids-644x398-1-400x247.jpg 400w, https:\/\/www.myticket.de\/de\/myspotlight\/app\/uploads\/2025\/02\/belinda-davids-644x398-1-600x371.jpg 600w, https:\/\/www.myticket.de\/de\/myspotlight\/app\/uploads\/2025\/02\/belinda-davids-644x398-1.jpg 644w\" data-sizes=\"auto\" data-orig-sizes=\"(max-width: 767px) 100vw, 644px\" \/><\/a><\/span><\/div><div class=\"fusion-title title fusion-title-11 fusion-sep-none fusion-title-text fusion-title-size-div mys-color-ticket--post\" style=\"--awb-text-color:var(--awb-color3);--awb-margin-top:0px;--awb-margin-right:0px;--awb-margin-bottom:0px;--awb-margin-left:0px;--awb-margin-top-small:0px;--awb-margin-right-small:0px;--awb-margin-bottom-small:0px;--awb-margin-left-small:0px;--awb-link-color:var(--awb-color3);--awb-link-hover-color:var(--awb-color3);--awb-font-size:18px;\"><div class=\"fusion-title-heading title-heading-left title-heading-tag fusion-responsive-typography-calculated\" style=\"font-family:&quot;Cabin&quot;;font-style:normal;font-weight:600;margin:0;font-size:1em;--fontSize:18;--minFontSize:18;line-height:1.33;\"><a href=\"https:\/\/www.myticket.de\/de\/myspotlight\/interview\/belinda-davids-im-interview-queen-of-love-songs\/\" class=\"awb-custom-text-color awb-custom-text-hover-color\" target=\"_self\"><a href=\"https:\/\/www.myticket.de\/de\/myspotlight\/category\/interview\/\" title=\"Interview\">Interview<\/a><\/a><\/div><\/div><div class=\"fusion-builder-row fusion-builder-row-inner fusion-row fusion-flex-align-items-flex-start fusion-flex-content-wrap\" style=\"width:104% !important;max-width:104% !important;margin-left: calc(-4% \/ 2 );margin-right: calc(-4% \/ 2 );\"><div class=\"fusion-layout-column fusion_builder_column_inner fusion-builder-nested-column-4 fusion_builder_column_inner_1_6 1_6 fusion-flex-column fusion-flex-align-self-stretch fusion-column-inner-bg-wrapper\" style=\"--awb-padding-bottom-small:0px;--awb-padding-left-small:12px;--awb-inner-bg-size:cover;--awb-width-large:16.666666666667%;--awb-margin-top-large:0px;--awb-spacing-right-large:11.52%;--awb-margin-bottom-large:0px;--awb-spacing-left-large:11.52%;--awb-width-medium:16.666666666667%;--awb-order-medium:0;--awb-spacing-right-medium:11.52%;--awb-spacing-left-medium:11.52%;--awb-width-small:20%;--awb-order-small:0;--awb-spacing-right-small:9.6%;--awb-margin-bottom-small:0;--awb-spacing-left-small:9.6%;\" data-scroll-devices=\"small-visibility,medium-visibility,large-visibility\"><span class=\"fusion-column-inner-bg hover-type-none\"><a class=\"fusion-column-anchor\" href=\"https:\/\/www.myticket.de\/de\/myspotlight\/interview\/belinda-davids-im-interview-queen-of-love-songs\/\"><span class=\"fusion-column-inner-bg-image\"><\/span><\/a><\/span><div class=\"fusion-column-wrapper fusion-column-has-shadow fusion-flex-justify-content-flex-start fusion-content-layout-column\"><div class=\"fusion-text fusion-text-16 fusion-text-no-margin\" style=\"--awb-content-alignment:center;--awb-font-size:24px;--awb-text-color:var(--awb-color7);--awb-text-font-family:var(--awb-typography3-font-family);--awb-text-font-weight:var(--awb-typography3-font-weight);--awb-text-font-style:var(--awb-typography3-font-style);\"><p>14<\/p>\n<\/div><div class=\"fusion-separator\" style=\"align-self: center;margin-left: auto;margin-right: auto;margin-top:0px;margin-bottom:2px;width:100%;max-width:35px;\"><div class=\"fusion-separator-border sep-single sep-solid\" style=\"--awb-height:20px;--awb-amount:20px;--awb-sep-color:var(--awb-color7);border-color:var(--awb-color7);border-top-width:1px;\"><\/div><\/div><div class=\"fusion-text fusion-text-17 mys-truncate\" style=\"--awb-content-alignment:center;--awb-font-size:18px;--awb-line-height:24px;--awb-text-color:var(--awb-custom_color_2);--awb-text-font-family:&quot;Cabin&quot;;--awb-text-font-style:normal;--awb-text-font-weight:600;\"><p>Feb<\/p>\n<\/div><\/div><\/div><div class=\"fusion-layout-column fusion_builder_column_inner fusion-builder-nested-column-5 fusion_builder_column_inner_5_6 5_6 fusion-flex-column fusion-flex-align-self-stretch\" style=\"--awb-padding-right-small:10px;--awb-bg-size:cover;--awb-width-large:83.333333333333%;--awb-margin-top-large:0px;--awb-spacing-right-large:2.304%;--awb-margin-bottom-large:0px;--awb-spacing-left-large:2.304%;--awb-width-medium:83.333333333333%;--awb-order-medium:0;--awb-spacing-right-medium:2.304%;--awb-spacing-left-medium:2.304%;--awb-width-small:80%;--awb-order-small:0;--awb-spacing-right-small:2.4%;--awb-spacing-left-small:2.4%;\" data-scroll-devices=\"small-visibility,medium-visibility,large-visibility\"><div class=\"fusion-column-wrapper fusion-column-has-shadow fusion-flex-justify-content-flex-start fusion-content-layout-column\"><div class=\"fusion-meta-tb fusion-meta-tb-2 stacked\" style=\"--awb-height:36px;--awb-font-size:16px;--awb-padding-top:6px;--awb-text-color:var(--awb-color7);--awb-link-color:var(--awb-color7);--awb-text-hover-color:var(--awb-color7);--awb-background-color:var(--awb-color3);--awb-alignment-medium:flex-start;--awb-alignment-small:flex-start;\"><span class=\"fusion-tb-tags\"><a href=\"https:\/\/www.myticket.de\/de\/myspotlight\/tag\/belindadavids\/\" rel=\"tag\">#belindadavids<\/a>, <a href=\"https:\/\/www.myticket.de\/de\/myspotlight\/tag\/interview\/\" rel=\"tag\">#interview<\/a>, <a href=\"https:\/\/www.myticket.de\/de\/myspotlight\/tag\/whitneyhouston\/\" rel=\"tag\">#whitneyhouston<\/a><\/span><span class=\"fusion-meta-tb-sep\"><\/span><\/div><div class=\"fusion-title title fusion-title-12 fusion-sep-none fusion-title-text fusion-title-size-paragraph\" style=\"--awb-text-color:var(--awb-color8);--awb-margin-top:0px;--awb-margin-right:0px;--awb-margin-bottom:15px;--awb-margin-left:0px;--awb-margin-top-small:0px;--awb-margin-right-small:0px;--awb-margin-bottom-small:0px;--awb-margin-left-small:0px;--awb-link-color:var(--awb-color8);--awb-link-hover-color:var(--awb-color8);--awb-font-size:18px;\"><p class=\"fusion-title-heading title-heading-left title-heading-tag fusion-responsive-typography-calculated\" style=\"font-family:&quot;Cabin&quot;;font-style:normal;font-weight:500;margin:0;font-size:1em;--fontSize:18;--minFontSize:18;line-height:1.33;\"><a href=\"https:\/\/www.myticket.de\/de\/myspotlight\/interview\/belinda-davids-im-interview-queen-of-love-songs\/\" class=\"awb-custom-text-color awb-custom-text-hover-color\" target=\"_self\">Belinda Davids im Interview: Queen of Love Songs<\/a><\/p><\/div><\/div><\/div><\/div><\/div><\/li>\n<li class=\"fusion-layout-column fusion_builder_column fusion-builder-column-20 fusion-flex-column mys-postcard-post post-card fusion-grid-column fusion-post-cards-grid-column\" style=\"--awb-bg-color:var(--awb-color3);--awb-bg-color-hover:var(--awb-color3);--awb-bg-blend:overlay;--awb-bg-size:cover;--awb-border-color:var(--awb-custom_color_1);--awb-border-style:solid;\" data-scroll-devices=\"small-visibility,medium-visibility,large-visibility\"><div class=\"fusion-column-wrapper fusion-column-has-shadow fusion-flex-justify-content-flex-start fusion-content-layout-column\"><div class=\"fusion-image-element \" style=\"--awb-margin-bottom:15px;--awb-caption-title-font-family:var(--h2_typography-font-family);--awb-caption-title-font-weight:var(--h2_typography-font-weight);--awb-caption-title-font-style:var(--h2_typography-font-style);--awb-caption-title-size:var(--h2_typography-font-size);--awb-caption-title-transform:var(--h2_typography-text-transform);--awb-caption-title-line-height:var(--h2_typography-line-height);--awb-caption-title-letter-spacing:var(--h2_typography-letter-spacing);\"><span class=\" fusion-imageframe imageframe-none imageframe-6 hover-type-none\"><a class=\"fusion-no-lightbox\" href=\"https:\/\/www.myticket.de\/de\/myspotlight\/interview\/lars-amend-im-interview\/\" target=\"_self\" aria-label=\"Lars-Amend-644&#215;398-2\"><img decoding=\"async\" width=\"644\" height=\"398\" alt=\"Lars Amend im Interview: Wer bin ich und wer will ich sein?\" src=\"https:\/\/www.myticket.de\/de\/myspotlight\/app\/uploads\/2024\/09\/Lars-Amend-644x398-2.jpg\" data-orig-src=\"https:\/\/www.myticket.de\/de\/myspotlight\/app\/uploads\/2024\/09\/Lars-Amend-644x398-2.jpg\" class=\"lazyload img-responsive wp-image-1876\" srcset=\"data:image\/svg+xml,%3Csvg%20xmlns%3D%27http%3A%2F%2Fwww.w3.org%2F2000%2Fsvg%27%20width%3D%27644%27%20height%3D%27398%27%20viewBox%3D%270%200%20644%20398%27%3E%3Crect%20width%3D%27644%27%20height%3D%27398%27%20fill-opacity%3D%220%22%2F%3E%3C%2Fsvg%3E\" data-srcset=\"https:\/\/www.myticket.de\/de\/myspotlight\/app\/uploads\/2024\/09\/Lars-Amend-644x398-2-200x124.jpg 200w, https:\/\/www.myticket.de\/de\/myspotlight\/app\/uploads\/2024\/09\/Lars-Amend-644x398-2-400x247.jpg 400w, https:\/\/www.myticket.de\/de\/myspotlight\/app\/uploads\/2024\/09\/Lars-Amend-644x398-2-600x371.jpg 600w, https:\/\/www.myticket.de\/de\/myspotlight\/app\/uploads\/2024\/09\/Lars-Amend-644x398-2.jpg 644w\" data-sizes=\"auto\" data-orig-sizes=\"(max-width: 767px) 100vw, 644px\" \/><\/a><\/span><\/div><div class=\"fusion-title title fusion-title-13 fusion-sep-none fusion-title-text fusion-title-size-div mys-color-ticket--post\" style=\"--awb-text-color:var(--awb-color3);--awb-margin-top:0px;--awb-margin-right:0px;--awb-margin-bottom:0px;--awb-margin-left:0px;--awb-margin-top-small:0px;--awb-margin-right-small:0px;--awb-margin-bottom-small:0px;--awb-margin-left-small:0px;--awb-link-color:var(--awb-color3);--awb-link-hover-color:var(--awb-color3);--awb-font-size:18px;\"><div class=\"fusion-title-heading title-heading-left title-heading-tag fusion-responsive-typography-calculated\" style=\"font-family:&quot;Cabin&quot;;font-style:normal;font-weight:600;margin:0;font-size:1em;--fontSize:18;--minFontSize:18;line-height:1.33;\"><a href=\"https:\/\/www.myticket.de\/de\/myspotlight\/interview\/lars-amend-im-interview\/\" class=\"awb-custom-text-color awb-custom-text-hover-color\" target=\"_self\"><a href=\"https:\/\/www.myticket.de\/de\/myspotlight\/category\/interview\/\" title=\"Interview\">Interview<\/a><\/a><\/div><\/div><div class=\"fusion-builder-row fusion-builder-row-inner fusion-row fusion-flex-align-items-flex-start fusion-flex-content-wrap\" style=\"width:104% !important;max-width:104% !important;margin-left: calc(-4% \/ 2 );margin-right: calc(-4% \/ 2 );\"><div class=\"fusion-layout-column fusion_builder_column_inner fusion-builder-nested-column-6 fusion_builder_column_inner_1_6 1_6 fusion-flex-column fusion-flex-align-self-stretch fusion-column-inner-bg-wrapper\" style=\"--awb-padding-bottom-small:0px;--awb-padding-left-small:12px;--awb-inner-bg-size:cover;--awb-width-large:16.666666666667%;--awb-margin-top-large:0px;--awb-spacing-right-large:11.52%;--awb-margin-bottom-large:0px;--awb-spacing-left-large:11.52%;--awb-width-medium:16.666666666667%;--awb-order-medium:0;--awb-spacing-right-medium:11.52%;--awb-spacing-left-medium:11.52%;--awb-width-small:20%;--awb-order-small:0;--awb-spacing-right-small:9.6%;--awb-margin-bottom-small:0;--awb-spacing-left-small:9.6%;\" data-scroll-devices=\"small-visibility,medium-visibility,large-visibility\"><span class=\"fusion-column-inner-bg hover-type-none\"><a class=\"fusion-column-anchor\" href=\"https:\/\/www.myticket.de\/de\/myspotlight\/interview\/lars-amend-im-interview\/\"><span class=\"fusion-column-inner-bg-image\"><\/span><\/a><\/span><div class=\"fusion-column-wrapper fusion-column-has-shadow fusion-flex-justify-content-flex-start fusion-content-layout-column\"><div class=\"fusion-text fusion-text-18 fusion-text-no-margin\" style=\"--awb-content-alignment:center;--awb-font-size:24px;--awb-text-color:var(--awb-color7);--awb-text-font-family:var(--awb-typography3-font-family);--awb-text-font-weight:var(--awb-typography3-font-weight);--awb-text-font-style:var(--awb-typography3-font-style);\"><p>13<\/p>\n<\/div><div class=\"fusion-separator\" style=\"align-self: center;margin-left: auto;margin-right: auto;margin-top:0px;margin-bottom:2px;width:100%;max-width:35px;\"><div class=\"fusion-separator-border sep-single sep-solid\" style=\"--awb-height:20px;--awb-amount:20px;--awb-sep-color:var(--awb-color7);border-color:var(--awb-color7);border-top-width:1px;\"><\/div><\/div><div class=\"fusion-text fusion-text-19 mys-truncate\" style=\"--awb-content-alignment:center;--awb-font-size:18px;--awb-line-height:24px;--awb-text-color:var(--awb-custom_color_2);--awb-text-font-family:&quot;Cabin&quot;;--awb-text-font-style:normal;--awb-text-font-weight:600;\"><p>Apr<\/p>\n<\/div><\/div><\/div><div class=\"fusion-layout-column fusion_builder_column_inner fusion-builder-nested-column-7 fusion_builder_column_inner_5_6 5_6 fusion-flex-column fusion-flex-align-self-stretch\" style=\"--awb-padding-right-small:10px;--awb-bg-size:cover;--awb-width-large:83.333333333333%;--awb-margin-top-large:0px;--awb-spacing-right-large:2.304%;--awb-margin-bottom-large:0px;--awb-spacing-left-large:2.304%;--awb-width-medium:83.333333333333%;--awb-order-medium:0;--awb-spacing-right-medium:2.304%;--awb-spacing-left-medium:2.304%;--awb-width-small:80%;--awb-order-small:0;--awb-spacing-right-small:2.4%;--awb-spacing-left-small:2.4%;\" data-scroll-devices=\"small-visibility,medium-visibility,large-visibility\"><div class=\"fusion-column-wrapper fusion-column-has-shadow fusion-flex-justify-content-flex-start fusion-content-layout-column\"><div class=\"fusion-meta-tb fusion-meta-tb-3 stacked\" style=\"--awb-height:36px;--awb-font-size:16px;--awb-padding-top:6px;--awb-text-color:var(--awb-color7);--awb-link-color:var(--awb-color7);--awb-text-hover-color:var(--awb-color7);--awb-background-color:var(--awb-color3);--awb-alignment-medium:flex-start;--awb-alignment-small:flex-start;\"><span class=\"fusion-tb-tags\"><a href=\"https:\/\/www.myticket.de\/de\/myspotlight\/tag\/interview\/\" rel=\"tag\">#interview<\/a>, <a href=\"https:\/\/www.myticket.de\/de\/myspotlight\/tag\/larsamend\/\" rel=\"tag\">#larsamend<\/a>, <a href=\"https:\/\/www.myticket.de\/de\/myspotlight\/tag\/musik\/\" rel=\"tag\">#musik<\/a>, <a href=\"https:\/\/www.myticket.de\/de\/myspotlight\/tag\/ratgeber\/\" rel=\"tag\">#ratgeber<\/a><\/span><span class=\"fusion-meta-tb-sep\"><\/span><\/div><div class=\"fusion-title title fusion-title-14 fusion-sep-none fusion-title-text fusion-title-size-paragraph\" style=\"--awb-text-color:var(--awb-color8);--awb-margin-top:0px;--awb-margin-right:0px;--awb-margin-bottom:15px;--awb-margin-left:0px;--awb-margin-top-small:0px;--awb-margin-right-small:0px;--awb-margin-bottom-small:0px;--awb-margin-left-small:0px;--awb-link-color:var(--awb-color8);--awb-link-hover-color:var(--awb-color8);--awb-font-size:18px;\"><p class=\"fusion-title-heading title-heading-left title-heading-tag fusion-responsive-typography-calculated\" style=\"font-family:&quot;Cabin&quot;;font-style:normal;font-weight:500;margin:0;font-size:1em;--fontSize:18;--minFontSize:18;line-height:1.33;\"><a href=\"https:\/\/www.myticket.de\/de\/myspotlight\/interview\/lars-amend-im-interview\/\" class=\"awb-custom-text-color awb-custom-text-hover-color\" target=\"_self\">Lars Amend im Interview: Wer bin ich und wer will ich sein?<\/a><\/p><\/div><\/div><\/div><\/div><\/div><\/li>\n<\/ul><\/div><\/div><\/div><\/div><\/div><\/p>\n","protected":false},"excerpt":{"rendered":"","protected":false},"author":2,"featured_media":2717,"comment_status":"open","ping_status":"open","sticky":false,"template":"","format":"standard","meta":{"footnotes":""},"categories":[20],"tags":[85,82,83,86,84,50],"class_list":["post-2680","post","type-post","status-publish","format-standard","has-post-thumbnail","hentry","category-news-insider","tag-annanetrebko","tag-classicopenair","tag-gendarmenmarkt","tag-giovannizarrella","tag-gregoryporter","tag-jojawendt"],"yoast_head":"<!-- This site is optimized with the Yoast SEO plugin v25.8 - https:\/\/yoast.com\/wordpress\/plugins\/seo\/ -->\n<title>Classic Open Air 2025: Musik trifft Magie auf dem Gendarmenmarkt - myticket myspotlight<\/title>\n<meta name=\"description\" content=\"Wir zeigen Dir, warum gerade der Gendarmenmarkt in Berlin die perfekte Kulisse f\u00fcr die besondere Magie des Classic Open Air 2025 ist!\" \/>\n<meta name=\"robots\" content=\"index, follow, max-snippet:-1, max-image-preview:large, max-video-preview:-1\" \/>\n<link rel=\"canonical\" href=\"https:\/\/www.myticket.de\/de\/myspotlight\/news-insider\/classic-open-air-2025-musik-trifft-magie-auf-dem-gendarmenmarkt\/\" \/>\n<meta property=\"og:locale\" content=\"de_DE\" \/>\n<meta property=\"og:type\" content=\"article\" \/>\n<meta property=\"og:title\" content=\"Classic Open Air 2025: Musik trifft Magie auf dem Gendarmenmarkt - myticket myspotlight\" \/>\n<meta property=\"og:description\" content=\"Wir zeigen Dir, warum gerade der Gendarmenmarkt in Berlin die perfekte Kulisse f\u00fcr die besondere Magie des Classic Open Air 2025 ist!\" \/>\n<meta property=\"og:url\" content=\"https:\/\/www.myticket.de\/de\/myspotlight\/news-insider\/classic-open-air-2025-musik-trifft-magie-auf-dem-gendarmenmarkt\/\" \/>\n<meta property=\"og:site_name\" content=\"myticket myspotlight\" \/>\n<meta property=\"article:published_time\" content=\"2025-07-17T14:04:10+00:00\" \/>\n<meta property=\"article:modified_time\" content=\"2025-07-22T12:12:11+00:00\" \/>\n<meta property=\"og:image\" content=\"https:\/\/www.myticket.de\/de\/myspotlight\/app\/uploads\/2025\/07\/classic-open-air-tour-2025-1440x600-1.jpg\" \/>\n\t<meta property=\"og:image:width\" content=\"1440\" \/>\n\t<meta property=\"og:image:height\" content=\"600\" \/>\n\t<meta property=\"og:image:type\" content=\"image\/jpeg\" \/>\n<meta name=\"author\" content=\"Julia von myticket\" \/>\n<meta name=\"twitter:card\" content=\"summary_large_image\" \/>\n<meta name=\"twitter:label1\" content=\"Written by\" \/>\n\t<meta name=\"twitter:data1\" content=\"Julia von myticket\" \/>\n\t<meta name=\"twitter:label2\" content=\"Est. reading time\" \/>\n\t<meta name=\"twitter:data2\" content=\"6 Minuten\" \/>\n<script type=\"application\/ld+json\" class=\"yoast-schema-graph\">{\"@context\":\"https:\/\/schema.org\",\"@graph\":[{\"@type\":\"WebPage\",\"@id\":\"https:\/\/www.myticket.de\/de\/myspotlight\/news-insider\/classic-open-air-2025-musik-trifft-magie-auf-dem-gendarmenmarkt\/\",\"url\":\"https:\/\/www.myticket.de\/de\/myspotlight\/news-insider\/classic-open-air-2025-musik-trifft-magie-auf-dem-gendarmenmarkt\/\",\"name\":\"Classic Open Air 2025: Musik trifft Magie auf dem Gendarmenmarkt - myticket myspotlight\",\"isPartOf\":{\"@id\":\"https:\/\/myspotlight.myticket.de\/#website\"},\"primaryImageOfPage\":{\"@id\":\"https:\/\/www.myticket.de\/de\/myspotlight\/news-insider\/classic-open-air-2025-musik-trifft-magie-auf-dem-gendarmenmarkt\/#primaryimage\"},\"image\":{\"@id\":\"https:\/\/www.myticket.de\/de\/myspotlight\/news-insider\/classic-open-air-2025-musik-trifft-magie-auf-dem-gendarmenmarkt\/#primaryimage\"},\"thumbnailUrl\":\"https:\/\/www.myticket.de\/de\/myspotlight\/app\/uploads\/2025\/07\/classic-open-air-tour-2025-1440x600-1.jpg\",\"datePublished\":\"2025-07-17T14:04:10+00:00\",\"dateModified\":\"2025-07-22T12:12:11+00:00\",\"author\":{\"@id\":\"https:\/\/myspotlight.myticket.de\/#\/schema\/person\/7b85c269fc3fcb11b189fc4ef76cc808\"},\"description\":\"Wir zeigen Dir, warum gerade der Gendarmenmarkt in Berlin die perfekte Kulisse f\u00fcr die besondere Magie des Classic Open Air 2025 ist!\",\"breadcrumb\":{\"@id\":\"https:\/\/www.myticket.de\/de\/myspotlight\/news-insider\/classic-open-air-2025-musik-trifft-magie-auf-dem-gendarmenmarkt\/#breadcrumb\"},\"inLanguage\":\"de-DE\",\"potentialAction\":[{\"@type\":\"ReadAction\",\"target\":[\"https:\/\/www.myticket.de\/de\/myspotlight\/news-insider\/classic-open-air-2025-musik-trifft-magie-auf-dem-gendarmenmarkt\/\"]}]},{\"@type\":\"ImageObject\",\"inLanguage\":\"de-DE\",\"@id\":\"https:\/\/www.myticket.de\/de\/myspotlight\/news-insider\/classic-open-air-2025-musik-trifft-magie-auf-dem-gendarmenmarkt\/#primaryimage\",\"url\":\"https:\/\/www.myticket.de\/de\/myspotlight\/app\/uploads\/2025\/07\/classic-open-air-tour-2025-1440x600-1.jpg\",\"contentUrl\":\"https:\/\/www.myticket.de\/de\/myspotlight\/app\/uploads\/2025\/07\/classic-open-air-tour-2025-1440x600-1.jpg\",\"width\":1440,\"height\":600,\"caption\":\"Classic Open Air 2025\"},{\"@type\":\"BreadcrumbList\",\"@id\":\"https:\/\/www.myticket.de\/de\/myspotlight\/news-insider\/classic-open-air-2025-musik-trifft-magie-auf-dem-gendarmenmarkt\/#breadcrumb\",\"itemListElement\":[{\"@type\":\"ListItem\",\"position\":1,\"name\":\"Home\",\"item\":\"https:\/\/www.myticket.de\/de\/myspotlight\/\"},{\"@type\":\"ListItem\",\"position\":2,\"name\":\"Classic Open Air 2025: Musik trifft Magie auf dem Gendarmenmarkt\"}]},{\"@type\":\"WebSite\",\"@id\":\"https:\/\/myspotlight.myticket.de\/#website\",\"url\":\"https:\/\/myspotlight.myticket.de\/\",\"name\":\"myticket myspotlight\",\"description\":\"\",\"alternateName\":\"myspotlight\",\"potentialAction\":[{\"@type\":\"SearchAction\",\"target\":{\"@type\":\"EntryPoint\",\"urlTemplate\":\"https:\/\/myspotlight.myticket.de\/?s={search_term_string}\"},\"query-input\":{\"@type\":\"PropertyValueSpecification\",\"valueRequired\":true,\"valueName\":\"search_term_string\"}}],\"inLanguage\":\"de-DE\"},{\"@type\":\"Person\",\"@id\":\"https:\/\/myspotlight.myticket.de\/#\/schema\/person\/7b85c269fc3fcb11b189fc4ef76cc808\",\"name\":\"Julia von myticket\",\"image\":{\"@type\":\"ImageObject\",\"inLanguage\":\"de-DE\",\"@id\":\"https:\/\/myspotlight.myticket.de\/#\/schema\/person\/image\/\",\"url\":\"https:\/\/secure.gravatar.com\/avatar\/601bcf99b97d84d7b361984486a63b64ab70e4e9b6c5b280e27fa90a2a9ca3c9?s=96&d=mm&r=g\",\"contentUrl\":\"https:\/\/secure.gravatar.com\/avatar\/601bcf99b97d84d7b361984486a63b64ab70e4e9b6c5b280e27fa90a2a9ca3c9?s=96&d=mm&r=g\",\"caption\":\"Julia von myticket\"},\"url\":\"https:\/\/www.myticket.de\/de\/myspotlight\/author\/julia-schmuck\/\"}]}<\/script>\n<!-- \/ Yoast SEO plugin. -->","yoast_head_json":{"title":"Classic Open Air 2025: Musik trifft Magie auf dem Gendarmenmarkt - myticket myspotlight","description":"Wir zeigen Dir, warum gerade der Gendarmenmarkt in Berlin die perfekte Kulisse f\u00fcr die besondere Magie des Classic Open Air 2025 ist!","robots":{"index":"index","follow":"follow","max-snippet":"max-snippet:-1","max-image-preview":"max-image-preview:large","max-video-preview":"max-video-preview:-1"},"canonical":"https:\/\/www.myticket.de\/de\/myspotlight\/news-insider\/classic-open-air-2025-musik-trifft-magie-auf-dem-gendarmenmarkt\/","og_locale":"de_DE","og_type":"article","og_title":"Classic Open Air 2025: Musik trifft Magie auf dem Gendarmenmarkt - myticket myspotlight","og_description":"Wir zeigen Dir, warum gerade der Gendarmenmarkt in Berlin die perfekte Kulisse f\u00fcr die besondere Magie des Classic Open Air 2025 ist!","og_url":"https:\/\/www.myticket.de\/de\/myspotlight\/news-insider\/classic-open-air-2025-musik-trifft-magie-auf-dem-gendarmenmarkt\/","og_site_name":"myticket myspotlight","article_published_time":"2025-07-17T14:04:10+00:00","article_modified_time":"2025-07-22T12:12:11+00:00","og_image":[{"width":1440,"height":600,"url":"https:\/\/www.myticket.de\/de\/myspotlight\/app\/uploads\/2025\/07\/classic-open-air-tour-2025-1440x600-1.jpg","type":"image\/jpeg"}],"author":"Julia von myticket","twitter_card":"summary_large_image","twitter_misc":{"Written by":"Julia von myticket","Est. reading time":"6 Minuten"},"schema":{"@context":"https:\/\/schema.org","@graph":[{"@type":"WebPage","@id":"https:\/\/www.myticket.de\/de\/myspotlight\/news-insider\/classic-open-air-2025-musik-trifft-magie-auf-dem-gendarmenmarkt\/","url":"https:\/\/www.myticket.de\/de\/myspotlight\/news-insider\/classic-open-air-2025-musik-trifft-magie-auf-dem-gendarmenmarkt\/","name":"Classic Open Air 2025: Musik trifft Magie auf dem Gendarmenmarkt - myticket myspotlight","isPartOf":{"@id":"https:\/\/myspotlight.myticket.de\/#website"},"primaryImageOfPage":{"@id":"https:\/\/www.myticket.de\/de\/myspotlight\/news-insider\/classic-open-air-2025-musik-trifft-magie-auf-dem-gendarmenmarkt\/#primaryimage"},"image":{"@id":"https:\/\/www.myticket.de\/de\/myspotlight\/news-insider\/classic-open-air-2025-musik-trifft-magie-auf-dem-gendarmenmarkt\/#primaryimage"},"thumbnailUrl":"https:\/\/www.myticket.de\/de\/myspotlight\/app\/uploads\/2025\/07\/classic-open-air-tour-2025-1440x600-1.jpg","datePublished":"2025-07-17T14:04:10+00:00","dateModified":"2025-07-22T12:12:11+00:00","author":{"@id":"https:\/\/myspotlight.myticket.de\/#\/schema\/person\/7b85c269fc3fcb11b189fc4ef76cc808"},"description":"Wir zeigen Dir, warum gerade der Gendarmenmarkt in Berlin die perfekte Kulisse f\u00fcr die besondere Magie des Classic Open Air 2025 ist!","breadcrumb":{"@id":"https:\/\/www.myticket.de\/de\/myspotlight\/news-insider\/classic-open-air-2025-musik-trifft-magie-auf-dem-gendarmenmarkt\/#breadcrumb"},"inLanguage":"de-DE","potentialAction":[{"@type":"ReadAction","target":["https:\/\/www.myticket.de\/de\/myspotlight\/news-insider\/classic-open-air-2025-musik-trifft-magie-auf-dem-gendarmenmarkt\/"]}]},{"@type":"ImageObject","inLanguage":"de-DE","@id":"https:\/\/www.myticket.de\/de\/myspotlight\/news-insider\/classic-open-air-2025-musik-trifft-magie-auf-dem-gendarmenmarkt\/#primaryimage","url":"https:\/\/www.myticket.de\/de\/myspotlight\/app\/uploads\/2025\/07\/classic-open-air-tour-2025-1440x600-1.jpg","contentUrl":"https:\/\/www.myticket.de\/de\/myspotlight\/app\/uploads\/2025\/07\/classic-open-air-tour-2025-1440x600-1.jpg","width":1440,"height":600,"caption":"Classic Open Air 2025"},{"@type":"BreadcrumbList","@id":"https:\/\/www.myticket.de\/de\/myspotlight\/news-insider\/classic-open-air-2025-musik-trifft-magie-auf-dem-gendarmenmarkt\/#breadcrumb","itemListElement":[{"@type":"ListItem","position":1,"name":"Home","item":"https:\/\/www.myticket.de\/de\/myspotlight\/"},{"@type":"ListItem","position":2,"name":"Classic Open Air 2025: Musik trifft Magie auf dem Gendarmenmarkt"}]},{"@type":"WebSite","@id":"https:\/\/myspotlight.myticket.de\/#website","url":"https:\/\/myspotlight.myticket.de\/","name":"myticket myspotlight","description":"","alternateName":"myspotlight","potentialAction":[{"@type":"SearchAction","target":{"@type":"EntryPoint","urlTemplate":"https:\/\/myspotlight.myticket.de\/?s={search_term_string}"},"query-input":{"@type":"PropertyValueSpecification","valueRequired":true,"valueName":"search_term_string"}}],"inLanguage":"de-DE"},{"@type":"Person","@id":"https:\/\/myspotlight.myticket.de\/#\/schema\/person\/7b85c269fc3fcb11b189fc4ef76cc808","name":"Julia von myticket","image":{"@type":"ImageObject","inLanguage":"de-DE","@id":"https:\/\/myspotlight.myticket.de\/#\/schema\/person\/image\/","url":"https:\/\/secure.gravatar.com\/avatar\/601bcf99b97d84d7b361984486a63b64ab70e4e9b6c5b280e27fa90a2a9ca3c9?s=96&d=mm&r=g","contentUrl":"https:\/\/secure.gravatar.com\/avatar\/601bcf99b97d84d7b361984486a63b64ab70e4e9b6c5b280e27fa90a2a9ca3c9?s=96&d=mm&r=g","caption":"Julia von myticket"},"url":"https:\/\/www.myticket.de\/de\/myspotlight\/author\/julia-schmuck\/"}]}},"_links":{"self":[{"href":"https:\/\/www.myticket.de\/de\/myspotlight\/wp-json\/wp\/v2\/posts\/2680","targetHints":{"allow":["GET"]}}],"collection":[{"href":"https:\/\/www.myticket.de\/de\/myspotlight\/wp-json\/wp\/v2\/posts"}],"about":[{"href":"https:\/\/www.myticket.de\/de\/myspotlight\/wp-json\/wp\/v2\/types\/post"}],"author":[{"embeddable":true,"href":"https:\/\/www.myticket.de\/de\/myspotlight\/wp-json\/wp\/v2\/users\/2"}],"replies":[{"embeddable":true,"href":"https:\/\/www.myticket.de\/de\/myspotlight\/wp-json\/wp\/v2\/comments?post=2680"}],"version-history":[{"count":57,"href":"https:\/\/www.myticket.de\/de\/myspotlight\/wp-json\/wp\/v2\/posts\/2680\/revisions"}],"predecessor-version":[{"id":2731,"href":"https:\/\/www.myticket.de\/de\/myspotlight\/wp-json\/wp\/v2\/posts\/2680\/revisions\/2731"}],"wp:featuredmedia":[{"embeddable":true,"href":"https:\/\/www.myticket.de\/de\/myspotlight\/wp-json\/wp\/v2\/media\/2717"}],"wp:attachment":[{"href":"https:\/\/www.myticket.de\/de\/myspotlight\/wp-json\/wp\/v2\/media?parent=2680"}],"wp:term":[{"taxonomy":"category","embeddable":true,"href":"https:\/\/www.myticket.de\/de\/myspotlight\/wp-json\/wp\/v2\/categories?post=2680"},{"taxonomy":"post_tag","embeddable":true,"href":"https:\/\/www.myticket.de\/de\/myspotlight\/wp-json\/wp\/v2\/tags?post=2680"}],"curies":[{"name":"wp","href":"https:\/\/api.w.org\/{rel}","templated":true}]}}