{"id":2557,"date":"2025-05-16T14:50:17","date_gmt":"2025-05-16T14:50:17","guid":{"rendered":"https:\/\/www.myticket.de\/de\/myspotlight\/?p=2557"},"modified":"2025-05-26T09:44:36","modified_gmt":"2025-05-26T09:44:36","slug":"flugforensik-inside-the-episode","status":"publish","type":"post","link":"https:\/\/www.myticket.de\/de\/myspotlight\/news-insider\/flugforensik-inside-the-episode\/","title":{"rendered":"Flugforensik \u2013 Inside the Episode"},"content":{"rendered":"<p><div class=\"fusion-fullwidth fullwidth-box fusion-builder-row-1 fusion-flex-container has-pattern-background has-mask-background fusion-parallax-none nonhundred-percent-fullwidth non-hundred-percent-height-scrolling lazyload\" style=\"--awb-border-radius-top-left:0px;--awb-border-radius-top-right:0px;--awb-border-radius-bottom-right:0px;--awb-border-radius-bottom-left:0px;--awb-padding-bottom:52px;--awb-padding-bottom-medium:20px;--awb-padding-bottom-small:5px;--awb-min-height:650px;--awb-background-size:cover;--awb-flex-wrap:wrap;\" data-bg=\"https:\/\/www.myticket.de\/de\/myspotlight\/app\/uploads\/2025\/05\/FLUGFORENSIK-Blog-1440x600-1.png\" data-fusion-responsive-bg=\"1\" data-bg-small=\"https:\/\/www.myticket.de\/de\/myspotlight\/app\/uploads\/2025\/05\/FLUGFORENSIK-Blog-415x650-1.png\" ><div class=\"fusion-builder-row fusion-row fusion-flex-align-items-flex-end fusion-flex-justify-content-space-between fusion-flex-content-wrap\" style=\"max-width:1364.48px;margin-left: calc(-4% \/ 2 );margin-right: calc(-4% \/ 2 );\"><div class=\"fusion-layout-column fusion_builder_column fusion-builder-column-0 fusion_builder_column_1_1 1_1 fusion-flex-column fusion-flex-align-self-flex-end mys-color-ticket mys-hero--color-ticket\" style=\"--awb-z-index:2;--awb-padding-top:28px;--awb-padding-right:21px;--awb-padding-bottom:25px;--awb-padding-left:21px;--awb-absolute-right:0px;--awb-absolute-bottom:-60px;--awb-overflow:hidden;--awb-container-position:absolute;--awb-bg-size:100%;--awb-width-large:100%;--awb-margin-top-large:0px;--awb-spacing-right-large:1.92%;--awb-margin-bottom-large:0px;--awb-spacing-left-large:1.92%;--awb-width-medium:40%;--awb-order-medium:0;--awb-spacing-right-medium:4.8%;--awb-spacing-left-medium:4.8%;--awb-width-small:100%;--awb-order-small:0;--awb-spacing-right-small:1.92%;--awb-spacing-left-small:1.92%;\" data-scroll-devices=\"small-visibility,medium-visibility,large-visibility\"><div class=\"fusion-column-wrapper lazyload fusion-column-has-shadow fusion-flex-justify-content-flex-end fusion-content-layout-column fusion-column-has-bg-image\" data-bg-url=\"https:\/\/www.myticket.de\/de\/myspotlight\/app\/uploads\/2024\/07\/marker-2-coral-new.svg\" data-bg=\"https:\/\/www.myticket.de\/de\/myspotlight\/app\/uploads\/2024\/07\/marker-2-coral-new.svg\"><div class=\"fusion-text fusion-text-1 fusion-text-no-margin mys-hero--text\" style=\"--awb-content-alignment:center;--awb-font-size:32px;--awb-text-color:var(--awb-color3);--awb-text-font-family:var(--awb-typography3-font-family);--awb-text-font-weight:var(--awb-typography3-font-weight);--awb-text-font-style:var(--awb-typography3-font-style);\"><\/div><\/div><\/div><\/div><\/div><div class=\"fusion-fullwidth fullwidth-box fusion-builder-row-2 fusion-flex-container has-pattern-background has-mask-background nonhundred-percent-fullwidth non-hundred-percent-height-scrolling\" style=\"--awb-border-radius-top-left:0px;--awb-border-radius-top-right:0px;--awb-border-radius-bottom-right:0px;--awb-border-radius-bottom-left:0px;--awb-flex-wrap:wrap;\" ><div class=\"fusion-builder-row fusion-row fusion-flex-align-items-flex-start fusion-flex-content-wrap\" style=\"max-width:1364.48px;margin-left: calc(-4% \/ 2 );margin-right: calc(-4% \/ 2 );\"><div class=\"fusion-layout-column fusion_builder_column fusion-builder-column-1 fusion_builder_column_1_1 1_1 fusion-flex-column\" style=\"--awb-bg-size:cover;--awb-width-large:100%;--awb-margin-top-large:0px;--awb-spacing-right-large:1.92%;--awb-margin-bottom-large:0px;--awb-spacing-left-large:1.92%;--awb-width-medium:100%;--awb-order-medium:0;--awb-spacing-right-medium:1.92%;--awb-spacing-left-medium:1.92%;--awb-width-small:100%;--awb-order-small:0;--awb-spacing-right-small:1.92%;--awb-spacing-left-small:1.92%;\"><div class=\"fusion-column-wrapper fusion-column-has-shadow fusion-flex-justify-content-flex-start fusion-content-layout-column\"><div class=\"fusion-text fusion-text-2 fusion-text-no-margin\" style=\"--awb-font-size:14px;--awb-line-height:22px;--awb-letter-spacing:0px;--awb-text-transform:uppercase;--awb-text-color:var(--awb-color6);--awb-margin-top:5px;--awb-text-font-family:var(--awb-typography5-font-family);--awb-text-font-weight:var(--awb-typography5-font-weight);--awb-text-font-style:var(--awb-typography5-font-style);\"><p>\u00a9\u00a0Stadtg\u00f6ren Fotografie<\/p>\n<\/div><\/div><\/div><\/div><\/div><article class=\"fusion-fullwidth fullwidth-box fusion-builder-row-3 fusion-flex-container has-pattern-background has-mask-background nonhundred-percent-fullwidth non-hundred-percent-height-scrolling\" style=\"--awb-border-radius-top-left:0px;--awb-border-radius-top-right:0px;--awb-border-radius-bottom-right:0px;--awb-border-radius-bottom-left:0px;--awb-padding-top:72px;--awb-padding-bottom:50px;--awb-padding-bottom-medium:25px;--awb-padding-bottom-small:20px;--awb-flex-wrap:wrap;\" ><div class=\"fusion-builder-row fusion-row fusion-flex-align-items-flex-start fusion-flex-content-wrap\" style=\"max-width:1364.48px;margin-left: calc(-4% \/ 2 );margin-right: calc(-4% \/ 2 );\"><div class=\"fusion-layout-column fusion_builder_column fusion-builder-column-2 fusion_builder_column_1_1 1_1 fusion-flex-column\" style=\"--awb-bg-size:cover;--awb-width-large:100%;--awb-margin-top-large:0px;--awb-spacing-right-large:1.92%;--awb-margin-bottom-large:10px;--awb-spacing-left-large:1.92%;--awb-width-medium:100%;--awb-order-medium:0;--awb-spacing-right-medium:1.92%;--awb-spacing-left-medium:1.92%;--awb-width-small:100%;--awb-order-small:0;--awb-spacing-right-small:1.92%;--awb-spacing-left-small:1.92%;\"><div class=\"fusion-column-wrapper fusion-column-has-shadow fusion-flex-justify-content-flex-start fusion-content-layout-column\"><div class=\"fusion-text fusion-text-3 fusion-text-no-margin mys-tagcloud-lightblue\" style=\"--awb-font-size:14px;--awb-text-color:var(--awb-custom_color_3);--awb-text-font-family:var(--awb-typography4-font-family);--awb-text-font-weight:var(--awb-typography4-font-weight);--awb-text-font-style:var(--awb-typography4-font-style);\"><\/div><\/div><\/div><div class=\"fusion-layout-column fusion_builder_column fusion-builder-column-3 fusion_builder_column_1_1 1_1 fusion-flex-column\" style=\"--awb-bg-size:cover;--awb-width-large:100%;--awb-margin-top-large:0px;--awb-spacing-right-large:1.92%;--awb-margin-bottom-large:0px;--awb-spacing-left-large:1.92%;--awb-width-medium:100%;--awb-order-medium:0;--awb-spacing-right-medium:1.92%;--awb-spacing-left-medium:1.92%;--awb-width-small:100%;--awb-order-small:0;--awb-spacing-right-small:1.92%;--awb-margin-bottom-small:20px;--awb-spacing-left-small:1.92%;\"><div class=\"fusion-column-wrapper fusion-column-has-shadow fusion-flex-justify-content-flex-start fusion-content-layout-column\"><div class=\"fusion-title title fusion-title-1 fusion-sep-none fusion-title-text fusion-title-size-one\" style=\"--awb-text-color:var(--awb-color1);--awb-margin-top:0px;--awb-margin-right:0px;--awb-margin-bottom:20px;--awb-margin-left:0px;--awb-margin-top-small:0px;--awb-margin-right-small:0px;--awb-margin-bottom-small:0px;--awb-margin-left-small:0px;--awb-font-size:48px;\"><h1 class=\"fusion-title-heading title-heading-left fusion-responsive-typography-calculated\" style=\"font-family:var(--awb-typography1-font-family);font-weight:var(--awb-typography1-font-weight);font-style:var(--awb-typography1-font-style);margin:0;font-size:1em;--fontSize:48;line-height:1.13;\">Flugforensik \u2013 Inside the Episode<\/h1><\/div><\/div><\/div><div class=\"fusion-layout-column fusion_builder_column fusion-builder-column-4 fusion_builder_column_1_1 1_1 fusion-flex-column fusion-flex-align-self-flex-start\" style=\"--awb-padding-bottom:0px;--awb-bg-size:cover;--awb-width-large:100%;--awb-margin-top-large:0px;--awb-spacing-right-large:1.92%;--awb-margin-bottom-large:0px;--awb-spacing-left-large:1.92%;--awb-width-medium:100%;--awb-order-medium:0;--awb-spacing-right-medium:1.92%;--awb-spacing-left-medium:1.92%;--awb-width-small:100%;--awb-order-small:0;--awb-spacing-right-small:1.92%;--awb-spacing-left-small:1.92%;\"><div class=\"fusion-column-wrapper fusion-column-has-shadow fusion-flex-justify-content-flex-start fusion-content-layout-row\"><div class=\"fusion-text fusion-text-4 fusion-text-no-margin\" style=\"--awb-font-size:24px;--awb-text-color:var(--awb-color7);--awb-margin-right:10px;--awb-text-font-family:&quot;Cabin&quot;;--awb-text-font-style:normal;--awb-text-font-weight:600;\"><p>16. Mai 2025<\/p>\n<\/div><div class=\"fusion-text fusion-text-5 fusion-text-no-margin mys-entry--author\" style=\"--awb-content-alignment:left;--awb-font-size:24px;--awb-text-color:var(--awb-color7);--awb-margin-left:10px;--awb-text-font-family:&quot;Cabin&quot;;--awb-text-font-style:normal;--awb-text-font-weight:600;\"><p>Julia von myticket<\/p>\n<\/div><\/div><\/div><div class=\"fusion-layout-column fusion_builder_column fusion-builder-column-5 fusion_builder_column_1_1 1_1 fusion-flex-column\" style=\"--awb-padding-right:180px;--awb-padding-right-medium:0px;--awb-bg-size:cover;--awb-width-large:100%;--awb-margin-top-large:10px;--awb-spacing-right-large:1.92%;--awb-margin-bottom-large:0px;--awb-spacing-left-large:1.92%;--awb-width-medium:100%;--awb-order-medium:0;--awb-spacing-right-medium:1.92%;--awb-spacing-left-medium:1.92%;--awb-width-small:100%;--awb-order-small:0;--awb-spacing-right-small:1.92%;--awb-spacing-left-small:1.92%;\"><div class=\"fusion-column-wrapper fusion-column-has-shadow fusion-flex-justify-content-flex-start fusion-content-layout-column\"><div class=\"fusion-text fusion-text-6 fusion-text-no-margin\"><p>Ein \u201eMayday\u201c-Notruf aus dem Cockpit, Nachrichtensprecher melden sich mit ersten Berichten \u00fcber einen dramatischen Sinkflug eines Airbus, O-T\u00f6ne werden eingeblendet: \u201eIch dachte, ich m\u00fcsste sterben.\u201c<\/p>\n<p>Das ist der Beginn der Folge \u201e25 Minuten Todesangst: Airbus A330 \u2013 Segelflug \u00fcber dem Atlantik\u201c aus dem Podcast Flugforensik \u2013 Abst\u00fcrze und ihre Geschichte von Benjamin Denes und Andreas Spaeth. Bald gehen die beiden mit einem neuen Fall auf Live-Tour. Ich wollte wissen, was mich da eigentlich erwartet, und habe als Neuzugang in eben diese Folge hineingeh\u00f6rt.<\/p>\n<\/div><\/div><\/div><\/div><\/article><section class=\"fusion-fullwidth fullwidth-box fusion-builder-row-4 fusion-flex-container has-pattern-background has-mask-background mys-remove-bg nonhundred-percent-fullwidth non-hundred-percent-height-scrolling\" style=\"--awb-border-radius-top-left:0px;--awb-border-radius-top-right:0px;--awb-border-radius-bottom-right:0px;--awb-border-radius-bottom-left:0px;--awb-margin-top:50px;--awb-margin-bottom:50px;--awb-margin-top-medium:25px;--awb-margin-bottom-medium:25px;--awb-margin-top-small:20px;--awb-margin-bottom-small:20px;--awb-flex-wrap:wrap;\" ><div class=\"fusion-builder-row fusion-row fusion-flex-align-items-flex-start fusion-flex-content-wrap\" style=\"max-width:1364.48px;margin-left: calc(-4% \/ 2 );margin-right: calc(-4% \/ 2 );\"><div class=\"fusion-layout-column fusion_builder_column fusion-builder-column-6 fusion_builder_column_1_1 1_1 fusion-flex-column fusion-flex-align-self-stretch\" style=\"--awb-bg-size:cover;--awb-width-large:100%;--awb-margin-top-large:0px;--awb-spacing-right-large:0px;--awb-margin-bottom-large:0px;--awb-spacing-left-large:1.92%;--awb-width-medium:100%;--awb-order-medium:0;--awb-spacing-right-medium:0px;--awb-spacing-left-medium:1.92%;--awb-width-small:100%;--awb-order-small:0;--awb-spacing-right-small:1.92%;--awb-spacing-left-small:1.92%;\"><div class=\"fusion-column-wrapper fusion-column-has-shadow fusion-flex-justify-content-flex-start fusion-content-layout-column\"><div class=\"fusion-title title fusion-title-2 fusion-sep-none fusion-title-text fusion-title-size-two\" style=\"--awb-text-color:var(--awb-color1);--awb-margin-top:0px;--awb-margin-right:0px;--awb-margin-bottom:30px;--awb-margin-left:0px;--awb-margin-top-small:0px;--awb-margin-right-small:0px;--awb-margin-bottom-small:15px;--awb-margin-left-small:0px;--awb-margin-bottom-medium:20px;--awb-font-size:48px;\"><h2 class=\"fusion-title-heading title-heading-left fusion-responsive-typography-calculated\" style=\"font-family:&quot;Cabin&quot;;font-style:normal;font-weight:400;margin:0;font-size:1em;--fontSize:48;line-height:1.13;\">Warum Flugforensik mich als True-Crime-H\u00f6rerin sofort gepackt hat<\/h2><\/div><div class=\"fusion-text fusion-text-7 fusion-text-no-margin\" style=\"--awb-margin-bottom:20px;\"><p>Ich bin langj\u00e4hrige True-Crime-H\u00f6rerin. Besonders interessieren mich die psychologischen Aspekte hinter Verbrechen sowie die kriminaltechnische Aufarbeitung \u2013 und damit nat\u00fcrlich auch das Thema Forensik.<br \/>\nMit Flugforensik habe ich mich zugegebenerma\u00dfen bisher kaum besch\u00e4ftigt. Zwar wird der tragische Fall Germanwings auch in True-Crime-Formaten thematisiert, doch meist steht in der Flugforensik kein krimineller Vorsatz, kein Verbrechen im Mittelpunkt \u2013 sondern technisches oder menschliches Versagen in 10.000 Metern H\u00f6he.<br \/>\nFlugforensik ist mehr: Im Podcast gehen Benjamin Denes und Andreas Spaeth komplexen technischen Zusammenh\u00e4ngen, fatalen Fehlerketten und auch den Geschichten der Menschen an Bord auf den Grund.<\/p>\n<\/div><\/div><\/div><\/div><\/section><section class=\"fusion-fullwidth fullwidth-box fusion-builder-row-5 fusion-flex-container has-pattern-background has-mask-background mys-remove-bg nonhundred-percent-fullwidth non-hundred-percent-height-scrolling\" style=\"--awb-border-radius-top-left:0px;--awb-border-radius-top-right:0px;--awb-border-radius-bottom-right:0px;--awb-border-radius-bottom-left:0px;--awb-margin-top:50px;--awb-margin-bottom:50px;--awb-margin-top-medium:25px;--awb-margin-bottom-medium:25px;--awb-margin-top-small:20px;--awb-margin-bottom-small:20px;--awb-flex-wrap:wrap;\" ><div class=\"fusion-builder-row fusion-row fusion-flex-align-items-flex-start fusion-flex-content-wrap\" style=\"max-width:1364.48px;margin-left: calc(-4% \/ 2 );margin-right: calc(-4% \/ 2 );\"><div class=\"fusion-layout-column fusion_builder_column fusion-builder-column-7 fusion_builder_column_1_1 1_1 fusion-flex-column fusion-flex-align-self-stretch\" style=\"--awb-bg-size:cover;--awb-width-large:100%;--awb-margin-top-large:0px;--awb-spacing-right-large:0px;--awb-margin-bottom-large:0px;--awb-spacing-left-large:1.92%;--awb-width-medium:100%;--awb-order-medium:0;--awb-spacing-right-medium:0px;--awb-spacing-left-medium:1.92%;--awb-width-small:100%;--awb-order-small:0;--awb-spacing-right-small:1.92%;--awb-spacing-left-small:1.92%;\"><div class=\"fusion-column-wrapper fusion-column-has-shadow fusion-flex-justify-content-flex-start fusion-content-layout-column\"><div class=\"fusion-title title fusion-title-3 fusion-sep-none fusion-title-text fusion-title-size-two\" style=\"--awb-text-color:var(--awb-color1);--awb-margin-top:0px;--awb-margin-right:0px;--awb-margin-bottom:30px;--awb-margin-left:0px;--awb-margin-top-small:0px;--awb-margin-right-small:0px;--awb-margin-bottom-small:15px;--awb-margin-left-small:0px;--awb-margin-bottom-medium:20px;--awb-font-size:48px;\"><h2 class=\"fusion-title-heading title-heading-left fusion-responsive-typography-calculated\" style=\"font-family:&quot;Cabin&quot;;font-style:normal;font-weight:400;margin:0;font-size:1em;--fontSize:48;line-height:1.13;\">Die Folge: Segelflug \u00fcber den Atlantik<\/h2><\/div><\/div><\/div><\/div><\/section><div class=\"fusion-fullwidth fullwidth-box fusion-builder-row-6 fusion-flex-container has-pattern-background has-mask-background nonhundred-percent-fullwidth non-hundred-percent-height-scrolling\" style=\"--awb-border-radius-top-left:0px;--awb-border-radius-top-right:0px;--awb-border-radius-bottom-right:0px;--awb-border-radius-bottom-left:0px;--awb-padding-top:50px;--awb-padding-bottom:0px;--awb-padding-top-medium:25px;--awb-padding-bottom-medium:0px;--awb-padding-top-small:20px;--awb-padding-bottom-small:0px;--awb-flex-wrap:wrap;\" ><div class=\"fusion-builder-row fusion-row fusion-flex-align-items-flex-start fusion-flex-content-wrap\" style=\"max-width:1364.48px;margin-left: calc(-4% \/ 2 );margin-right: calc(-4% \/ 2 );\"><div class=\"fusion-layout-column fusion_builder_column fusion-builder-column-8 fusion_builder_column_1_1 1_1 fusion-flex-column mys-faq--mark mys-faq--interview\" style=\"--awb-padding-bottom:48px;--awb-padding-left:110px;--awb-padding-top-medium:10px;--awb-padding-bottom-medium:25px;--awb-padding-left-medium:55px;--awb-padding-top-small:10px;--awb-padding-bottom-small:20px;--awb-padding-left-small:55px;--awb-bg-size:cover;--awb-width-large:100%;--awb-margin-top-large:0px;--awb-spacing-right-large:1.92%;--awb-margin-bottom-large:0px;--awb-spacing-left-large:1.92%;--awb-width-medium:100%;--awb-order-medium:0;--awb-spacing-right-medium:1.92%;--awb-spacing-left-medium:1.92%;--awb-width-small:100%;--awb-order-small:0;--awb-spacing-right-small:1.92%;--awb-spacing-left-small:1.92%;\"><div class=\"fusion-column-wrapper fusion-column-has-shadow fusion-flex-justify-content-flex-start fusion-content-layout-column\"><div class=\"fusion-text fusion-text-8 fusion-text-no-margin\" style=\"--awb-text-color:var(--awb-custom_color_1);--awb-text-font-family:var(--awb-typography4-font-family);--awb-text-font-weight:var(--awb-typography4-font-weight);--awb-text-font-style:var(--awb-typography4-font-style);\"><p>Es geht um eine der wahrscheinlich bekanntesten [\u2026] Beinahe-Katastrophen der zivilen Luftfahrt. Da ist ein Albtraum passiert. Mitten \u00fcber dem Atlantik ist 2001 einem Airbus A330 der Sprit ausgegangen.<\/p>\n<\/div><\/div><\/div><\/div><\/div><section class=\"fusion-fullwidth fullwidth-box fusion-builder-row-7 fusion-flex-container has-pattern-background has-mask-background mys-remove-bg nonhundred-percent-fullwidth non-hundred-percent-height-scrolling\" style=\"--awb-border-radius-top-left:0px;--awb-border-radius-top-right:0px;--awb-border-radius-bottom-right:0px;--awb-border-radius-bottom-left:0px;--awb-margin-top:50px;--awb-margin-bottom:50px;--awb-margin-top-medium:25px;--awb-margin-bottom-medium:25px;--awb-margin-top-small:20px;--awb-margin-bottom-small:20px;--awb-flex-wrap:wrap;\" ><div class=\"fusion-builder-row fusion-row fusion-flex-align-items-flex-start fusion-flex-content-wrap\" style=\"max-width:1364.48px;margin-left: calc(-4% \/ 2 );margin-right: calc(-4% \/ 2 );\"><div class=\"fusion-layout-column fusion_builder_column fusion-builder-column-9 fusion_builder_column_1_1 1_1 fusion-flex-column fusion-flex-align-self-stretch\" style=\"--awb-bg-size:cover;--awb-width-large:100%;--awb-margin-top-large:0px;--awb-spacing-right-large:0px;--awb-margin-bottom-large:0px;--awb-spacing-left-large:1.92%;--awb-width-medium:100%;--awb-order-medium:0;--awb-spacing-right-medium:0px;--awb-spacing-left-medium:1.92%;--awb-width-small:100%;--awb-order-small:0;--awb-spacing-right-small:1.92%;--awb-spacing-left-small:1.92%;\"><div class=\"fusion-column-wrapper fusion-column-has-shadow fusion-flex-justify-content-flex-start fusion-content-layout-column\"><div class=\"fusion-text fusion-text-9 fusion-text-no-margin\" style=\"--awb-margin-bottom:20px;\"><p>Mit diesen Worten beginnt die Folge \u201e25 Minuten Todesangst\u201c \u2013 und f\u00fchrt uns direkt ins Innere des Airbus A330, das so lange ohne Antrieb flog wie noch kein Verkehrsflugzeug zuvor. An Bord: Urlaubsreisende, Flitterw\u00f6chner, Heimaturlauber \u2013 293 Passagiere und 13 Crew-Mitglieder. Ein Triebwerk wurde kurz zuvor gewartet, eigentlich war alles bereit f\u00fcr einen sicheren Flug. Doch es kommt anders.<\/p>\n<p>Begleitet von verschiedenen Einspielern und O-T\u00f6nen rekonstruieren Benjamin Denes und Andreas Spaeth den dramatischen Ablauf. Dabei geht es um technische und menschliche Fehler \u2013 und um Fragen, die sich wohl fast jeder schon gestellt hat, sobald er ein Flugzeug betreten hat:<\/p>\n<\/div><\/div><\/div><div class=\"fusion-layout-column fusion_builder_column fusion-builder-column-10 fusion_builder_column_1_1 1_1 fusion-flex-column fusion-flex-align-self-stretch\" style=\"--awb-bg-size:cover;--awb-width-large:100%;--awb-margin-top-large:0px;--awb-spacing-right-large:0px;--awb-margin-bottom-large:0px;--awb-spacing-left-large:1.92%;--awb-width-medium:100%;--awb-order-medium:0;--awb-spacing-right-medium:0px;--awb-spacing-left-medium:1.92%;--awb-width-small:100%;--awb-order-small:0;--awb-spacing-right-small:1.92%;--awb-spacing-left-small:1.92%;\"><div class=\"fusion-column-wrapper fusion-column-has-shadow fusion-flex-justify-content-flex-start fusion-content-layout-column\"><div class=\"fusion-text fusion-text-10 fusion-text-no-margin\" style=\"--awb-margin-bottom:20px;\"><ul>\n<li>Was tut ein Pilot, wenn die Tankanzeige mitten in der Luft zu wenig Sprit anzeigt?<\/li>\n<li>Welche R\u00fcckversicherungen gibt es, wenn die Technik aussetzt?<\/li>\n<li>Wie viel bekommen die Passagiere von dem Drama wirklich mit \u2013 und ab wann?<\/li>\n<li>Warum ist eine Landung auf dem Wasser eigentlich so gef\u00e4hrlich?<\/li>\n<\/ul>\n<\/div><\/div><\/div><\/div><\/section><div class=\"fusion-fullwidth fullwidth-box fusion-builder-row-8 fusion-flex-container has-pattern-background has-mask-background nonhundred-percent-fullwidth non-hundred-percent-height-scrolling\" style=\"--awb-border-radius-top-left:0px;--awb-border-radius-top-right:0px;--awb-border-radius-bottom-right:0px;--awb-border-radius-bottom-left:0px;--awb-padding-top:40px;--awb-margin-top:50px;--awb-margin-bottom:50px;--awb-margin-top-medium:25px;--awb-margin-bottom-medium:25px;--awb-margin-top-small:20px;--awb-margin-bottom-small:20px;--awb-flex-wrap:wrap;\" ><div class=\"fusion-builder-row fusion-row fusion-flex-align-items-flex-start fusion-flex-content-wrap\" style=\"max-width:1364.48px;margin-left: calc(-4% \/ 2 );margin-right: calc(-4% \/ 2 );\"><div class=\"fusion-layout-column fusion_builder_column fusion-builder-column-11 fusion_builder_column_2_5 2_5 fusion-flex-column fusion-flex-align-self-flex-start mys-border--rounded-vert mys-border--rounded-vert--right\" style=\"--awb-bg-color:var(--awb-color4);--awb-bg-color-hover:var(--awb-color4);--awb-bg-size:cover;--awb-width-large:40%;--awb-margin-top-large:0px;--awb-spacing-right-large:0px;--awb-margin-bottom-large:0px;--awb-spacing-left-large:4.8%;--awb-width-medium:40%;--awb-order-medium:0;--awb-spacing-right-medium:0px;--awb-spacing-left-medium:4.8%;--awb-width-small:100%;--awb-order-small:0;--awb-spacing-right-small:1.92%;--awb-spacing-left-small:1.92%;\"><div class=\"fusion-column-wrapper fusion-column-has-shadow fusion-flex-justify-content-flex-start fusion-content-layout-column\"><div class=\"fusion-image-element \" style=\"text-align:center;--awb-margin-top:-40px;--awb-margin-right-medium:0px;--awb-margin-left-medium:0px;--awb-max-width:309px;--awb-caption-title-font-family:var(--h2_typography-font-family);--awb-caption-title-font-weight:var(--h2_typography-font-weight);--awb-caption-title-font-style:var(--h2_typography-font-style);--awb-caption-title-size:var(--h2_typography-font-size);--awb-caption-title-transform:var(--h2_typography-text-transform);--awb-caption-title-line-height:var(--h2_typography-line-height);--awb-caption-title-letter-spacing:var(--h2_typography-letter-spacing);\"><span class=\" fusion-imageframe imageframe-none imageframe-1 hover-type-none\"><img decoding=\"async\" width=\"375\" height=\"375\" alt=\"Tipp-Icon\" title=\"Tipp\" src=\"https:\/\/www.myticket.de\/de\/myspotlight\/app\/uploads\/2025\/05\/Tipp.png\" data-orig-src=\"https:\/\/www.myticket.de\/de\/myspotlight\/app\/uploads\/2025\/05\/Tipp.png\" class=\"lazyload img-responsive wp-image-2563\" srcset=\"data:image\/svg+xml,%3Csvg%20xmlns%3D%27http%3A%2F%2Fwww.w3.org%2F2000%2Fsvg%27%20width%3D%27375%27%20height%3D%27375%27%20viewBox%3D%270%200%20375%20375%27%3E%3Crect%20width%3D%27375%27%20height%3D%27375%27%20fill-opacity%3D%220%22%2F%3E%3C%2Fsvg%3E\" data-srcset=\"https:\/\/www.myticket.de\/de\/myspotlight\/app\/uploads\/2025\/05\/Tipp-200x200.png 200w, https:\/\/www.myticket.de\/de\/myspotlight\/app\/uploads\/2025\/05\/Tipp.png 375w\" data-sizes=\"auto\" data-orig-sizes=\"(max-width: 767px) 100vw, 375px\" \/><\/span><\/div><div class=\"fusion-text fusion-text-11\" style=\"--awb-content-alignment:center;--awb-font-size:16px;--awb-line-height:24px;--awb-text-color:var(--awb-color7);--awb-margin-right:30px;--awb-margin-left:30px;--awb-text-font-family:var(--awb-typography3-font-family);--awb-text-font-weight:var(--awb-typography3-font-weight);--awb-text-font-style:var(--awb-typography3-font-style);\"><p><strong>Tipp:<\/strong> Auf der Webseite <a href=\"https:\/\/flugforensik.de\">https:\/\/flugforensik.de<\/a> findet ihr weitere Informationen und Bilder zu dem Geschehen.<\/p>\n<\/div><\/div><\/div><div class=\"fusion-layout-column fusion_builder_column fusion-builder-column-12 fusion_builder_column_3_5 3_5 fusion-flex-column fusion-flex-align-self-stretch\" style=\"--awb-bg-size:cover;--awb-width-large:60%;--awb-margin-top-large:0px;--awb-spacing-right-large:0px;--awb-margin-bottom-large:0px;--awb-spacing-left-large:3.2%;--awb-width-medium:100%;--awb-order-medium:0;--awb-spacing-right-medium:0px;--awb-spacing-left-medium:1.92%;--awb-width-small:100%;--awb-order-small:0;--awb-spacing-right-small:1.92%;--awb-spacing-left-small:1.92%;\"><div class=\"fusion-column-wrapper fusion-column-has-shadow fusion-flex-justify-content-flex-start fusion-content-layout-column\"><div class=\"fusion-text fusion-text-12 fusion-text-no-margin\" style=\"--awb-margin-bottom:20px;\"><p>Diese Wasserlandung ist es schlie\u00dflich, die den Passagieren das Leben rettet. Besonders spannend und aufw\u00fchlend ist das Interview mit Robert Pich\u00e9, dem Piloten des Flugs. Er berichtet \u00fcber seine Erlebnisse, seine Entscheidungen \u2013 und die Herausforderungen durch das neue, vollautomatisierte Flugzeugmodell, auf das er sich kurzfristig einstellen musste. Einige Kollegen gingen wegen dieser Umstellung fr\u00fchzeitig in Rente. Nicht so Pich\u00e9: Im Podcast erfahrt ihr, welche Fehlentscheidungen Pich\u00e9 traf, warum aber gerade auch seine langj\u00e4hrige Erfahrung den Insassen des Flugzeugs das Leben rettete.<\/p>\n<\/div><div class=\"fusion-text fusion-text-13 fusion-text-no-margin\" style=\"--awb-margin-bottom:20px;\"><p>Trotz der gegl\u00fcckten Notlandung sieht er sich sp\u00e4ter \u2013 ebenso wie weitere Verantwortliche \u2013 mit Kritik konfrontiert. Denn der Podcast beleuchtet auch: Wie konnte es \u00fcberhaupt zu dem massiven Treibstoffverlust kommen?<\/p>\n<\/div><\/div><\/div><\/div><\/div><div class=\"fusion-fullwidth fullwidth-box fusion-builder-row-9 fusion-flex-container has-pattern-background has-mask-background nonhundred-percent-fullwidth non-hundred-percent-height-scrolling\" style=\"--awb-border-radius-top-left:0px;--awb-border-radius-top-right:0px;--awb-border-radius-bottom-right:0px;--awb-border-radius-bottom-left:0px;--awb-padding-top:40px;--awb-margin-top:50px;--awb-margin-bottom:50px;--awb-margin-top-medium:25px;--awb-margin-bottom-medium:25px;--awb-margin-top-small:20px;--awb-margin-bottom-small:20px;--awb-flex-wrap:wrap;\" ><div class=\"fusion-builder-row fusion-row fusion-flex-align-items-flex-start fusion-flex-content-wrap\" style=\"max-width:1364.48px;margin-left: calc(-4% \/ 2 );margin-right: calc(-4% \/ 2 );\"><div class=\"fusion-layout-column fusion_builder_column fusion-builder-column-13 fusion_builder_column_1_1 1_1 fusion-flex-column fusion-flex-align-self-stretch\" style=\"--awb-bg-size:cover;--awb-width-large:100%;--awb-margin-top-large:0px;--awb-spacing-right-large:0px;--awb-margin-bottom-large:0px;--awb-spacing-left-large:1.92%;--awb-width-medium:100%;--awb-order-medium:0;--awb-spacing-right-medium:0px;--awb-spacing-left-medium:1.92%;--awb-width-small:100%;--awb-order-small:0;--awb-spacing-right-small:1.92%;--awb-spacing-left-small:1.92%;\"><div class=\"fusion-column-wrapper fusion-column-has-shadow fusion-flex-justify-content-flex-start fusion-content-layout-column\"><div class=\"fusion-text fusion-text-14 fusion-text-no-margin\" style=\"--awb-margin-bottom:20px;\"><p>Besonders interessant sind dabei die Einordnungen von Thomas K\u00e4rger (Ex-Air-Berlin-Kapit\u00e4n) und Flugger\u00e4temechaniker Lars Hillebrecht. Auch die psychologische Perspektive fehlt nicht: Dr. Margaret McKinnon, Psychologin, Neurowissenschaftlerin \u2013 und selbst Passagierin an Bord \u2013 spricht \u00fcber die Traumatisierung nach solchen Erlebnissen und die wissenschaftlichen Schl\u00fcsse, die daraus gezogen wurden.<\/p>\n<\/div><\/div><\/div><\/div><\/div><section class=\"fusion-fullwidth fullwidth-box fusion-builder-row-10 fusion-flex-container has-pattern-background has-mask-background nonhundred-percent-fullwidth non-hundred-percent-height-scrolling\" style=\"--awb-border-radius-top-left:0px;--awb-border-radius-top-right:0px;--awb-border-radius-bottom-right:0px;--awb-border-radius-bottom-left:0px;--awb-padding-top:50px;--awb-padding-bottom:50px;--awb-padding-top-medium:25px;--awb-padding-bottom-medium:25px;--awb-padding-top-small:20px;--awb-padding-bottom-small:20px;--awb-background-color:var(--awb-color3);--awb-flex-wrap:wrap;\" ><div class=\"fusion-builder-row fusion-row fusion-flex-align-items-flex-start fusion-flex-content-wrap\" style=\"max-width:1364.48px;margin-left: calc(-4% \/ 2 );margin-right: calc(-4% \/ 2 );\"><div class=\"fusion-layout-column fusion_builder_column fusion-builder-column-14 fusion_builder_column_1_1 1_1 fusion-flex-column fusion-flex-align-self-stretch\" style=\"--awb-bg-size:cover;--awb-width-large:100%;--awb-margin-top-large:0px;--awb-spacing-right-large:1.92%;--awb-margin-bottom-large:0px;--awb-spacing-left-large:1.92%;--awb-width-medium:100%;--awb-order-medium:0;--awb-spacing-right-medium:1.92%;--awb-spacing-left-medium:1.92%;--awb-width-small:100%;--awb-order-small:0;--awb-spacing-right-small:1.92%;--awb-spacing-left-small:1.92%;\"><div class=\"fusion-column-wrapper fusion-column-has-shadow fusion-flex-justify-content-flex-start fusion-content-layout-column\"><div class=\"fusion-title title fusion-title-4 fusion-sep-none fusion-title-text fusion-title-size-three\" style=\"--awb-text-color:var(--awb-color1);--awb-margin-top:0px;--awb-margin-right:0px;--awb-margin-bottom:24px;--awb-margin-left:0px;--awb-margin-top-small:0px;--awb-margin-right-small:0px;--awb-margin-bottom-small:15px;--awb-margin-left-small:0px;--awb-font-size:40px;\"><h3 class=\"fusion-title-heading title-heading-left fusion-responsive-typography-calculated\" style=\"font-family:&quot;Cabin&quot;;font-style:normal;font-weight:400;margin:0;font-size:1em;--fontSize:40;line-height:1.25;\">Mein Fazit: Fesselnd \u2013 und \u00fcberraschend beruhigend<\/h3><\/div><div class=\"fusion-text fusion-text-15 fusion-text-no-margin\" style=\"--awb-margin-bottom:24px;\"><p>Ich h\u00e4tte nicht gedacht, dass mich technische Abl\u00e4ufe so fesseln k\u00f6nnen. Aber Flugforensik ist mehr als Technik. Es geht um menschliche Erfahrungen, um Entscheidungen unter Druck, um Schicksale.<\/p>\n<p>Was mich besonders \u00fcberrascht hat: Viele Menschen mit Flugangst h\u00f6ren diesen Podcast \u2013 nicht, um sich zu gruseln, sondern um Vertrauen zu gewinnen. Denn bei aller Dramatik wird auch deutlich, wie viele Sicherheitsmechanismen greifen, wie professionell Crews geschult sind, und wie wenig in der Luftfahrt dem Zufall \u00fcberlassen bleibt.<\/p>\n<p>Neben tragischen Geschichten zeigt Flugforensik eben auch, wie Menschen \u00fcber sich hinauswachsen. Auf der Live-Tour werdet ihr mit einem ganz neuen Fall konfrontiert: Im Dezember 1972 st\u00fcrzt eine Lockheed TriStar in pechschwarzer Nacht in den Everglades in Florida ab. Es ist der erste Absturz eines Gro\u00dfraumjets in der Luftfahrtgeschichte. Mehr erfahrt ihr nat\u00fcrlich auf der Tour!<\/p>\n<\/div><\/div><\/div><\/div><\/section><div class=\"fusion-fullwidth fullwidth-box fusion-builder-row-11 fusion-flex-container has-pattern-background has-mask-background nonhundred-percent-fullwidth non-hundred-percent-height-scrolling\" style=\"--awb-border-radius-top-left:0px;--awb-border-radius-top-right:0px;--awb-border-radius-bottom-right:0px;--awb-border-radius-bottom-left:0px;--awb-padding-top:40px;--awb-margin-top:50px;--awb-margin-bottom:50px;--awb-margin-top-medium:25px;--awb-margin-bottom-medium:25px;--awb-margin-top-small:20px;--awb-margin-bottom-small:20px;--awb-flex-wrap:wrap;\" ><div class=\"fusion-builder-row fusion-row fusion-flex-align-items-flex-start fusion-flex-content-wrap\" style=\"max-width:1364.48px;margin-left: calc(-4% \/ 2 );margin-right: calc(-4% \/ 2 );\"><div class=\"fusion-layout-column fusion_builder_column fusion-builder-column-15 fusion_builder_column_2_5 2_5 fusion-flex-column fusion-flex-align-self-flex-start mys-border--rounded-vert mys-border--rounded-vert--right\" style=\"--awb-bg-color:var(--awb-color4);--awb-bg-color-hover:var(--awb-color4);--awb-bg-size:cover;--awb-width-large:40%;--awb-margin-top-large:0px;--awb-spacing-right-large:0px;--awb-margin-bottom-large:0px;--awb-spacing-left-large:4.8%;--awb-width-medium:40%;--awb-order-medium:0;--awb-spacing-right-medium:0px;--awb-spacing-left-medium:4.8%;--awb-width-small:100%;--awb-order-small:0;--awb-spacing-right-small:1.92%;--awb-spacing-left-small:1.92%;\"><div class=\"fusion-column-wrapper fusion-column-has-shadow fusion-flex-justify-content-flex-start fusion-content-layout-column\"><div class=\"fusion-image-element \" style=\"text-align:center;--awb-margin-top:-40px;--awb-margin-right-medium:0px;--awb-margin-left-medium:0px;--awb-max-width:309px;--awb-caption-title-font-family:var(--h2_typography-font-family);--awb-caption-title-font-weight:var(--h2_typography-font-weight);--awb-caption-title-font-style:var(--h2_typography-font-style);--awb-caption-title-size:var(--h2_typography-font-size);--awb-caption-title-transform:var(--h2_typography-text-transform);--awb-caption-title-line-height:var(--h2_typography-line-height);--awb-caption-title-letter-spacing:var(--h2_typography-letter-spacing);\"><span class=\" fusion-imageframe imageframe-none imageframe-2 hover-type-none\"><img decoding=\"async\" width=\"339\" height=\"307\" alt=\"Experten Geheimtipp Julia\" title=\"geheimtipp-bg\" src=\"https:\/\/www.myticket.de\/de\/myspotlight\/app\/uploads\/2024\/07\/geheimtipp-bg.png\" data-orig-src=\"https:\/\/www.myticket.de\/de\/myspotlight\/app\/uploads\/2024\/07\/geheimtipp-bg.png\" class=\"lazyload img-responsive wp-image-1051\" srcset=\"data:image\/svg+xml,%3Csvg%20xmlns%3D%27http%3A%2F%2Fwww.w3.org%2F2000%2Fsvg%27%20width%3D%27339%27%20height%3D%27307%27%20viewBox%3D%270%200%20339%20307%27%3E%3Crect%20width%3D%27339%27%20height%3D%27307%27%20fill-opacity%3D%220%22%2F%3E%3C%2Fsvg%3E\" data-srcset=\"https:\/\/www.myticket.de\/de\/myspotlight\/app\/uploads\/2024\/07\/geheimtipp-bg-200x181.png 200w, https:\/\/www.myticket.de\/de\/myspotlight\/app\/uploads\/2024\/07\/geheimtipp-bg.png 339w\" data-sizes=\"auto\" data-orig-sizes=\"(max-width: 767px) 100vw, 339px\" \/><\/span><\/div><div class=\"fusion-text fusion-text-16\" style=\"--awb-font-size:32px;--awb-line-height:40px;--awb-text-color:var(--awb-color1);--awb-text-font-family:var(--awb-typography3-font-family);--awb-text-font-weight:var(--awb-typography3-font-weight);--awb-text-font-style:var(--awb-typography3-font-style);\"><p>Wenn ihr Fans von True Crime und Forensik seid, aber Lust auf eine andere \u2013 technischere \u2013 Perspektive habt, dann schaut euch unbedingt die Live Tour von Flugforensik an. Alle Infos, Termine und Tickets findet ihr auf <a href=\"https:\/\/www.myticket.de\/de\/lars-amend-tickets#artist_info\" target=\"_blank\" rel=\"noopener\"><img decoding=\"async\" class=\"lazyload alignnone\" style=\"margin-left: 5px; margin-top: 5px;\" src=\"data:image\/svg+xml,%3Csvg%20xmlns%3D%27http%3A%2F%2Fwww.w3.org%2F2000%2Fsvg%27%20width%3D%27157%27%20height%3D%2732%27%20viewBox%3D%270%200%20157%2032%27%3E%3Crect%20width%3D%27157%27%20height%3D%2732%27%20fill-opacity%3D%220%22%2F%3E%3C%2Fsvg%3E\" data-orig-src=\"\/de\/myspotlight\/app\/uploads\/2024\/07\/MYT-Logo-blue-new.svg\" alt=\"myTicket \" width=\"157\" height=\"32\" \/><\/a>!<\/p>\n<\/div><\/div><\/div><div class=\"fusion-layout-column fusion_builder_column fusion-builder-column-16 fusion_builder_column_3_5 3_5 fusion-flex-column fusion-flex-align-self-stretch\" style=\"--awb-bg-size:cover;--awb-width-large:60%;--awb-margin-top-large:0px;--awb-spacing-right-large:3.2%;--awb-margin-bottom-large:50px;--awb-spacing-left-large:3.2%;--awb-width-medium:60%;--awb-order-medium:0;--awb-spacing-right-medium:3.2%;--awb-spacing-left-medium:3.2%;--awb-width-small:100%;--awb-order-small:0;--awb-spacing-right-small:1.92%;--awb-margin-bottom-small:25px;--awb-spacing-left-small:1.92%;\"><div class=\"fusion-column-wrapper fusion-column-has-shadow fusion-flex-justify-content-flex-start fusion-content-layout-column\"><div class=\"fusion-image-element sm-text-align-center\" style=\"text-align:right;--awb-caption-title-font-family:var(--h2_typography-font-family);--awb-caption-title-font-weight:var(--h2_typography-font-weight);--awb-caption-title-font-style:var(--h2_typography-font-style);--awb-caption-title-size:var(--h2_typography-font-size);--awb-caption-title-transform:var(--h2_typography-text-transform);--awb-caption-title-line-height:var(--h2_typography-line-height);--awb-caption-title-letter-spacing:var(--h2_typography-letter-spacing);\"><span class=\" fusion-imageframe imageframe-none imageframe-3 hover-type-zoomin mys-border--rounded-vert mys-border--rounded-vert--left mys-border--rounded-vert--interview\"><a class=\"fusion-no-lightbox\" href=\"https:\/\/www.myticket.de\/de\/flugforensik-tickets#10229389795484\" target=\"_self\" aria-label=\"FLUGFORENSIK_(1_1)\"><img decoding=\"async\" width=\"1080\" height=\"1080\" alt=\"Flugforensik Tourartwork\" src=\"https:\/\/www.myticket.de\/de\/myspotlight\/app\/uploads\/2025\/05\/FLUGFORENSIK_1_1.jpg\" data-orig-src=\"https:\/\/www.myticket.de\/de\/myspotlight\/app\/uploads\/2025\/05\/FLUGFORENSIK_1_1.jpg\" class=\"lazyload img-responsive wp-image-2569\" srcset=\"data:image\/svg+xml,%3Csvg%20xmlns%3D%27http%3A%2F%2Fwww.w3.org%2F2000%2Fsvg%27%20width%3D%271080%27%20height%3D%271080%27%20viewBox%3D%270%200%201080%201080%27%3E%3Crect%20width%3D%271080%27%20height%3D%271080%27%20fill-opacity%3D%220%22%2F%3E%3C%2Fsvg%3E\" data-srcset=\"https:\/\/www.myticket.de\/de\/myspotlight\/app\/uploads\/2025\/05\/FLUGFORENSIK_1_1-200x200.jpg 200w, https:\/\/www.myticket.de\/de\/myspotlight\/app\/uploads\/2025\/05\/FLUGFORENSIK_1_1-400x400.jpg 400w, https:\/\/www.myticket.de\/de\/myspotlight\/app\/uploads\/2025\/05\/FLUGFORENSIK_1_1-600x600.jpg 600w, https:\/\/www.myticket.de\/de\/myspotlight\/app\/uploads\/2025\/05\/FLUGFORENSIK_1_1-800x800.jpg 800w, https:\/\/www.myticket.de\/de\/myspotlight\/app\/uploads\/2025\/05\/FLUGFORENSIK_1_1.jpg 1080w\" data-sizes=\"auto\" data-orig-sizes=\"(max-width: 767px) 100vw, 800px\" \/><\/a><\/span><\/div><\/div><\/div><\/div><\/div><section class=\"fusion-fullwidth fullwidth-box fusion-builder-row-12 fusion-flex-container has-pattern-background has-mask-background nonhundred-percent-fullwidth non-hundred-percent-height-scrolling\" style=\"--awb-border-radius-top-left:0px;--awb-border-radius-top-right:0px;--awb-border-radius-bottom-right:0px;--awb-border-radius-bottom-left:0px;--awb-margin-top:50px;--awb-margin-bottom:50px;--awb-margin-top-medium:25px;--awb-margin-bottom-medium:25px;--awb-margin-top-small:20px;--awb-margin-bottom-small:20px;--awb-background-color:var(--awb-custom_color_4);--awb-flex-wrap:wrap;--awb-flex-wrap-medium:nowrap;\" ><div class=\"fusion-builder-row fusion-row fusion-flex-align-items-stretch fusion-flex-justify-content-center fusion-flex-content-wrap\" style=\"max-width:1364.48px;margin-left: calc(-4% \/ 2 );margin-right: calc(-4% \/ 2 );\"><div class=\"fusion-layout-column fusion_builder_column fusion-builder-column-17 fusion_builder_column_1_1 1_1 fusion-flex-column fusion-flex-align-self-center mys-social--bar--column\" style=\"--awb-padding-top-small:10px;--awb-padding-bottom-small:10px;--awb-bg-size:cover;--awb-width-large:100%;--awb-margin-top-large:0px;--awb-spacing-right-large:1.92%;--awb-margin-bottom-large:0px;--awb-spacing-left-large:1.92%;--awb-width-medium:100%;--awb-order-medium:0;--awb-spacing-right-medium:1.92%;--awb-spacing-left-medium:1.92%;--awb-width-small:100%;--awb-order-small:0;--awb-spacing-right-small:1.92%;--awb-spacing-left-small:1.92%;\" data-scroll-devices=\"small-visibility,medium-visibility,large-visibility\"><div class=\"fusion-column-wrapper fusion-column-has-shadow fusion-flex-justify-content-center fusion-content-layout-row fusion-flex-align-items-center\"><div class=\"fusion-sharing-box fusion-sharing-box-1 mys-social--bar has-taglines layout-floated layout-medium-floated layout-small-stacked\" style=\"background-color:var(--awb-custom_color_4);border-color:var(--awb-custom_color_5);--awb-margin-top:0px;--awb-margin-right:0px;--awb-margin-bottom:0px;--awb-margin-left:0px;--awb-wrapper-padding-top:0px;--awb-wrapper-padding-right:0px;--awb-wrapper-padding-bottom:0px;--awb-wrapper-padding-left:0px;--awb-icon-size:24px;--awb-separator-border-color:#cccccc;--awb-separator-border-sizes:0px;--awb-alignment:flex-start;--awb-stacked-align:center;--awb-layout:row;--awb-alignment-medium:flex-start;--awb-stacked-align-medium:center;--awb-alignment-small:flex-start;--awb-stacked-align-small:center;\" data-title=\"Flugforensik \u2013 Inside the Episode\" data-description=\"Schau mal hier\" data-link=\"https:\/\/www.myticket.de\/de\/myspotlight\/news-insider\/flugforensik-inside-the-episode\/\"><div class=\"tagline\" style=\"color:var(--awb-color3);font-family:&quot;Cabin&quot;;font-style:normal;font-weight:600;font-size:23px;\">Jetzt teilen auf ...<\/div><div class=\"fusion-social-networks sharingbox-shortcode-icon-wrapper sharingbox-shortcode-icon-wrapper-1\"><span><a href=\"https:\/\/www.facebook.com\/sharer.php?u=https%3A%2F%2Fwww.myticket.de%2Fde%2Fmyspotlight%2Fnews-insider%2Fflugforensik-inside-the-episode%2F&amp;t=Flugforensik%20%E2%80%93%20Inside%20the%20Episode\" target=\"_blank\" rel=\"noreferrer\" title=\"Facebook\" aria-label=\"Facebook\" data-placement=\"top\" data-toggle=\"tooltip\" data-title=\"Facebook\"><i class=\"fusion-social-network-icon fusion-tooltip fusion-facebook awb-icon-facebook\" style=\"color:var(--awb-color3);\" aria-hidden=\"true\"><\/i><\/a><\/span><span><a href=\"https:\/\/x.com\/intent\/post?text=Flugforensik%20%E2%80%93%20Inside%20the%20Episode&amp;url=https%3A%2F%2Fwww.myticket.de%2Fde%2Fmyspotlight%2Fnews-insider%2Fflugforensik-inside-the-episode%2F\" target=\"_blank\" rel=\"noopener noreferrer\" title=\"X\" aria-label=\"X\" data-placement=\"top\" data-toggle=\"tooltip\" data-title=\"X\"><i class=\"fusion-social-network-icon fusion-tooltip fusion-twitter awb-icon-twitter\" style=\"color:var(--awb-color3);\" aria-hidden=\"true\"><\/i><\/a><\/span><span><a href=\"https:\/\/www.linkedin.com\/shareArticle?mini=true&amp;url=https%3A%2F%2Fwww.myticket.de%2Fde%2Fmyspotlight%2Fnews-insider%2Fflugforensik-inside-the-episode%2F&amp;title=Flugforensik%20%E2%80%93%20Inside%20the%20Episode&amp;summary=Schau%20mal%20hier\" target=\"_blank\" rel=\"noopener noreferrer\" title=\"LinkedIn\" aria-label=\"LinkedIn\" data-placement=\"top\" data-toggle=\"tooltip\" data-title=\"LinkedIn\"><i class=\"fusion-social-network-icon fusion-tooltip fusion-linkedin awb-icon-linkedin\" style=\"color:var(--awb-color3);\" aria-hidden=\"true\"><\/i><\/a><\/span><span><a href=\"https:\/\/api.whatsapp.com\/send?text=https%3A%2F%2Fwww.myticket.de%2Fde%2Fmyspotlight%2Fnews-insider%2Fflugforensik-inside-the-episode%2F\" target=\"_blank\" rel=\"noopener noreferrer\" title=\"WhatsApp\" aria-label=\"WhatsApp\" data-placement=\"top\" data-toggle=\"tooltip\" data-title=\"WhatsApp\"><i class=\"fusion-social-network-icon fusion-tooltip fusion-whatsapp awb-icon-whatsapp\" style=\"color:var(--awb-color3);\" aria-hidden=\"true\"><\/i><\/a><\/span><\/div><\/div><\/div><\/div><\/div><\/section>\n<section class=\"fusion-fullwidth fullwidth-box fusion-builder-row-13 fusion-flex-container has-pattern-background has-mask-background hundred-percent-fullwidth non-hundred-percent-height-scrolling\" style=\"--awb-border-radius-top-left:0px;--awb-border-radius-top-right:0px;--awb-border-radius-bottom-right:0px;--awb-border-radius-bottom-left:0px;--awb-padding-right:0px;--awb-padding-bottom:0px;--awb-padding-left:0px;--awb-padding-right-medium:0px;--awb-padding-bottom-medium:0px;--awb-padding-left-medium:0px;--awb-padding-top-small:25px;--awb-padding-bottom-small:0px;--awb-margin-top:60px;--awb-margin-bottom:0px;--awb-margin-top-medium:35px;--awb-margin-bottom-medium:0px;--awb-margin-top-small:30px;--awb-margin-bottom-small:0px;--awb-background-size:cover;--awb-flex-wrap:wrap;--awb-flex-wrap-medium:wrap;--awb-flex-wrap-small:wrap;\" ><div class=\"fusion-builder-row fusion-row fusion-flex-align-items-flex-start fusion-flex-content-wrap\" style=\"width:104% !important;max-width:104% !important;margin-left: calc(-4% \/ 2 );margin-right: calc(-4% \/ 2 );\"><div class=\"fusion-layout-column fusion_builder_column fusion-builder-column-18 fusion_builder_column_1_1 1_1 fusion-flex-column\" style=\"--awb-bg-size:cover;--awb-width-large:100%;--awb-margin-top-large:0px;--awb-spacing-right-large:1.92%;--awb-margin-bottom-large:0px;--awb-spacing-left-large:1.92%;--awb-width-medium:100%;--awb-order-medium:0;--awb-spacing-right-medium:1.92%;--awb-spacing-left-medium:1.92%;--awb-width-small:100%;--awb-order-small:0;--awb-spacing-right-small:1.92%;--awb-spacing-left-small:1.92%;\"><div class=\"fusion-column-wrapper fusion-column-has-shadow fusion-flex-justify-content-flex-start fusion-content-layout-column\"><iframe id=\"myspotlight-newsletetr-iframe\" src=\"https:\/\/www.myticket.de\/de\/blog-newsletter\" width=\"100%\"><\/iframe>\n\n<style>\n #myspotlight-newsletetr-iframe {\n height: 659px;\n   width: 100%; \n   overflow: hidden;\n}\n\n@media (min-width:992px) and (max-width:1024px) {\n  #myspotlight-newsletetr-iframe {\n    height: 559px;\n\t  }\n}\n\n@media (min-width:769px) and (max-width:992px)\n{\n  #myspotlight-newsletetr-iframe {\n    height: 1200px;\n\t  }\n}\n\n@media (min-width:451px) and (max-width:767px)\n{\n  #myspotlight-newsletetr-iframe {\n    height: 1100px;\n\t  }\n}\n\n@media (max-width:450px) {\n  #myspotlight-newsletetr-iframe {\n    height: 800px;\n\t  }\n}\n<\/style>\n\n\n<\/div><\/div><\/div><\/section>\n<div class=\"fusion-fullwidth fullwidth-box fusion-builder-row-14 fusion-flex-container has-pattern-background has-mask-background nonhundred-percent-fullwidth non-hundred-percent-height-scrolling\" style=\"--awb-border-radius-top-left:0px;--awb-border-radius-top-right:0px;--awb-border-radius-bottom-right:0px;--awb-border-radius-bottom-left:0px;--awb-padding-top:50px;--awb-padding-top-medium:25px;--awb-padding-top-small:20px;--awb-flex-wrap:wrap;\" ><div class=\"fusion-builder-row fusion-row fusion-flex-align-items-flex-start fusion-flex-content-wrap\" style=\"max-width:1364.48px;margin-left: calc(-4% \/ 2 );margin-right: calc(-4% \/ 2 );\"><div class=\"fusion-layout-column fusion_builder_column fusion-builder-column-19 fusion_builder_column_1_1 1_1 fusion-flex-column\" style=\"--awb-bg-size:cover;--awb-width-large:100%;--awb-margin-top-large:0px;--awb-spacing-right-large:1.92%;--awb-margin-bottom-large:0px;--awb-spacing-left-large:1.92%;--awb-width-medium:100%;--awb-order-medium:0;--awb-spacing-right-medium:1.92%;--awb-spacing-left-medium:1.92%;--awb-width-small:100%;--awb-order-small:0;--awb-spacing-right-small:1.92%;--awb-spacing-left-small:1.92%;\"><div class=\"fusion-column-wrapper fusion-column-has-shadow fusion-flex-justify-content-flex-start fusion-content-layout-column\"><div class=\"fusion-title title fusion-title-5 fusion-sep-none fusion-title-center fusion-title-text fusion-title-size-paragraph\" style=\"--awb-text-color:var(--awb-color1);--awb-margin-top:0px;--awb-margin-right:0px;--awb-margin-bottom:50px;--awb-margin-left:0px;--awb-margin-top-small:0px;--awb-margin-right-small:0px;--awb-margin-bottom-small:20px;--awb-margin-left-small:0px;--awb-margin-bottom-medium:20px;--awb-font-size:40px;\"><p class=\"fusion-title-heading title-heading-center title-heading-tag fusion-responsive-typography-calculated\" style=\"font-family:var(--awb-typography1-font-family);font-weight:var(--awb-typography1-font-weight);font-style:var(--awb-typography1-font-style);margin:0;font-size:1em;--fontSize:40;line-height:1.25;\">Diese Artikel k\u00f6nnten Dich auch interessieren<\/p><\/div><div class=\"fusion-post-cards fusion-post-cards-1 fusion-grid-archive fusion-grid-columns-3\" style=\"--awb-column-spacing:25px;--awb-dots-align:center;--awb-columns:3;--awb-active-filter-border-size:3px;--awb-filters-height:36px;--awb-row-spacing:20px;\"><ul class=\"fusion-grid fusion-grid-3 fusion-flex-align-items-stretch fusion-grid-posts-cards\"><li class=\"fusion-layout-column fusion_builder_column fusion-builder-column-20 fusion-flex-column mys-postcard-post post-card fusion-grid-column fusion-post-cards-grid-column\" style=\"--awb-bg-color:var(--awb-color3);--awb-bg-color-hover:var(--awb-color3);--awb-bg-blend:overlay;--awb-bg-size:cover;--awb-border-color:var(--awb-custom_color_1);--awb-border-style:solid;\" data-scroll-devices=\"small-visibility,medium-visibility,large-visibility\"><div class=\"fusion-column-wrapper fusion-column-has-shadow fusion-flex-justify-content-flex-start fusion-content-layout-column\"><div class=\"fusion-image-element \" style=\"--awb-margin-bottom:15px;--awb-caption-title-font-family:var(--h2_typography-font-family);--awb-caption-title-font-weight:var(--h2_typography-font-weight);--awb-caption-title-font-style:var(--h2_typography-font-style);--awb-caption-title-size:var(--h2_typography-font-size);--awb-caption-title-transform:var(--h2_typography-text-transform);--awb-caption-title-line-height:var(--h2_typography-line-height);--awb-caption-title-letter-spacing:var(--h2_typography-letter-spacing);\"><span class=\" fusion-imageframe imageframe-none imageframe-4 hover-type-none\"><a class=\"fusion-no-lightbox\" href=\"https:\/\/www.myticket.de\/de\/myspotlight\/interview\/senna-gammours-toxisch-aber-suess-tour-geht-weiter-das-erwartet-dich\/\" target=\"_self\" aria-label=\"senna-gammour-tour-644&#215;398\"><img decoding=\"async\" width=\"644\" height=\"398\" alt=\"Senna Gammours \u201eToxisch, aber S\u00fc\u00df&#8220;-Tour geht weiter! Das erwartet Dich!\" src=\"https:\/\/www.myticket.de\/de\/myspotlight\/app\/uploads\/2025\/08\/senna-gammour-tour-644x398-1.png\" data-orig-src=\"https:\/\/www.myticket.de\/de\/myspotlight\/app\/uploads\/2025\/08\/senna-gammour-tour-644x398-1.png\" class=\"lazyload img-responsive wp-image-2859\" srcset=\"data:image\/svg+xml,%3Csvg%20xmlns%3D%27http%3A%2F%2Fwww.w3.org%2F2000%2Fsvg%27%20width%3D%27644%27%20height%3D%27398%27%20viewBox%3D%270%200%20644%20398%27%3E%3Crect%20width%3D%27644%27%20height%3D%27398%27%20fill-opacity%3D%220%22%2F%3E%3C%2Fsvg%3E\" data-srcset=\"https:\/\/www.myticket.de\/de\/myspotlight\/app\/uploads\/2025\/08\/senna-gammour-tour-644x398-1-200x124.png 200w, https:\/\/www.myticket.de\/de\/myspotlight\/app\/uploads\/2025\/08\/senna-gammour-tour-644x398-1-400x247.png 400w, https:\/\/www.myticket.de\/de\/myspotlight\/app\/uploads\/2025\/08\/senna-gammour-tour-644x398-1-600x371.png 600w, https:\/\/www.myticket.de\/de\/myspotlight\/app\/uploads\/2025\/08\/senna-gammour-tour-644x398-1.png 644w\" data-sizes=\"auto\" data-orig-sizes=\"(max-width: 767px) 100vw, 644px\" \/><\/a><\/span><\/div><div class=\"fusion-title title fusion-title-6 fusion-sep-none fusion-title-text fusion-title-size-div mys-color-ticket--post\" style=\"--awb-text-color:var(--awb-color3);--awb-margin-top:0px;--awb-margin-right:0px;--awb-margin-bottom:0px;--awb-margin-left:0px;--awb-margin-top-small:0px;--awb-margin-right-small:0px;--awb-margin-bottom-small:0px;--awb-margin-left-small:0px;--awb-link-color:var(--awb-color3);--awb-link-hover-color:var(--awb-color3);--awb-font-size:18px;\"><div class=\"fusion-title-heading title-heading-left title-heading-tag fusion-responsive-typography-calculated\" style=\"font-family:&quot;Cabin&quot;;font-style:normal;font-weight:600;margin:0;font-size:1em;--fontSize:18;--minFontSize:18;line-height:1.33;\"><a href=\"https:\/\/www.myticket.de\/de\/myspotlight\/interview\/senna-gammours-toxisch-aber-suess-tour-geht-weiter-das-erwartet-dich\/\" class=\"awb-custom-text-color awb-custom-text-hover-color\" target=\"_self\"><a href=\"https:\/\/www.myticket.de\/de\/myspotlight\/category\/interview\/\" title=\"Interview\">Interview<\/a><\/a><\/div><\/div><div class=\"fusion-builder-row fusion-builder-row-inner fusion-row fusion-flex-align-items-flex-start fusion-flex-content-wrap\" style=\"width:104% !important;max-width:104% !important;margin-left: calc(-4% \/ 2 );margin-right: calc(-4% \/ 2 );\"><div class=\"fusion-layout-column fusion_builder_column_inner fusion-builder-nested-column-0 fusion_builder_column_inner_1_6 1_6 fusion-flex-column fusion-flex-align-self-stretch fusion-column-inner-bg-wrapper\" style=\"--awb-padding-bottom-small:0px;--awb-padding-left-small:12px;--awb-inner-bg-size:cover;--awb-width-large:16.666666666667%;--awb-margin-top-large:0px;--awb-spacing-right-large:11.52%;--awb-margin-bottom-large:0px;--awb-spacing-left-large:11.52%;--awb-width-medium:16.666666666667%;--awb-order-medium:0;--awb-spacing-right-medium:11.52%;--awb-spacing-left-medium:11.52%;--awb-width-small:20%;--awb-order-small:0;--awb-spacing-right-small:9.6%;--awb-margin-bottom-small:0;--awb-spacing-left-small:9.6%;\" data-scroll-devices=\"small-visibility,medium-visibility,large-visibility\"><span class=\"fusion-column-inner-bg hover-type-none\"><a class=\"fusion-column-anchor\" href=\"https:\/\/www.myticket.de\/de\/myspotlight\/interview\/senna-gammours-toxisch-aber-suess-tour-geht-weiter-das-erwartet-dich\/\"><span class=\"fusion-column-inner-bg-image\"><\/span><\/a><\/span><div class=\"fusion-column-wrapper fusion-column-has-shadow fusion-flex-justify-content-flex-start fusion-content-layout-column\"><div class=\"fusion-text fusion-text-17 fusion-text-no-margin\" style=\"--awb-content-alignment:center;--awb-font-size:24px;--awb-text-color:var(--awb-color7);--awb-text-font-family:var(--awb-typography3-font-family);--awb-text-font-weight:var(--awb-typography3-font-weight);--awb-text-font-style:var(--awb-typography3-font-style);\"><p>05<\/p>\n<\/div><div class=\"fusion-separator\" style=\"align-self: center;margin-left: auto;margin-right: auto;margin-top:0px;margin-bottom:2px;width:100%;max-width:35px;\"><div class=\"fusion-separator-border sep-single sep-solid\" style=\"--awb-height:20px;--awb-amount:20px;--awb-sep-color:var(--awb-color7);border-color:var(--awb-color7);border-top-width:1px;\"><\/div><\/div><div class=\"fusion-text fusion-text-18 mys-truncate\" style=\"--awb-content-alignment:center;--awb-font-size:18px;--awb-line-height:24px;--awb-text-color:var(--awb-custom_color_2);--awb-text-font-family:&quot;Cabin&quot;;--awb-text-font-style:normal;--awb-text-font-weight:600;\"><p>Aug<\/p>\n<\/div><\/div><\/div><div class=\"fusion-layout-column fusion_builder_column_inner fusion-builder-nested-column-1 fusion_builder_column_inner_5_6 5_6 fusion-flex-column fusion-flex-align-self-stretch\" style=\"--awb-padding-right-small:10px;--awb-bg-size:cover;--awb-width-large:83.333333333333%;--awb-margin-top-large:0px;--awb-spacing-right-large:2.304%;--awb-margin-bottom-large:0px;--awb-spacing-left-large:2.304%;--awb-width-medium:83.333333333333%;--awb-order-medium:0;--awb-spacing-right-medium:2.304%;--awb-spacing-left-medium:2.304%;--awb-width-small:80%;--awb-order-small:0;--awb-spacing-right-small:2.4%;--awb-spacing-left-small:2.4%;\" data-scroll-devices=\"small-visibility,medium-visibility,large-visibility\"><div class=\"fusion-column-wrapper fusion-column-has-shadow fusion-flex-justify-content-flex-start fusion-content-layout-column\"><div class=\"fusion-meta-tb fusion-meta-tb-1 stacked\" style=\"--awb-height:36px;--awb-font-size:16px;--awb-padding-top:6px;--awb-text-color:var(--awb-color7);--awb-link-color:var(--awb-color7);--awb-text-hover-color:var(--awb-color7);--awb-background-color:var(--awb-color3);--awb-alignment-medium:flex-start;--awb-alignment-small:flex-start;\"><span class=\"fusion-tb-tags\"><a href=\"https:\/\/www.myticket.de\/de\/myspotlight\/tag\/interview\/\" rel=\"tag\">#interview<\/a>, <a href=\"https:\/\/www.myticket.de\/de\/myspotlight\/tag\/musik\/\" rel=\"tag\">#musik<\/a>, <a href=\"https:\/\/www.myticket.de\/de\/myspotlight\/tag\/ratgeber\/\" rel=\"tag\">#ratgeber<\/a>, <a href=\"https:\/\/www.myticket.de\/de\/myspotlight\/tag\/sennagammour\/\" rel=\"tag\">#sennagammour<\/a><\/span><span class=\"fusion-meta-tb-sep\"><\/span><\/div><div class=\"fusion-title title fusion-title-7 fusion-sep-none fusion-title-text fusion-title-size-paragraph\" style=\"--awb-text-color:var(--awb-color8);--awb-margin-top:0px;--awb-margin-right:0px;--awb-margin-bottom:15px;--awb-margin-left:0px;--awb-margin-top-small:0px;--awb-margin-right-small:0px;--awb-margin-bottom-small:0px;--awb-margin-left-small:0px;--awb-link-color:var(--awb-color8);--awb-link-hover-color:var(--awb-color8);--awb-font-size:18px;\"><p class=\"fusion-title-heading title-heading-left title-heading-tag fusion-responsive-typography-calculated\" style=\"font-family:&quot;Cabin&quot;;font-style:normal;font-weight:500;margin:0;font-size:1em;--fontSize:18;--minFontSize:18;line-height:1.33;\"><a href=\"https:\/\/www.myticket.de\/de\/myspotlight\/interview\/senna-gammours-toxisch-aber-suess-tour-geht-weiter-das-erwartet-dich\/\" class=\"awb-custom-text-color awb-custom-text-hover-color\" target=\"_self\">Senna Gammours \u201eToxisch, aber S\u00fc\u00df&#8220;-Tour geht weiter! Das erwartet Dich!<\/a><\/p><\/div><\/div><\/div><\/div><\/div><\/li>\n<li class=\"fusion-layout-column fusion_builder_column fusion-builder-column-21 fusion-flex-column mys-postcard-post post-card fusion-grid-column fusion-post-cards-grid-column\" style=\"--awb-bg-color:var(--awb-color3);--awb-bg-color-hover:var(--awb-color3);--awb-bg-blend:overlay;--awb-bg-size:cover;--awb-border-color:var(--awb-custom_color_1);--awb-border-style:solid;\" data-scroll-devices=\"small-visibility,medium-visibility,large-visibility\"><div class=\"fusion-column-wrapper fusion-column-has-shadow fusion-flex-justify-content-flex-start fusion-content-layout-column\"><div class=\"fusion-image-element \" style=\"--awb-margin-bottom:15px;--awb-caption-title-font-family:var(--h2_typography-font-family);--awb-caption-title-font-weight:var(--h2_typography-font-weight);--awb-caption-title-font-style:var(--h2_typography-font-style);--awb-caption-title-size:var(--h2_typography-font-size);--awb-caption-title-transform:var(--h2_typography-text-transform);--awb-caption-title-line-height:var(--h2_typography-line-height);--awb-caption-title-letter-spacing:var(--h2_typography-letter-spacing);\"><span class=\" fusion-imageframe imageframe-none imageframe-5 hover-type-none\"><a class=\"fusion-no-lightbox\" href=\"https:\/\/www.myticket.de\/de\/myspotlight\/interview\/belinda-davids-im-interview-queen-of-love-songs\/\" target=\"_self\" aria-label=\"belinda-davids-644&#215;398\"><img decoding=\"async\" width=\"644\" height=\"398\" alt=\"Belinda Davids im Interview: Queen of Love Songs\" src=\"https:\/\/www.myticket.de\/de\/myspotlight\/app\/uploads\/2025\/02\/belinda-davids-644x398-1.jpg\" data-orig-src=\"https:\/\/www.myticket.de\/de\/myspotlight\/app\/uploads\/2025\/02\/belinda-davids-644x398-1.jpg\" class=\"lazyload img-responsive wp-image-2321\" srcset=\"data:image\/svg+xml,%3Csvg%20xmlns%3D%27http%3A%2F%2Fwww.w3.org%2F2000%2Fsvg%27%20width%3D%27644%27%20height%3D%27398%27%20viewBox%3D%270%200%20644%20398%27%3E%3Crect%20width%3D%27644%27%20height%3D%27398%27%20fill-opacity%3D%220%22%2F%3E%3C%2Fsvg%3E\" data-srcset=\"https:\/\/www.myticket.de\/de\/myspotlight\/app\/uploads\/2025\/02\/belinda-davids-644x398-1-200x124.jpg 200w, https:\/\/www.myticket.de\/de\/myspotlight\/app\/uploads\/2025\/02\/belinda-davids-644x398-1-400x247.jpg 400w, https:\/\/www.myticket.de\/de\/myspotlight\/app\/uploads\/2025\/02\/belinda-davids-644x398-1-600x371.jpg 600w, https:\/\/www.myticket.de\/de\/myspotlight\/app\/uploads\/2025\/02\/belinda-davids-644x398-1.jpg 644w\" data-sizes=\"auto\" data-orig-sizes=\"(max-width: 767px) 100vw, 644px\" \/><\/a><\/span><\/div><div class=\"fusion-title title fusion-title-8 fusion-sep-none fusion-title-text fusion-title-size-div mys-color-ticket--post\" style=\"--awb-text-color:var(--awb-color3);--awb-margin-top:0px;--awb-margin-right:0px;--awb-margin-bottom:0px;--awb-margin-left:0px;--awb-margin-top-small:0px;--awb-margin-right-small:0px;--awb-margin-bottom-small:0px;--awb-margin-left-small:0px;--awb-link-color:var(--awb-color3);--awb-link-hover-color:var(--awb-color3);--awb-font-size:18px;\"><div class=\"fusion-title-heading title-heading-left title-heading-tag fusion-responsive-typography-calculated\" style=\"font-family:&quot;Cabin&quot;;font-style:normal;font-weight:600;margin:0;font-size:1em;--fontSize:18;--minFontSize:18;line-height:1.33;\"><a href=\"https:\/\/www.myticket.de\/de\/myspotlight\/interview\/belinda-davids-im-interview-queen-of-love-songs\/\" class=\"awb-custom-text-color awb-custom-text-hover-color\" target=\"_self\"><a href=\"https:\/\/www.myticket.de\/de\/myspotlight\/category\/interview\/\" title=\"Interview\">Interview<\/a><\/a><\/div><\/div><div class=\"fusion-builder-row fusion-builder-row-inner fusion-row fusion-flex-align-items-flex-start fusion-flex-content-wrap\" style=\"width:104% !important;max-width:104% !important;margin-left: calc(-4% \/ 2 );margin-right: calc(-4% \/ 2 );\"><div class=\"fusion-layout-column fusion_builder_column_inner fusion-builder-nested-column-2 fusion_builder_column_inner_1_6 1_6 fusion-flex-column fusion-flex-align-self-stretch fusion-column-inner-bg-wrapper\" style=\"--awb-padding-bottom-small:0px;--awb-padding-left-small:12px;--awb-inner-bg-size:cover;--awb-width-large:16.666666666667%;--awb-margin-top-large:0px;--awb-spacing-right-large:11.52%;--awb-margin-bottom-large:0px;--awb-spacing-left-large:11.52%;--awb-width-medium:16.666666666667%;--awb-order-medium:0;--awb-spacing-right-medium:11.52%;--awb-spacing-left-medium:11.52%;--awb-width-small:20%;--awb-order-small:0;--awb-spacing-right-small:9.6%;--awb-margin-bottom-small:0;--awb-spacing-left-small:9.6%;\" data-scroll-devices=\"small-visibility,medium-visibility,large-visibility\"><span class=\"fusion-column-inner-bg hover-type-none\"><a class=\"fusion-column-anchor\" href=\"https:\/\/www.myticket.de\/de\/myspotlight\/interview\/belinda-davids-im-interview-queen-of-love-songs\/\"><span class=\"fusion-column-inner-bg-image\"><\/span><\/a><\/span><div class=\"fusion-column-wrapper fusion-column-has-shadow fusion-flex-justify-content-flex-start fusion-content-layout-column\"><div class=\"fusion-text fusion-text-19 fusion-text-no-margin\" style=\"--awb-content-alignment:center;--awb-font-size:24px;--awb-text-color:var(--awb-color7);--awb-text-font-family:var(--awb-typography3-font-family);--awb-text-font-weight:var(--awb-typography3-font-weight);--awb-text-font-style:var(--awb-typography3-font-style);\"><p>14<\/p>\n<\/div><div class=\"fusion-separator\" style=\"align-self: center;margin-left: auto;margin-right: auto;margin-top:0px;margin-bottom:2px;width:100%;max-width:35px;\"><div class=\"fusion-separator-border sep-single sep-solid\" style=\"--awb-height:20px;--awb-amount:20px;--awb-sep-color:var(--awb-color7);border-color:var(--awb-color7);border-top-width:1px;\"><\/div><\/div><div class=\"fusion-text fusion-text-20 mys-truncate\" style=\"--awb-content-alignment:center;--awb-font-size:18px;--awb-line-height:24px;--awb-text-color:var(--awb-custom_color_2);--awb-text-font-family:&quot;Cabin&quot;;--awb-text-font-style:normal;--awb-text-font-weight:600;\"><p>Feb<\/p>\n<\/div><\/div><\/div><div class=\"fusion-layout-column fusion_builder_column_inner fusion-builder-nested-column-3 fusion_builder_column_inner_5_6 5_6 fusion-flex-column fusion-flex-align-self-stretch\" style=\"--awb-padding-right-small:10px;--awb-bg-size:cover;--awb-width-large:83.333333333333%;--awb-margin-top-large:0px;--awb-spacing-right-large:2.304%;--awb-margin-bottom-large:0px;--awb-spacing-left-large:2.304%;--awb-width-medium:83.333333333333%;--awb-order-medium:0;--awb-spacing-right-medium:2.304%;--awb-spacing-left-medium:2.304%;--awb-width-small:80%;--awb-order-small:0;--awb-spacing-right-small:2.4%;--awb-spacing-left-small:2.4%;\" data-scroll-devices=\"small-visibility,medium-visibility,large-visibility\"><div class=\"fusion-column-wrapper fusion-column-has-shadow fusion-flex-justify-content-flex-start fusion-content-layout-column\"><div class=\"fusion-meta-tb fusion-meta-tb-2 stacked\" style=\"--awb-height:36px;--awb-font-size:16px;--awb-padding-top:6px;--awb-text-color:var(--awb-color7);--awb-link-color:var(--awb-color7);--awb-text-hover-color:var(--awb-color7);--awb-background-color:var(--awb-color3);--awb-alignment-medium:flex-start;--awb-alignment-small:flex-start;\"><span class=\"fusion-tb-tags\"><a href=\"https:\/\/www.myticket.de\/de\/myspotlight\/tag\/belindadavids\/\" rel=\"tag\">#belindadavids<\/a>, <a href=\"https:\/\/www.myticket.de\/de\/myspotlight\/tag\/interview\/\" rel=\"tag\">#interview<\/a>, <a href=\"https:\/\/www.myticket.de\/de\/myspotlight\/tag\/whitneyhouston\/\" rel=\"tag\">#whitneyhouston<\/a><\/span><span class=\"fusion-meta-tb-sep\"><\/span><\/div><div class=\"fusion-title title fusion-title-9 fusion-sep-none fusion-title-text fusion-title-size-paragraph\" style=\"--awb-text-color:var(--awb-color8);--awb-margin-top:0px;--awb-margin-right:0px;--awb-margin-bottom:15px;--awb-margin-left:0px;--awb-margin-top-small:0px;--awb-margin-right-small:0px;--awb-margin-bottom-small:0px;--awb-margin-left-small:0px;--awb-link-color:var(--awb-color8);--awb-link-hover-color:var(--awb-color8);--awb-font-size:18px;\"><p class=\"fusion-title-heading title-heading-left title-heading-tag fusion-responsive-typography-calculated\" style=\"font-family:&quot;Cabin&quot;;font-style:normal;font-weight:500;margin:0;font-size:1em;--fontSize:18;--minFontSize:18;line-height:1.33;\"><a href=\"https:\/\/www.myticket.de\/de\/myspotlight\/interview\/belinda-davids-im-interview-queen-of-love-songs\/\" class=\"awb-custom-text-color awb-custom-text-hover-color\" target=\"_self\">Belinda Davids im Interview: Queen of Love Songs<\/a><\/p><\/div><\/div><\/div><\/div><\/div><\/li>\n<li class=\"fusion-layout-column fusion_builder_column fusion-builder-column-22 fusion-flex-column mys-postcard-post post-card fusion-grid-column fusion-post-cards-grid-column\" style=\"--awb-bg-color:var(--awb-color3);--awb-bg-color-hover:var(--awb-color3);--awb-bg-blend:overlay;--awb-bg-size:cover;--awb-border-color:var(--awb-custom_color_1);--awb-border-style:solid;\" data-scroll-devices=\"small-visibility,medium-visibility,large-visibility\"><div class=\"fusion-column-wrapper fusion-column-has-shadow fusion-flex-justify-content-flex-start fusion-content-layout-column\"><div class=\"fusion-image-element \" style=\"--awb-margin-bottom:15px;--awb-caption-title-font-family:var(--h2_typography-font-family);--awb-caption-title-font-weight:var(--h2_typography-font-weight);--awb-caption-title-font-style:var(--h2_typography-font-style);--awb-caption-title-size:var(--h2_typography-font-size);--awb-caption-title-transform:var(--h2_typography-text-transform);--awb-caption-title-line-height:var(--h2_typography-line-height);--awb-caption-title-letter-spacing:var(--h2_typography-letter-spacing);\"><span class=\" fusion-imageframe imageframe-none imageframe-6 hover-type-none\"><a class=\"fusion-no-lightbox\" href=\"https:\/\/www.myticket.de\/de\/myspotlight\/interview\/lars-amend-im-interview\/\" target=\"_self\" aria-label=\"Lars-Amend-644&#215;398-2\"><img decoding=\"async\" width=\"644\" height=\"398\" alt=\"Lars Amend im Interview: Wer bin ich und wer will ich sein?\" src=\"https:\/\/www.myticket.de\/de\/myspotlight\/app\/uploads\/2024\/09\/Lars-Amend-644x398-2.jpg\" data-orig-src=\"https:\/\/www.myticket.de\/de\/myspotlight\/app\/uploads\/2024\/09\/Lars-Amend-644x398-2.jpg\" class=\"lazyload img-responsive wp-image-1876\" srcset=\"data:image\/svg+xml,%3Csvg%20xmlns%3D%27http%3A%2F%2Fwww.w3.org%2F2000%2Fsvg%27%20width%3D%27644%27%20height%3D%27398%27%20viewBox%3D%270%200%20644%20398%27%3E%3Crect%20width%3D%27644%27%20height%3D%27398%27%20fill-opacity%3D%220%22%2F%3E%3C%2Fsvg%3E\" data-srcset=\"https:\/\/www.myticket.de\/de\/myspotlight\/app\/uploads\/2024\/09\/Lars-Amend-644x398-2-200x124.jpg 200w, https:\/\/www.myticket.de\/de\/myspotlight\/app\/uploads\/2024\/09\/Lars-Amend-644x398-2-400x247.jpg 400w, https:\/\/www.myticket.de\/de\/myspotlight\/app\/uploads\/2024\/09\/Lars-Amend-644x398-2-600x371.jpg 600w, https:\/\/www.myticket.de\/de\/myspotlight\/app\/uploads\/2024\/09\/Lars-Amend-644x398-2.jpg 644w\" data-sizes=\"auto\" data-orig-sizes=\"(max-width: 767px) 100vw, 644px\" \/><\/a><\/span><\/div><div class=\"fusion-title title fusion-title-10 fusion-sep-none fusion-title-text fusion-title-size-div mys-color-ticket--post\" style=\"--awb-text-color:var(--awb-color3);--awb-margin-top:0px;--awb-margin-right:0px;--awb-margin-bottom:0px;--awb-margin-left:0px;--awb-margin-top-small:0px;--awb-margin-right-small:0px;--awb-margin-bottom-small:0px;--awb-margin-left-small:0px;--awb-link-color:var(--awb-color3);--awb-link-hover-color:var(--awb-color3);--awb-font-size:18px;\"><div class=\"fusion-title-heading title-heading-left title-heading-tag fusion-responsive-typography-calculated\" style=\"font-family:&quot;Cabin&quot;;font-style:normal;font-weight:600;margin:0;font-size:1em;--fontSize:18;--minFontSize:18;line-height:1.33;\"><a href=\"https:\/\/www.myticket.de\/de\/myspotlight\/interview\/lars-amend-im-interview\/\" class=\"awb-custom-text-color awb-custom-text-hover-color\" target=\"_self\"><a href=\"https:\/\/www.myticket.de\/de\/myspotlight\/category\/interview\/\" title=\"Interview\">Interview<\/a><\/a><\/div><\/div><div class=\"fusion-builder-row fusion-builder-row-inner fusion-row fusion-flex-align-items-flex-start fusion-flex-content-wrap\" style=\"width:104% !important;max-width:104% !important;margin-left: calc(-4% \/ 2 );margin-right: calc(-4% \/ 2 );\"><div class=\"fusion-layout-column fusion_builder_column_inner fusion-builder-nested-column-4 fusion_builder_column_inner_1_6 1_6 fusion-flex-column fusion-flex-align-self-stretch fusion-column-inner-bg-wrapper\" style=\"--awb-padding-bottom-small:0px;--awb-padding-left-small:12px;--awb-inner-bg-size:cover;--awb-width-large:16.666666666667%;--awb-margin-top-large:0px;--awb-spacing-right-large:11.52%;--awb-margin-bottom-large:0px;--awb-spacing-left-large:11.52%;--awb-width-medium:16.666666666667%;--awb-order-medium:0;--awb-spacing-right-medium:11.52%;--awb-spacing-left-medium:11.52%;--awb-width-small:20%;--awb-order-small:0;--awb-spacing-right-small:9.6%;--awb-margin-bottom-small:0;--awb-spacing-left-small:9.6%;\" data-scroll-devices=\"small-visibility,medium-visibility,large-visibility\"><span class=\"fusion-column-inner-bg hover-type-none\"><a class=\"fusion-column-anchor\" href=\"https:\/\/www.myticket.de\/de\/myspotlight\/interview\/lars-amend-im-interview\/\"><span class=\"fusion-column-inner-bg-image\"><\/span><\/a><\/span><div class=\"fusion-column-wrapper fusion-column-has-shadow fusion-flex-justify-content-flex-start fusion-content-layout-column\"><div class=\"fusion-text fusion-text-21 fusion-text-no-margin\" style=\"--awb-content-alignment:center;--awb-font-size:24px;--awb-text-color:var(--awb-color7);--awb-text-font-family:var(--awb-typography3-font-family);--awb-text-font-weight:var(--awb-typography3-font-weight);--awb-text-font-style:var(--awb-typography3-font-style);\"><p>13<\/p>\n<\/div><div class=\"fusion-separator\" style=\"align-self: center;margin-left: auto;margin-right: auto;margin-top:0px;margin-bottom:2px;width:100%;max-width:35px;\"><div class=\"fusion-separator-border sep-single sep-solid\" style=\"--awb-height:20px;--awb-amount:20px;--awb-sep-color:var(--awb-color7);border-color:var(--awb-color7);border-top-width:1px;\"><\/div><\/div><div class=\"fusion-text fusion-text-22 mys-truncate\" style=\"--awb-content-alignment:center;--awb-font-size:18px;--awb-line-height:24px;--awb-text-color:var(--awb-custom_color_2);--awb-text-font-family:&quot;Cabin&quot;;--awb-text-font-style:normal;--awb-text-font-weight:600;\"><p>Apr<\/p>\n<\/div><\/div><\/div><div class=\"fusion-layout-column fusion_builder_column_inner fusion-builder-nested-column-5 fusion_builder_column_inner_5_6 5_6 fusion-flex-column fusion-flex-align-self-stretch\" style=\"--awb-padding-right-small:10px;--awb-bg-size:cover;--awb-width-large:83.333333333333%;--awb-margin-top-large:0px;--awb-spacing-right-large:2.304%;--awb-margin-bottom-large:0px;--awb-spacing-left-large:2.304%;--awb-width-medium:83.333333333333%;--awb-order-medium:0;--awb-spacing-right-medium:2.304%;--awb-spacing-left-medium:2.304%;--awb-width-small:80%;--awb-order-small:0;--awb-spacing-right-small:2.4%;--awb-spacing-left-small:2.4%;\" data-scroll-devices=\"small-visibility,medium-visibility,large-visibility\"><div class=\"fusion-column-wrapper fusion-column-has-shadow fusion-flex-justify-content-flex-start fusion-content-layout-column\"><div class=\"fusion-meta-tb fusion-meta-tb-3 stacked\" style=\"--awb-height:36px;--awb-font-size:16px;--awb-padding-top:6px;--awb-text-color:var(--awb-color7);--awb-link-color:var(--awb-color7);--awb-text-hover-color:var(--awb-color7);--awb-background-color:var(--awb-color3);--awb-alignment-medium:flex-start;--awb-alignment-small:flex-start;\"><span class=\"fusion-tb-tags\"><a href=\"https:\/\/www.myticket.de\/de\/myspotlight\/tag\/interview\/\" rel=\"tag\">#interview<\/a>, <a href=\"https:\/\/www.myticket.de\/de\/myspotlight\/tag\/larsamend\/\" rel=\"tag\">#larsamend<\/a>, <a href=\"https:\/\/www.myticket.de\/de\/myspotlight\/tag\/musik\/\" rel=\"tag\">#musik<\/a>, <a href=\"https:\/\/www.myticket.de\/de\/myspotlight\/tag\/ratgeber\/\" rel=\"tag\">#ratgeber<\/a><\/span><span class=\"fusion-meta-tb-sep\"><\/span><\/div><div class=\"fusion-title title fusion-title-11 fusion-sep-none fusion-title-text fusion-title-size-paragraph\" style=\"--awb-text-color:var(--awb-color8);--awb-margin-top:0px;--awb-margin-right:0px;--awb-margin-bottom:15px;--awb-margin-left:0px;--awb-margin-top-small:0px;--awb-margin-right-small:0px;--awb-margin-bottom-small:0px;--awb-margin-left-small:0px;--awb-link-color:var(--awb-color8);--awb-link-hover-color:var(--awb-color8);--awb-font-size:18px;\"><p class=\"fusion-title-heading title-heading-left title-heading-tag fusion-responsive-typography-calculated\" style=\"font-family:&quot;Cabin&quot;;font-style:normal;font-weight:500;margin:0;font-size:1em;--fontSize:18;--minFontSize:18;line-height:1.33;\"><a href=\"https:\/\/www.myticket.de\/de\/myspotlight\/interview\/lars-amend-im-interview\/\" class=\"awb-custom-text-color awb-custom-text-hover-color\" target=\"_self\">Lars Amend im Interview: Wer bin ich und wer will ich sein?<\/a><\/p><\/div><\/div><\/div><\/div><\/div><\/li>\n<\/ul><\/div><\/div><\/div><\/div><\/div><\/p>\n","protected":false},"excerpt":{"rendered":"","protected":false},"author":2,"featured_media":2573,"comment_status":"open","ping_status":"open","sticky":false,"template":"","format":"standard","meta":{"footnotes":""},"categories":[20],"tags":[78,80,79],"class_list":["post-2557","post","type-post","status-publish","format-standard","has-post-thumbnail","hentry","category-news-insider","tag-flugforensik","tag-insidetheepisode","tag-podcast"],"yoast_head":"<!-- This site is optimized with the Yoast SEO plugin v25.8 - https:\/\/yoast.com\/wordpress\/plugins\/seo\/ -->\n<title>Flugforensik \u2013 Inside the Episode - myticket myspotlight<\/title>\n<meta name=\"description\" content=\"Der Podcast &quot;Flugforensik&quot; geht live auf Tour! Um euch einen Einblick zu geben, habe ich in eine Folge hineingeh\u00f6rt!\" \/>\n<meta name=\"robots\" content=\"index, follow, max-snippet:-1, max-image-preview:large, max-video-preview:-1\" \/>\n<link rel=\"canonical\" href=\"https:\/\/www.myticket.de\/de\/myspotlight\/news-insider\/flugforensik-inside-the-episode\/\" \/>\n<meta property=\"og:locale\" content=\"de_DE\" \/>\n<meta property=\"og:type\" content=\"article\" \/>\n<meta property=\"og:title\" content=\"Flugforensik \u2013 Inside the Episode - myticket myspotlight\" \/>\n<meta property=\"og:description\" content=\"Der Podcast &quot;Flugforensik&quot; geht live auf Tour! Um euch einen Einblick zu geben, habe ich in eine Folge hineingeh\u00f6rt!\" \/>\n<meta property=\"og:url\" content=\"https:\/\/www.myticket.de\/de\/myspotlight\/news-insider\/flugforensik-inside-the-episode\/\" \/>\n<meta property=\"og:site_name\" content=\"myticket myspotlight\" \/>\n<meta property=\"article:published_time\" content=\"2025-05-16T14:50:17+00:00\" \/>\n<meta property=\"article:modified_time\" content=\"2025-05-26T09:44:36+00:00\" \/>\n<meta property=\"og:image\" content=\"https:\/\/www.myticket.de\/de\/myspotlight\/app\/uploads\/2025\/05\/FLUGFORENSIK-Blog-1440x600-1.png\" \/>\n\t<meta property=\"og:image:width\" content=\"1440\" \/>\n\t<meta property=\"og:image:height\" content=\"600\" \/>\n\t<meta property=\"og:image:type\" content=\"image\/png\" \/>\n<meta name=\"author\" content=\"Julia von myticket\" \/>\n<meta name=\"twitter:card\" content=\"summary_large_image\" \/>\n<meta name=\"twitter:label1\" content=\"Written by\" \/>\n\t<meta name=\"twitter:data1\" content=\"Julia von myticket\" \/>\n\t<meta name=\"twitter:label2\" content=\"Est. reading time\" \/>\n\t<meta name=\"twitter:data2\" content=\"6 Minuten\" \/>\n<script type=\"application\/ld+json\" class=\"yoast-schema-graph\">{\"@context\":\"https:\/\/schema.org\",\"@graph\":[{\"@type\":\"WebPage\",\"@id\":\"https:\/\/www.myticket.de\/de\/myspotlight\/news-insider\/flugforensik-inside-the-episode\/\",\"url\":\"https:\/\/www.myticket.de\/de\/myspotlight\/news-insider\/flugforensik-inside-the-episode\/\",\"name\":\"Flugforensik \u2013 Inside the Episode - myticket myspotlight\",\"isPartOf\":{\"@id\":\"https:\/\/myspotlight.myticket.de\/#website\"},\"primaryImageOfPage\":{\"@id\":\"https:\/\/www.myticket.de\/de\/myspotlight\/news-insider\/flugforensik-inside-the-episode\/#primaryimage\"},\"image\":{\"@id\":\"https:\/\/www.myticket.de\/de\/myspotlight\/news-insider\/flugforensik-inside-the-episode\/#primaryimage\"},\"thumbnailUrl\":\"https:\/\/www.myticket.de\/de\/myspotlight\/app\/uploads\/2025\/05\/FLUGFORENSIK-Blog-1440x600-1.png\",\"datePublished\":\"2025-05-16T14:50:17+00:00\",\"dateModified\":\"2025-05-26T09:44:36+00:00\",\"author\":{\"@id\":\"https:\/\/myspotlight.myticket.de\/#\/schema\/person\/7b85c269fc3fcb11b189fc4ef76cc808\"},\"description\":\"Der Podcast \\\"Flugforensik\\\" geht live auf Tour! Um euch einen Einblick zu geben, habe ich in eine Folge hineingeh\u00f6rt!\",\"breadcrumb\":{\"@id\":\"https:\/\/www.myticket.de\/de\/myspotlight\/news-insider\/flugforensik-inside-the-episode\/#breadcrumb\"},\"inLanguage\":\"de-DE\",\"potentialAction\":[{\"@type\":\"ReadAction\",\"target\":[\"https:\/\/www.myticket.de\/de\/myspotlight\/news-insider\/flugforensik-inside-the-episode\/\"]}]},{\"@type\":\"ImageObject\",\"inLanguage\":\"de-DE\",\"@id\":\"https:\/\/www.myticket.de\/de\/myspotlight\/news-insider\/flugforensik-inside-the-episode\/#primaryimage\",\"url\":\"https:\/\/www.myticket.de\/de\/myspotlight\/app\/uploads\/2025\/05\/FLUGFORENSIK-Blog-1440x600-1.png\",\"contentUrl\":\"https:\/\/www.myticket.de\/de\/myspotlight\/app\/uploads\/2025\/05\/FLUGFORENSIK-Blog-1440x600-1.png\",\"width\":1440,\"height\":600,\"caption\":\"von links: Andreas Spaeth und Benjamin Denes\"},{\"@type\":\"BreadcrumbList\",\"@id\":\"https:\/\/www.myticket.de\/de\/myspotlight\/news-insider\/flugforensik-inside-the-episode\/#breadcrumb\",\"itemListElement\":[{\"@type\":\"ListItem\",\"position\":1,\"name\":\"Home\",\"item\":\"https:\/\/www.myticket.de\/de\/myspotlight\/\"},{\"@type\":\"ListItem\",\"position\":2,\"name\":\"Flugforensik \u2013 Inside the Episode\"}]},{\"@type\":\"WebSite\",\"@id\":\"https:\/\/myspotlight.myticket.de\/#website\",\"url\":\"https:\/\/myspotlight.myticket.de\/\",\"name\":\"myticket myspotlight\",\"description\":\"\",\"alternateName\":\"myspotlight\",\"potentialAction\":[{\"@type\":\"SearchAction\",\"target\":{\"@type\":\"EntryPoint\",\"urlTemplate\":\"https:\/\/myspotlight.myticket.de\/?s={search_term_string}\"},\"query-input\":{\"@type\":\"PropertyValueSpecification\",\"valueRequired\":true,\"valueName\":\"search_term_string\"}}],\"inLanguage\":\"de-DE\"},{\"@type\":\"Person\",\"@id\":\"https:\/\/myspotlight.myticket.de\/#\/schema\/person\/7b85c269fc3fcb11b189fc4ef76cc808\",\"name\":\"Julia von myticket\",\"image\":{\"@type\":\"ImageObject\",\"inLanguage\":\"de-DE\",\"@id\":\"https:\/\/myspotlight.myticket.de\/#\/schema\/person\/image\/\",\"url\":\"https:\/\/secure.gravatar.com\/avatar\/601bcf99b97d84d7b361984486a63b64ab70e4e9b6c5b280e27fa90a2a9ca3c9?s=96&d=mm&r=g\",\"contentUrl\":\"https:\/\/secure.gravatar.com\/avatar\/601bcf99b97d84d7b361984486a63b64ab70e4e9b6c5b280e27fa90a2a9ca3c9?s=96&d=mm&r=g\",\"caption\":\"Julia von myticket\"},\"url\":\"https:\/\/www.myticket.de\/de\/myspotlight\/author\/julia-schmuck\/\"}]}<\/script>\n<!-- \/ Yoast SEO plugin. -->","yoast_head_json":{"title":"Flugforensik \u2013 Inside the Episode - myticket myspotlight","description":"Der Podcast \"Flugforensik\" geht live auf Tour! Um euch einen Einblick zu geben, habe ich in eine Folge hineingeh\u00f6rt!","robots":{"index":"index","follow":"follow","max-snippet":"max-snippet:-1","max-image-preview":"max-image-preview:large","max-video-preview":"max-video-preview:-1"},"canonical":"https:\/\/www.myticket.de\/de\/myspotlight\/news-insider\/flugforensik-inside-the-episode\/","og_locale":"de_DE","og_type":"article","og_title":"Flugforensik \u2013 Inside the Episode - myticket myspotlight","og_description":"Der Podcast \"Flugforensik\" geht live auf Tour! Um euch einen Einblick zu geben, habe ich in eine Folge hineingeh\u00f6rt!","og_url":"https:\/\/www.myticket.de\/de\/myspotlight\/news-insider\/flugforensik-inside-the-episode\/","og_site_name":"myticket myspotlight","article_published_time":"2025-05-16T14:50:17+00:00","article_modified_time":"2025-05-26T09:44:36+00:00","og_image":[{"width":1440,"height":600,"url":"https:\/\/www.myticket.de\/de\/myspotlight\/app\/uploads\/2025\/05\/FLUGFORENSIK-Blog-1440x600-1.png","type":"image\/png"}],"author":"Julia von myticket","twitter_card":"summary_large_image","twitter_misc":{"Written by":"Julia von myticket","Est. reading time":"6 Minuten"},"schema":{"@context":"https:\/\/schema.org","@graph":[{"@type":"WebPage","@id":"https:\/\/www.myticket.de\/de\/myspotlight\/news-insider\/flugforensik-inside-the-episode\/","url":"https:\/\/www.myticket.de\/de\/myspotlight\/news-insider\/flugforensik-inside-the-episode\/","name":"Flugforensik \u2013 Inside the Episode - myticket myspotlight","isPartOf":{"@id":"https:\/\/myspotlight.myticket.de\/#website"},"primaryImageOfPage":{"@id":"https:\/\/www.myticket.de\/de\/myspotlight\/news-insider\/flugforensik-inside-the-episode\/#primaryimage"},"image":{"@id":"https:\/\/www.myticket.de\/de\/myspotlight\/news-insider\/flugforensik-inside-the-episode\/#primaryimage"},"thumbnailUrl":"https:\/\/www.myticket.de\/de\/myspotlight\/app\/uploads\/2025\/05\/FLUGFORENSIK-Blog-1440x600-1.png","datePublished":"2025-05-16T14:50:17+00:00","dateModified":"2025-05-26T09:44:36+00:00","author":{"@id":"https:\/\/myspotlight.myticket.de\/#\/schema\/person\/7b85c269fc3fcb11b189fc4ef76cc808"},"description":"Der Podcast \"Flugforensik\" geht live auf Tour! Um euch einen Einblick zu geben, habe ich in eine Folge hineingeh\u00f6rt!","breadcrumb":{"@id":"https:\/\/www.myticket.de\/de\/myspotlight\/news-insider\/flugforensik-inside-the-episode\/#breadcrumb"},"inLanguage":"de-DE","potentialAction":[{"@type":"ReadAction","target":["https:\/\/www.myticket.de\/de\/myspotlight\/news-insider\/flugforensik-inside-the-episode\/"]}]},{"@type":"ImageObject","inLanguage":"de-DE","@id":"https:\/\/www.myticket.de\/de\/myspotlight\/news-insider\/flugforensik-inside-the-episode\/#primaryimage","url":"https:\/\/www.myticket.de\/de\/myspotlight\/app\/uploads\/2025\/05\/FLUGFORENSIK-Blog-1440x600-1.png","contentUrl":"https:\/\/www.myticket.de\/de\/myspotlight\/app\/uploads\/2025\/05\/FLUGFORENSIK-Blog-1440x600-1.png","width":1440,"height":600,"caption":"von links: Andreas Spaeth und Benjamin Denes"},{"@type":"BreadcrumbList","@id":"https:\/\/www.myticket.de\/de\/myspotlight\/news-insider\/flugforensik-inside-the-episode\/#breadcrumb","itemListElement":[{"@type":"ListItem","position":1,"name":"Home","item":"https:\/\/www.myticket.de\/de\/myspotlight\/"},{"@type":"ListItem","position":2,"name":"Flugforensik \u2013 Inside the Episode"}]},{"@type":"WebSite","@id":"https:\/\/myspotlight.myticket.de\/#website","url":"https:\/\/myspotlight.myticket.de\/","name":"myticket myspotlight","description":"","alternateName":"myspotlight","potentialAction":[{"@type":"SearchAction","target":{"@type":"EntryPoint","urlTemplate":"https:\/\/myspotlight.myticket.de\/?s={search_term_string}"},"query-input":{"@type":"PropertyValueSpecification","valueRequired":true,"valueName":"search_term_string"}}],"inLanguage":"de-DE"},{"@type":"Person","@id":"https:\/\/myspotlight.myticket.de\/#\/schema\/person\/7b85c269fc3fcb11b189fc4ef76cc808","name":"Julia von myticket","image":{"@type":"ImageObject","inLanguage":"de-DE","@id":"https:\/\/myspotlight.myticket.de\/#\/schema\/person\/image\/","url":"https:\/\/secure.gravatar.com\/avatar\/601bcf99b97d84d7b361984486a63b64ab70e4e9b6c5b280e27fa90a2a9ca3c9?s=96&d=mm&r=g","contentUrl":"https:\/\/secure.gravatar.com\/avatar\/601bcf99b97d84d7b361984486a63b64ab70e4e9b6c5b280e27fa90a2a9ca3c9?s=96&d=mm&r=g","caption":"Julia von myticket"},"url":"https:\/\/www.myticket.de\/de\/myspotlight\/author\/julia-schmuck\/"}]}},"_links":{"self":[{"href":"https:\/\/www.myticket.de\/de\/myspotlight\/wp-json\/wp\/v2\/posts\/2557","targetHints":{"allow":["GET"]}}],"collection":[{"href":"https:\/\/www.myticket.de\/de\/myspotlight\/wp-json\/wp\/v2\/posts"}],"about":[{"href":"https:\/\/www.myticket.de\/de\/myspotlight\/wp-json\/wp\/v2\/types\/post"}],"author":[{"embeddable":true,"href":"https:\/\/www.myticket.de\/de\/myspotlight\/wp-json\/wp\/v2\/users\/2"}],"replies":[{"embeddable":true,"href":"https:\/\/www.myticket.de\/de\/myspotlight\/wp-json\/wp\/v2\/comments?post=2557"}],"version-history":[{"count":26,"href":"https:\/\/www.myticket.de\/de\/myspotlight\/wp-json\/wp\/v2\/posts\/2557\/revisions"}],"predecessor-version":[{"id":2590,"href":"https:\/\/www.myticket.de\/de\/myspotlight\/wp-json\/wp\/v2\/posts\/2557\/revisions\/2590"}],"wp:featuredmedia":[{"embeddable":true,"href":"https:\/\/www.myticket.de\/de\/myspotlight\/wp-json\/wp\/v2\/media\/2573"}],"wp:attachment":[{"href":"https:\/\/www.myticket.de\/de\/myspotlight\/wp-json\/wp\/v2\/media?parent=2557"}],"wp:term":[{"taxonomy":"category","embeddable":true,"href":"https:\/\/www.myticket.de\/de\/myspotlight\/wp-json\/wp\/v2\/categories?post=2557"},{"taxonomy":"post_tag","embeddable":true,"href":"https:\/\/www.myticket.de\/de\/myspotlight\/wp-json\/wp\/v2\/tags?post=2557"}],"curies":[{"name":"wp","href":"https:\/\/api.w.org\/{rel}","templated":true}]}}