{"id":2461,"date":"2025-05-15T11:00:19","date_gmt":"2025-05-15T11:00:19","guid":{"rendered":"https:\/\/www.myticket.de\/de\/myspotlight\/?p=2461"},"modified":"2025-11-07T20:24:49","modified_gmt":"2025-11-07T18:24:49","slug":"die-thalbachs-drei-generationen-eine-buehne-eine-familie","status":"publish","type":"post","link":"https:\/\/www.myticket.de\/de\/myspotlight\/news-insider\/die-thalbachs-drei-generationen-eine-buehne-eine-familie\/","title":{"rendered":"Die Thalbachs: Drei Generationen. Eine B\u00fchne. Eine Familie."},"content":{"rendered":"<p><div class=\"fusion-fullwidth fullwidth-box fusion-builder-row-1 fusion-flex-container has-pattern-background has-mask-background fusion-parallax-none nonhundred-percent-fullwidth non-hundred-percent-height-scrolling lazyload\" style=\"--awb-border-radius-top-left:0px;--awb-border-radius-top-right:0px;--awb-border-radius-bottom-right:0px;--awb-border-radius-bottom-left:0px;--awb-padding-bottom:52px;--awb-padding-bottom-medium:20px;--awb-padding-bottom-small:5px;--awb-min-height:650px;--awb-background-size:cover;--awb-flex-wrap:wrap;\" data-bg=\"https:\/\/www.myticket.de\/de\/myspotlight\/app\/uploads\/2025\/05\/thalbach-blogbeitrag-1440x600-2.jpg\" data-fusion-responsive-bg=\"1\" data-bg-small=\"https:\/\/www.myticket.de\/de\/myspotlight\/app\/uploads\/2025\/05\/thalbach-blogbeitrag-415x650-2.jpg\" ><div class=\"fusion-builder-row fusion-row fusion-flex-align-items-flex-end fusion-flex-justify-content-space-between fusion-flex-content-wrap\" style=\"max-width:1364.48px;margin-left: calc(-4% \/ 2 );margin-right: calc(-4% \/ 2 );\"><div class=\"fusion-layout-column fusion_builder_column fusion-builder-column-0 fusion_builder_column_1_1 1_1 fusion-flex-column fusion-flex-align-self-flex-end mys-color-ticket mys-hero--color-ticket\" style=\"--awb-z-index:2;--awb-padding-top:28px;--awb-padding-right:21px;--awb-padding-bottom:25px;--awb-padding-left:21px;--awb-absolute-right:0px;--awb-absolute-bottom:-60px;--awb-overflow:hidden;--awb-container-position:absolute;--awb-bg-size:100%;--awb-width-large:100%;--awb-margin-top-large:0px;--awb-spacing-right-large:1.92%;--awb-margin-bottom-large:0px;--awb-spacing-left-large:1.92%;--awb-width-medium:40%;--awb-order-medium:0;--awb-spacing-right-medium:4.8%;--awb-spacing-left-medium:4.8%;--awb-width-small:100%;--awb-order-small:0;--awb-spacing-right-small:1.92%;--awb-spacing-left-small:1.92%;\" data-scroll-devices=\"small-visibility,medium-visibility,large-visibility\"><div class=\"fusion-column-wrapper lazyload fusion-column-has-shadow fusion-flex-justify-content-flex-end fusion-content-layout-column fusion-column-has-bg-image\" data-bg-url=\"https:\/\/www.myticket.de\/de\/myspotlight\/app\/uploads\/2024\/07\/marker-2-coral-new.svg\" data-bg=\"https:\/\/www.myticket.de\/de\/myspotlight\/app\/uploads\/2024\/07\/marker-2-coral-new.svg\"><div class=\"fusion-text fusion-text-1 fusion-text-no-margin mys-hero--text\" style=\"--awb-content-alignment:center;--awb-font-size:32px;--awb-text-color:var(--awb-color3);--awb-text-font-family:var(--awb-typography3-font-family);--awb-text-font-weight:var(--awb-typography3-font-weight);--awb-text-font-style:var(--awb-typography3-font-style);\"><\/div><\/div><\/div><\/div><\/div><div class=\"fusion-fullwidth fullwidth-box fusion-builder-row-2 fusion-flex-container has-pattern-background has-mask-background nonhundred-percent-fullwidth non-hundred-percent-height-scrolling\" style=\"--awb-border-radius-top-left:0px;--awb-border-radius-top-right:0px;--awb-border-radius-bottom-right:0px;--awb-border-radius-bottom-left:0px;--awb-flex-wrap:wrap;\" ><div class=\"fusion-builder-row fusion-row fusion-flex-align-items-flex-start fusion-flex-content-wrap\" style=\"max-width:1364.48px;margin-left: calc(-4% \/ 2 );margin-right: calc(-4% \/ 2 );\"><div class=\"fusion-layout-column fusion_builder_column fusion-builder-column-1 fusion_builder_column_1_1 1_1 fusion-flex-column\" style=\"--awb-bg-size:cover;--awb-width-large:100%;--awb-margin-top-large:0px;--awb-spacing-right-large:1.92%;--awb-margin-bottom-large:0px;--awb-spacing-left-large:1.92%;--awb-width-medium:100%;--awb-order-medium:0;--awb-spacing-right-medium:1.92%;--awb-spacing-left-medium:1.92%;--awb-width-small:100%;--awb-order-small:0;--awb-spacing-right-small:1.92%;--awb-spacing-left-small:1.92%;\"><div class=\"fusion-column-wrapper fusion-column-has-shadow fusion-flex-justify-content-flex-start fusion-content-layout-column\"><div class=\"fusion-text fusion-text-2 fusion-text-no-margin\" style=\"--awb-font-size:14px;--awb-line-height:22px;--awb-letter-spacing:0px;--awb-text-transform:uppercase;--awb-text-color:var(--awb-color6);--awb-margin-top:5px;--awb-text-font-family:var(--awb-typography5-font-family);--awb-text-font-weight:var(--awb-typography5-font-weight);--awb-text-font-style:var(--awb-typography5-font-style);\"><p>\u00a9 Boris Breuer<\/p>\n<\/div><\/div><\/div><\/div><\/div><article class=\"fusion-fullwidth fullwidth-box fusion-builder-row-3 fusion-flex-container has-pattern-background has-mask-background nonhundred-percent-fullwidth non-hundred-percent-height-scrolling\" style=\"--awb-border-radius-top-left:0px;--awb-border-radius-top-right:0px;--awb-border-radius-bottom-right:0px;--awb-border-radius-bottom-left:0px;--awb-padding-top:72px;--awb-padding-bottom:50px;--awb-padding-bottom-medium:25px;--awb-padding-bottom-small:20px;--awb-flex-wrap:wrap;\" ><div class=\"fusion-builder-row fusion-row fusion-flex-align-items-flex-start fusion-flex-content-wrap\" style=\"max-width:1364.48px;margin-left: calc(-4% \/ 2 );margin-right: calc(-4% \/ 2 );\"><div class=\"fusion-layout-column fusion_builder_column fusion-builder-column-2 fusion_builder_column_1_1 1_1 fusion-flex-column\" style=\"--awb-bg-size:cover;--awb-width-large:100%;--awb-margin-top-large:0px;--awb-spacing-right-large:1.92%;--awb-margin-bottom-large:10px;--awb-spacing-left-large:1.92%;--awb-width-medium:100%;--awb-order-medium:0;--awb-spacing-right-medium:1.92%;--awb-spacing-left-medium:1.92%;--awb-width-small:100%;--awb-order-small:0;--awb-spacing-right-small:1.92%;--awb-spacing-left-small:1.92%;\"><div class=\"fusion-column-wrapper fusion-column-has-shadow fusion-flex-justify-content-flex-start fusion-content-layout-column\"><div class=\"fusion-text fusion-text-3 fusion-text-no-margin mys-tagcloud-lightblue\" style=\"--awb-font-size:14px;--awb-text-color:var(--awb-custom_color_3);--awb-text-font-family:var(--awb-typography4-font-family);--awb-text-font-weight:var(--awb-typography4-font-weight);--awb-text-font-style:var(--awb-typography4-font-style);\"><\/div><\/div><\/div><div class=\"fusion-layout-column fusion_builder_column fusion-builder-column-3 fusion_builder_column_1_1 1_1 fusion-flex-column\" style=\"--awb-bg-size:cover;--awb-width-large:100%;--awb-margin-top-large:0px;--awb-spacing-right-large:1.92%;--awb-margin-bottom-large:0px;--awb-spacing-left-large:1.92%;--awb-width-medium:100%;--awb-order-medium:0;--awb-spacing-right-medium:1.92%;--awb-spacing-left-medium:1.92%;--awb-width-small:100%;--awb-order-small:0;--awb-spacing-right-small:1.92%;--awb-margin-bottom-small:20px;--awb-spacing-left-small:1.92%;\"><div class=\"fusion-column-wrapper fusion-column-has-shadow fusion-flex-justify-content-flex-start fusion-content-layout-column\"><div class=\"fusion-title title fusion-title-1 fusion-sep-none fusion-title-text fusion-title-size-one\" style=\"--awb-text-color:var(--awb-color1);--awb-margin-top:0px;--awb-margin-right:0px;--awb-margin-bottom:20px;--awb-margin-left:0px;--awb-margin-top-small:0px;--awb-margin-right-small:0px;--awb-margin-bottom-small:0px;--awb-margin-left-small:0px;--awb-font-size:48px;\"><h1 class=\"fusion-title-heading title-heading-left fusion-responsive-typography-calculated\" style=\"font-family:var(--awb-typography1-font-family);font-weight:var(--awb-typography1-font-weight);font-style:var(--awb-typography1-font-style);margin:0;font-size:1em;--fontSize:48;line-height:1.13;\">Die Thalbachs: Drei Generationen. Eine B\u00fchne. Eine Familie.<\/h1><\/div><\/div><\/div><div class=\"fusion-layout-column fusion_builder_column fusion-builder-column-4 fusion_builder_column_1_1 1_1 fusion-flex-column fusion-flex-align-self-flex-start\" style=\"--awb-padding-bottom:0px;--awb-bg-size:cover;--awb-width-large:100%;--awb-margin-top-large:0px;--awb-spacing-right-large:1.92%;--awb-margin-bottom-large:0px;--awb-spacing-left-large:1.92%;--awb-width-medium:100%;--awb-order-medium:0;--awb-spacing-right-medium:1.92%;--awb-spacing-left-medium:1.92%;--awb-width-small:100%;--awb-order-small:0;--awb-spacing-right-small:1.92%;--awb-spacing-left-small:1.92%;\"><div class=\"fusion-column-wrapper fusion-column-has-shadow fusion-flex-justify-content-flex-start fusion-content-layout-row\"><div class=\"fusion-text fusion-text-4 fusion-text-no-margin\" style=\"--awb-font-size:24px;--awb-text-color:var(--awb-color7);--awb-margin-right:10px;--awb-text-font-family:&quot;Cabin&quot;;--awb-text-font-style:normal;--awb-text-font-weight:600;\"><p>15. Mai 2025<\/p>\n<\/div><div class=\"fusion-text fusion-text-5 fusion-text-no-margin mys-entry--author\" style=\"--awb-content-alignment:left;--awb-font-size:24px;--awb-text-color:var(--awb-color7);--awb-margin-left:10px;--awb-text-font-family:&quot;Cabin&quot;;--awb-text-font-style:normal;--awb-text-font-weight:600;\"><p>Julia von myticket<\/p>\n<\/div><\/div><\/div><div class=\"fusion-layout-column fusion_builder_column fusion-builder-column-5 fusion_builder_column_1_1 1_1 fusion-flex-column\" style=\"--awb-padding-right:180px;--awb-padding-right-medium:0px;--awb-bg-size:cover;--awb-width-large:100%;--awb-margin-top-large:10px;--awb-spacing-right-large:1.92%;--awb-margin-bottom-large:0px;--awb-spacing-left-large:1.92%;--awb-width-medium:100%;--awb-order-medium:0;--awb-spacing-right-medium:1.92%;--awb-spacing-left-medium:1.92%;--awb-width-small:100%;--awb-order-small:0;--awb-spacing-right-small:1.92%;--awb-spacing-left-small:1.92%;\"><div class=\"fusion-column-wrapper fusion-column-has-shadow fusion-flex-justify-content-flex-start fusion-content-layout-column\"><div class=\"fusion-text fusion-text-6 fusion-text-no-margin\"><p>Am Internationalen Tag der Familie feiern wir bei myticket nicht nur das Miteinander im Privaten \u2013 wir feiern auch Familien, die uns auf der B\u00fchne ber\u00fchren, zum Lachen bringen und zum Nachdenken anregen.<br \/>\nEine dieser au\u00dfergew\u00f6hnlichen Familien sind eindeutig die Thalbachs: Katharina, Anna und Nellie.<\/p>\n<\/div><\/div><\/div><\/div><\/article><section class=\"fusion-fullwidth fullwidth-box fusion-builder-row-4 fusion-flex-container has-pattern-background has-mask-background nonhundred-percent-fullwidth non-hundred-percent-height-scrolling\" style=\"--awb-border-radius-top-left:0px;--awb-border-radius-top-right:0px;--awb-border-radius-bottom-right:0px;--awb-border-radius-bottom-left:0px;--awb-padding-top:50px;--awb-padding-bottom:50px;--awb-padding-top-medium:25px;--awb-padding-bottom-medium:25px;--awb-padding-top-small:20px;--awb-padding-bottom-small:20px;--awb-background-color:var(--awb-color3);--awb-flex-wrap:wrap;\" ><div class=\"fusion-builder-row fusion-row fusion-flex-align-items-flex-start fusion-flex-content-wrap\" style=\"max-width:1364.48px;margin-left: calc(-4% \/ 2 );margin-right: calc(-4% \/ 2 );\"><div class=\"fusion-layout-column fusion_builder_column fusion-builder-column-6 fusion_builder_column_1_1 1_1 fusion-flex-column fusion-flex-align-self-stretch\" style=\"--awb-bg-size:cover;--awb-width-large:100%;--awb-margin-top-large:0px;--awb-spacing-right-large:1.92%;--awb-margin-bottom-large:0px;--awb-spacing-left-large:1.92%;--awb-width-medium:100%;--awb-order-medium:0;--awb-spacing-right-medium:1.92%;--awb-spacing-left-medium:1.92%;--awb-width-small:100%;--awb-order-small:0;--awb-spacing-right-small:1.92%;--awb-spacing-left-small:1.92%;\"><div class=\"fusion-column-wrapper fusion-column-has-shadow fusion-flex-justify-content-flex-start fusion-content-layout-column\"><div class=\"fusion-title title fusion-title-2 fusion-sep-none fusion-title-text fusion-title-size-three\" style=\"--awb-text-color:var(--awb-color1);--awb-margin-top:0px;--awb-margin-right:0px;--awb-margin-bottom:24px;--awb-margin-left:0px;--awb-margin-top-small:0px;--awb-margin-right-small:0px;--awb-margin-bottom-small:15px;--awb-margin-left-small:0px;--awb-font-size:40px;\"><h3 class=\"fusion-title-heading title-heading-left fusion-responsive-typography-calculated\" style=\"font-family:&quot;Cabin&quot;;font-style:normal;font-weight:400;margin:0;font-size:1em;--fontSize:40;line-height:1.25;\">Die Thalbach-Frauen: Talent \u00fcber drei Generationen<\/h3><\/div><div class=\"fusion-text fusion-text-7 fusion-text-no-margin\" style=\"--awb-margin-bottom:24px;\"><p>Die Geschichte der Thalbachs ist nicht nur eine Geschichte gro\u00dfer Schauspielkunst, sondern auch ein lebendiges Zeugnis daf\u00fcr, wie sich Leidenschaft und Talent \u00fcber Generationen weitertragen.<br \/>\nAls Film- und Fernsehschauspielerin ist Katharina Thalbach regelrecht eine Institution. Seit ihrer Kindheit steht sie auf der B\u00fchne und wurde unter anderem mit dem Deutschen Filmpreis, dem Grimme-Preis, dem Deutschen Comedypreis als Beste Schauspielerin, dem Kulturpreis Deutsche Sprache und dem Jacob-Grimme-Preis ausgezeichnet. Bereits 2014 erhielt sie den Deutschen H\u00f6rbuchpreis f\u00fcr ihr Lebenswerk.<br \/>\nDieses Talent hat sie eindeutig auch an ihre Tochter Anna und ihre Enkelin Nellie weitergegeben. Die ebenfalls mit Fernsehpreisen ausgezeichnete Anna Thalbach war in national wie international erfolgreichen Produktionen zu sehen, u. a. in \u00bbBurning Life\u00ab, \u00bbDer Baader Meinhof Komplex\u00ab und an der Seite von Keira Knightley und Viggo Mortensen in \u00bbA Dangerous Method\u00ab von David Cronenberg, w\u00e4hrend die J\u00fcngste der drei Thalbachs, Nellie, die Theaterwelt erobert. Ihr Deb\u00fct gab sie bereits 2002 im Maxim-Gorki-Theater als kleine Polly in \u00bbDie Dreigroschenoper\u00ab. 2005 stand sie an der Seite ihrer Mutter Anna und G\u00f6tz George in \u00bbMaria an Callas\u00ab zum ersten Mal vor der Kamera.<\/p>\n<\/div><\/div><\/div><\/div><\/section><div class=\"fusion-fullwidth fullwidth-box fusion-builder-row-5 fusion-flex-container has-pattern-background has-mask-background nonhundred-percent-fullwidth non-hundred-percent-height-scrolling\" style=\"--awb-border-radius-top-left:0px;--awb-border-radius-top-right:0px;--awb-border-radius-bottom-right:0px;--awb-border-radius-bottom-left:0px;--awb-padding-top:50px;--awb-padding-bottom:50px;--awb-padding-top-medium:25px;--awb-padding-bottom-medium:25px;--awb-padding-top-small:20px;--awb-padding-bottom-small:25px;--awb-flex-wrap:wrap;\" ><div class=\"fusion-builder-row fusion-row fusion-flex-align-items-flex-start fusion-flex-content-wrap\" style=\"max-width:1364.48px;margin-left: calc(-4% \/ 2 );margin-right: calc(-4% \/ 2 );\"><div class=\"fusion-layout-column fusion_builder_column fusion-builder-column-7 fusion_builder_column_1_2 1_2 fusion-flex-column fusion-flex-align-self-stretch\" style=\"--awb-bg-size:cover;--awb-width-large:50%;--awb-margin-top-large:0px;--awb-spacing-right-large:3.84%;--awb-margin-bottom-large:0px;--awb-spacing-left-large:3.84%;--awb-width-medium:100%;--awb-order-medium:0;--awb-spacing-right-medium:1.92%;--awb-spacing-left-medium:1.92%;--awb-width-small:100%;--awb-order-small:0;--awb-spacing-right-small:1.92%;--awb-spacing-left-small:1.92%;\"><div class=\"fusion-column-wrapper fusion-column-has-shadow fusion-flex-justify-content-flex-start fusion-content-layout-column\"><div class=\"fusion-title title fusion-title-3 fusion-sep-none fusion-title-text fusion-title-size-three\" style=\"--awb-text-color:var(--awb-color1);--awb-margin-top:0px;--awb-margin-right:0px;--awb-margin-bottom:24px;--awb-margin-left:0px;--awb-margin-top-small:0px;--awb-margin-right-small:0px;--awb-margin-bottom-small:15px;--awb-margin-left-small:0px;--awb-font-size:40px;\"><h3 class=\"fusion-title-heading title-heading-left fusion-responsive-typography-calculated\" style=\"font-family:&quot;Cabin&quot;;font-style:normal;font-weight:400;margin:0;font-size:1em;--fontSize:40;line-height:1.25;\">Von der B\u00fchne bis vor die Kamera<\/h3><\/div><div class=\"fusion-text fusion-text-8 fusion-text-no-margin\" style=\"--awb-margin-bottom:24px;\"><p>Immer wieder treten die drei zusammen auf. Das reicht vom gemeinsamen Modeln und Pr\u00e4sentieren von Mode (wie Anna und Nellie j\u00fcngst f\u00fcr das<a href=\"https:\/\/www.instagram.com\/p\/DJb3c-bR_Fa\/\" target=\"_blank\" rel=\"noopener\"> <em>FAZ Magazin<\/em><\/a>) bis hin zum schauspielerischen Zelebrieren eines der wohl gr\u00f6\u00dften Kriminalspektakel \u00fcberhaupt: In der <a href=\"https:\/\/www.komoedie-berlin.de\/produktionen\/mord-im-orientexpress.html\" target=\"_blank\" rel=\"noopener\">Kom\u00f6die am Kurf\u00fcrstendamm im Theater am Potsdamer<\/a> Platz spielen die drei zusammen in Agatha Christies Meisterwerk \u201eMord im Orientexpress\u201c. Das Besondere: Katharina Thalbach f\u00fchrt nicht nur Regie, sondern schl\u00fcpft selbst in die Rolle des belgischen Meisterdetektivs Hercule Poirot.<\/p>\n<\/div><div class=\"fusion-title title fusion-title-4 fusion-sep-none fusion-title-text fusion-title-size-four\" style=\"--awb-text-color:var(--awb-color1);--awb-margin-top:0px;--awb-margin-right:0px;--awb-margin-bottom:24px;--awb-margin-left:0px;--awb-margin-top-small:0px;--awb-margin-right-small:0px;--awb-margin-bottom-small:15px;--awb-margin-left-small:0px;--awb-font-size:40px;\"><h4 class=\"fusion-title-heading title-heading-left fusion-responsive-typography-calculated\" style=\"font-family:&quot;Cabin&quot;;font-style:normal;font-weight:400;margin:0;font-size:1em;--fontSize:40;line-height:1.25;\">Unsere Meinung: Das sollte sich niemand entgehen lassen.<\/h4><\/div><div class=\"fusion-text fusion-text-9\"><p>Wenn Katharina, Anna und Nellie gemeinsam auf der B\u00fchne stehen, ist das mehr als nur ein Theaterabend. Es ist ein Familienereignis \u2013 nicht nur f\u00fcr die Thalbachs selbst, sondern auch f\u00fcr das Publikum. Zuzusehen, wie eine Familie zusammen Kunst erschafft, ist selten, entfaltet aber eine ganz eigene Art von Intimit\u00e4t und Energie.<\/p>\n<\/div><\/div><\/div><div class=\"fusion-layout-column fusion_builder_column fusion-builder-column-8 fusion_builder_column_1_2 1_2 fusion-flex-column fusion-flex-align-self-stretch\" style=\"--awb-bg-size:cover;--awb-width-large:50%;--awb-margin-top-large:0px;--awb-spacing-right-large:3.84%;--awb-margin-bottom-large:50px;--awb-spacing-left-large:3.84%;--awb-width-medium:50%;--awb-order-medium:0;--awb-spacing-right-medium:3.84%;--awb-spacing-left-medium:3.84%;--awb-width-small:100%;--awb-order-small:0;--awb-spacing-right-small:1.92%;--awb-margin-bottom-small:25px;--awb-spacing-left-small:1.92%;\"><div class=\"fusion-column-wrapper fusion-column-has-shadow fusion-flex-justify-content-flex-start fusion-content-layout-column\"><div class=\"fusion-image-element sm-text-align-center\" style=\"text-align:right;--awb-caption-title-font-family:var(--h2_typography-font-family);--awb-caption-title-font-weight:var(--h2_typography-font-weight);--awb-caption-title-font-style:var(--h2_typography-font-style);--awb-caption-title-size:var(--h2_typography-font-size);--awb-caption-title-transform:var(--h2_typography-text-transform);--awb-caption-title-line-height:var(--h2_typography-line-height);--awb-caption-title-letter-spacing:var(--h2_typography-letter-spacing);\"><span class=\" fusion-imageframe imageframe-none imageframe-1 hover-type-none mys-border--rounded-vert mys-border--rounded-vert--left mys-border--rounded-vert--interview\"><img decoding=\"async\" width=\"588\" height=\"661\" alt=\"Die Thalbachs: 3 Generationen auf der B\u00fchne\" title=\"thalbach-blogbeitrag-588&#215;661\" src=\"https:\/\/www.myticket.de\/de\/myspotlight\/app\/uploads\/2025\/05\/thalbach-blogbeitrag-588x661-1.jpg\" data-orig-src=\"https:\/\/www.myticket.de\/de\/myspotlight\/app\/uploads\/2025\/05\/thalbach-blogbeitrag-588x661-1.jpg\" class=\"lazyload img-responsive wp-image-2464\" srcset=\"data:image\/svg+xml,%3Csvg%20xmlns%3D%27http%3A%2F%2Fwww.w3.org%2F2000%2Fsvg%27%20width%3D%27588%27%20height%3D%27661%27%20viewBox%3D%270%200%20588%20661%27%3E%3Crect%20width%3D%27588%27%20height%3D%27661%27%20fill-opacity%3D%220%22%2F%3E%3C%2Fsvg%3E\" data-srcset=\"https:\/\/www.myticket.de\/de\/myspotlight\/app\/uploads\/2025\/05\/thalbach-blogbeitrag-588x661-1-200x225.jpg 200w, https:\/\/www.myticket.de\/de\/myspotlight\/app\/uploads\/2025\/05\/thalbach-blogbeitrag-588x661-1-400x450.jpg 400w, https:\/\/www.myticket.de\/de\/myspotlight\/app\/uploads\/2025\/05\/thalbach-blogbeitrag-588x661-1.jpg 588w\" data-sizes=\"auto\" data-orig-sizes=\"(max-width: 767px) 100vw, 588px\" \/><\/span><\/div><\/div><\/div><\/div><\/div><div class=\"fusion-fullwidth fullwidth-box fusion-builder-row-6 fusion-flex-container has-pattern-background has-mask-background nonhundred-percent-fullwidth non-hundred-percent-height-scrolling\" style=\"--awb-border-radius-top-left:0px;--awb-border-radius-top-right:0px;--awb-border-radius-bottom-right:0px;--awb-border-radius-bottom-left:0px;--awb-padding-top:40px;--awb-margin-top:50px;--awb-margin-bottom:50px;--awb-margin-top-medium:25px;--awb-margin-bottom-medium:25px;--awb-margin-top-small:20px;--awb-margin-bottom-small:20px;--awb-flex-wrap:wrap;\" ><div class=\"fusion-builder-row fusion-row fusion-flex-align-items-flex-start fusion-flex-content-wrap\" style=\"max-width:1364.48px;margin-left: calc(-4% \/ 2 );margin-right: calc(-4% \/ 2 );\"><div class=\"fusion-layout-column fusion_builder_column fusion-builder-column-9 fusion_builder_column_3_5 3_5 fusion-flex-column fusion-flex-align-self-stretch\" style=\"--awb-bg-size:cover;--awb-width-large:60%;--awb-margin-top-large:0px;--awb-spacing-right-large:3.2%;--awb-margin-bottom-large:0px;--awb-spacing-left-large:3.2%;--awb-width-medium:100%;--awb-order-medium:0;--awb-spacing-right-medium:1.92%;--awb-spacing-left-medium:1.92%;--awb-width-small:100%;--awb-order-small:0;--awb-spacing-right-small:1.92%;--awb-spacing-left-small:1.92%;\"><div class=\"fusion-column-wrapper fusion-column-has-shadow fusion-flex-justify-content-flex-start fusion-content-layout-column\"><div class=\"fusion-title title fusion-title-5 fusion-sep-none fusion-title-text fusion-title-size-three\" style=\"--awb-text-color:var(--awb-color1);--awb-margin-top:0px;--awb-margin-right:0px;--awb-margin-bottom:24px;--awb-margin-left:0px;--awb-margin-top-small:0px;--awb-margin-right-small:0px;--awb-margin-bottom-small:15px;--awb-margin-left-small:0px;--awb-font-size:40px;\"><h3 class=\"fusion-title-heading title-heading-left fusion-responsive-typography-calculated\" style=\"font-family:&quot;Cabin&quot;;font-style:normal;font-weight:400;margin:0;font-size:1em;--fontSize:40;line-height:1.25;\">Weihnachten bei den Thalbachs: Ein Fest der Familie<\/h3><\/div><div class=\"fusion-text fusion-text-10 fusion-text-no-margin\" style=\"--awb-margin-bottom:24px;\"><p>Gemeinsam teilen die Thalbachs auch ihre Leidenschaft f\u00fcr das H\u00f6rbuchsprechen und sind unbestritten geborene Erz\u00e4hlerinnen von Geschichten. Und welcher Anlass w\u00e4re f\u00fcr ein famili\u00e4res Geschichtenerz\u00e4hlen besser geeignet als <em>das<\/em> Familienfest schlechthin? Zu Weihnachten warten die drei mit einem ganz besonderen Herzensprojekt auf. In \u201eWeihnachten bei den Thalbachs\u201c bringen Katharina, Anna und Nellie die Magie des Festes auf die B\u00fchne \u2013 mit Geschichten, die das Herz ber\u00fchren.<br \/>\nSchon einige Male zuvor haben die Thalbach-Frauen ihre M\u00e4rchenb\u00fccher und Gedichtb\u00e4nde aufgeschlagen, um ihr Publikum mit auf eine besinnliche Weihnachtsreise zu nehmen. 2023 standen so zum Beispiel zeitlose Klassiker wie \u201eDas M\u00e4dchen mit den Schwefelh\u00f6lzern\u201c, aber auch skurril-lustige, biblische Weihnachtsgeschichten (allerdings auf Berlinerisch) und Gedichte von Christian Morgenstern und Theodor Storm auf dem Programm \u2013 nat\u00fcrlich immer mit viel Wort, Charme und Witz pr\u00e4sentiert. \u201eAlle Jahre wieder\u201c, aber jedes Jahr neu und mit einem ganz individuellen Programm. Wer sich Tickets f\u00fcr die Veranstaltungen im Dezember 2025 sichert, wird sich auf jeden Fall auf viele sch\u00f6ne \u00dcberraschungen freuen k\u00f6nnen, die den Zauber von Weihnachten auf einzigartige Weise entfalten.<\/p>\n<\/div><div class=\"fusion-image-element \" style=\"text-align:center;--awb-margin-top:-40px;--awb-margin-right-medium:0px;--awb-margin-left-medium:0px;--awb-max-width:309px;--awb-caption-title-font-family:var(--h2_typography-font-family);--awb-caption-title-font-weight:var(--h2_typography-font-weight);--awb-caption-title-font-style:var(--h2_typography-font-style);--awb-caption-title-size:var(--h2_typography-font-size);--awb-caption-title-transform:var(--h2_typography-text-transform);--awb-caption-title-line-height:var(--h2_typography-line-height);--awb-caption-title-letter-spacing:var(--h2_typography-letter-spacing);\"><span class=\" fusion-imageframe imageframe-none imageframe-2 hover-type-none\"><img decoding=\"async\" width=\"339\" height=\"307\" alt=\"Experten Geheimtipp Julia\" title=\"geheimtipp-bg\" src=\"https:\/\/www.myticket.de\/de\/myspotlight\/app\/uploads\/2024\/07\/geheimtipp-bg.png\" data-orig-src=\"https:\/\/www.myticket.de\/de\/myspotlight\/app\/uploads\/2024\/07\/geheimtipp-bg.png\" class=\"lazyload img-responsive wp-image-1051\" srcset=\"data:image\/svg+xml,%3Csvg%20xmlns%3D%27http%3A%2F%2Fwww.w3.org%2F2000%2Fsvg%27%20width%3D%27339%27%20height%3D%27307%27%20viewBox%3D%270%200%20339%20307%27%3E%3Crect%20width%3D%27339%27%20height%3D%27307%27%20fill-opacity%3D%220%22%2F%3E%3C%2Fsvg%3E\" data-srcset=\"https:\/\/www.myticket.de\/de\/myspotlight\/app\/uploads\/2024\/07\/geheimtipp-bg-200x181.png 200w, https:\/\/www.myticket.de\/de\/myspotlight\/app\/uploads\/2024\/07\/geheimtipp-bg.png 339w\" data-sizes=\"auto\" data-orig-sizes=\"(max-width: 767px) 100vw, 339px\" \/><\/span><\/div><div class=\"fusion-text fusion-text-11\" style=\"--awb-content-alignment:center;--awb-font-size:16px;--awb-line-height:24px;--awb-text-color:var(--awb-color7);--awb-margin-right:30px;--awb-margin-left:30px;--awb-text-font-family:var(--awb-typography3-font-family);--awb-text-font-weight:var(--awb-typography3-font-weight);--awb-text-font-style:var(--awb-typography3-font-style);\"><p>Im Sommer schon an Weihnachten denken? Warum nicht? Wenn Du einen Abend voller W\u00e4rme, Humor und jener unverwechselbaren Thalbach\u2019schen Mischung aus Tiefgang und Leichtigkeit auch einmal live erleben m\u00f6chtest, bekommst du die Tickets f\u00fcr das liebevolle Familientreffen in unvergesslicher Live-Atmosph\u00e4re nat\u00fcrlich bei <a href=\"https:\/\/www.myticket.de\/de\/weihnachten-bei-den-thalbachs-tickets\" target=\"_blank\" rel=\"noopener\"><img decoding=\"async\" class=\"lazyload alignnone\" style=\"margin-left: 5px; margin-top: 5px;\" src=\"data:image\/svg+xml,%3Csvg%20xmlns%3D%27http%3A%2F%2Fwww.w3.org%2F2000%2Fsvg%27%20width%3D%27157%27%20height%3D%2732%27%20viewBox%3D%270%200%20157%2032%27%3E%3Crect%20width%3D%27157%27%20height%3D%2732%27%20fill-opacity%3D%220%22%2F%3E%3C%2Fsvg%3E\" data-orig-src=\"\/de\/myspotlight\/app\/uploads\/2024\/07\/MYT-Logo-blue-new.svg\" alt=\"myTicket \" width=\"157\" height=\"32\" \/><\/a>!<\/p>\n<\/div><\/div><\/div><div class=\"fusion-layout-column fusion_builder_column fusion-builder-column-10 fusion_builder_column_2_5 2_5 fusion-flex-column fusion-flex-align-self-stretch\" style=\"--awb-bg-size:cover;--awb-width-large:40%;--awb-margin-top-large:0px;--awb-spacing-right-large:4.8%;--awb-margin-bottom-large:50px;--awb-spacing-left-large:4.8%;--awb-width-medium:40%;--awb-order-medium:0;--awb-spacing-right-medium:4.8%;--awb-spacing-left-medium:4.8%;--awb-width-small:100%;--awb-order-small:0;--awb-spacing-right-small:1.92%;--awb-margin-bottom-small:25px;--awb-spacing-left-small:1.92%;\"><div class=\"fusion-column-wrapper fusion-column-has-shadow fusion-flex-justify-content-flex-start fusion-content-layout-column\"><div class=\"fusion-image-element sm-text-align-center\" style=\"text-align:right;--awb-caption-title-font-family:var(--h2_typography-font-family);--awb-caption-title-font-weight:var(--h2_typography-font-weight);--awb-caption-title-font-style:var(--h2_typography-font-style);--awb-caption-title-size:var(--h2_typography-font-size);--awb-caption-title-transform:var(--h2_typography-text-transform);--awb-caption-title-line-height:var(--h2_typography-line-height);--awb-caption-title-letter-spacing:var(--h2_typography-letter-spacing);\"><span class=\" fusion-imageframe imageframe-none imageframe-3 hover-type-zoomin mys-border--rounded-vert mys-border--rounded-vert--left mys-border--rounded-vert--interview\"><a class=\"fusion-no-lightbox\" href=\"https:\/\/www.myticket.de\/de\/weihnachten-bei-den-thalbachs-tickets\" target=\"_blank\" aria-label=\"2025-01-29_HW_Weihnachten_bei_den_Thalbachs_Socials_1080x1920px\" rel=\"noopener noreferrer\"><img decoding=\"async\" width=\"1080\" height=\"1920\" alt=\"Weihnachten bei den Thalbachs - Tickets\" src=\"https:\/\/www.myticket.de\/de\/myspotlight\/app\/uploads\/2025\/05\/2025-01-29_HW_Weihnachten_bei_den_Thalbachs_Socials_1080x1920px.jpg\" data-orig-src=\"https:\/\/www.myticket.de\/de\/myspotlight\/app\/uploads\/2025\/05\/2025-01-29_HW_Weihnachten_bei_den_Thalbachs_Socials_1080x1920px.jpg\" class=\"lazyload img-responsive wp-image-2500\" srcset=\"data:image\/svg+xml,%3Csvg%20xmlns%3D%27http%3A%2F%2Fwww.w3.org%2F2000%2Fsvg%27%20width%3D%271080%27%20height%3D%271920%27%20viewBox%3D%270%200%201080%201920%27%3E%3Crect%20width%3D%271080%27%20height%3D%271920%27%20fill-opacity%3D%220%22%2F%3E%3C%2Fsvg%3E\" data-srcset=\"https:\/\/www.myticket.de\/de\/myspotlight\/app\/uploads\/2025\/05\/2025-01-29_HW_Weihnachten_bei_den_Thalbachs_Socials_1080x1920px-200x356.jpg 200w, https:\/\/www.myticket.de\/de\/myspotlight\/app\/uploads\/2025\/05\/2025-01-29_HW_Weihnachten_bei_den_Thalbachs_Socials_1080x1920px-400x711.jpg 400w, https:\/\/www.myticket.de\/de\/myspotlight\/app\/uploads\/2025\/05\/2025-01-29_HW_Weihnachten_bei_den_Thalbachs_Socials_1080x1920px-600x1067.jpg 600w, https:\/\/www.myticket.de\/de\/myspotlight\/app\/uploads\/2025\/05\/2025-01-29_HW_Weihnachten_bei_den_Thalbachs_Socials_1080x1920px-800x1422.jpg 800w, https:\/\/www.myticket.de\/de\/myspotlight\/app\/uploads\/2025\/05\/2025-01-29_HW_Weihnachten_bei_den_Thalbachs_Socials_1080x1920px.jpg 1080w\" data-sizes=\"auto\" data-orig-sizes=\"(max-width: 767px) 100vw, 600px\" \/><\/a><\/span><\/div><\/div><\/div><\/div><\/div><div class=\"fusion-fullwidth fullwidth-box fusion-builder-row-7 fusion-flex-container has-pattern-background has-mask-background nonhundred-percent-fullwidth non-hundred-percent-height-scrolling\" style=\"--awb-border-radius-top-left:0px;--awb-border-radius-top-right:0px;--awb-border-radius-bottom-right:0px;--awb-border-radius-bottom-left:0px;--awb-padding-top:50px;--awb-padding-top-medium:25px;--awb-padding-top-small:20px;--awb-flex-wrap:wrap;\" ><div class=\"fusion-builder-row fusion-row fusion-flex-align-items-flex-start fusion-flex-content-wrap\" style=\"max-width:1364.48px;margin-left: calc(-4% \/ 2 );margin-right: calc(-4% \/ 2 );\"><div class=\"fusion-layout-column fusion_builder_column fusion-builder-column-11 fusion_builder_column_1_1 1_1 fusion-flex-column\" style=\"--awb-bg-size:cover;--awb-width-large:100%;--awb-margin-top-large:0px;--awb-spacing-right-large:1.92%;--awb-margin-bottom-large:0px;--awb-spacing-left-large:1.92%;--awb-width-medium:100%;--awb-order-medium:0;--awb-spacing-right-medium:1.92%;--awb-spacing-left-medium:1.92%;--awb-width-small:100%;--awb-order-small:0;--awb-spacing-right-small:1.92%;--awb-spacing-left-small:1.92%;\"><div class=\"fusion-column-wrapper fusion-column-has-shadow fusion-flex-justify-content-flex-start fusion-content-layout-column\"><div class=\"fusion-title title fusion-title-6 fusion-sep-none fusion-title-center fusion-title-text fusion-title-size-paragraph\" style=\"--awb-text-color:var(--awb-color1);--awb-margin-top:0px;--awb-margin-right:0px;--awb-margin-bottom:50px;--awb-margin-left:0px;--awb-margin-top-small:0px;--awb-margin-right-small:0px;--awb-margin-bottom-small:20px;--awb-margin-left-small:0px;--awb-margin-bottom-medium:20px;--awb-font-size:40px;\"><p class=\"fusion-title-heading title-heading-center title-heading-tag fusion-responsive-typography-calculated\" style=\"font-family:var(--awb-typography1-font-family);font-weight:var(--awb-typography1-font-weight);font-style:var(--awb-typography1-font-style);margin:0;font-size:1em;--fontSize:40;line-height:1.25;\">Diese Artikel k\u00f6nnten Dich auch interessieren<\/p><\/div><div class=\"fusion-post-cards fusion-post-cards-1 fusion-grid-archive fusion-grid-columns-3\" style=\"--awb-column-spacing:25px;--awb-dots-align:center;--awb-columns:3;--awb-active-filter-border-size:3px;--awb-filters-height:36px;--awb-row-spacing:20px;\"><ul class=\"fusion-grid fusion-grid-3 fusion-flex-align-items-stretch fusion-grid-posts-cards\"><li class=\"fusion-layout-column fusion_builder_column fusion-builder-column-12 fusion-flex-column mys-postcard-post post-card fusion-grid-column fusion-post-cards-grid-column\" style=\"--awb-bg-color:var(--awb-color3);--awb-bg-color-hover:var(--awb-color3);--awb-bg-blend:overlay;--awb-bg-size:cover;--awb-border-color:var(--awb-custom_color_1);--awb-border-style:solid;\" data-scroll-devices=\"small-visibility,medium-visibility,large-visibility\"><div class=\"fusion-column-wrapper fusion-column-has-shadow fusion-flex-justify-content-flex-start fusion-content-layout-column\"><div class=\"fusion-image-element \" style=\"--awb-margin-bottom:15px;--awb-caption-title-font-family:var(--h2_typography-font-family);--awb-caption-title-font-weight:var(--h2_typography-font-weight);--awb-caption-title-font-style:var(--h2_typography-font-style);--awb-caption-title-size:var(--h2_typography-font-size);--awb-caption-title-transform:var(--h2_typography-text-transform);--awb-caption-title-line-height:var(--h2_typography-line-height);--awb-caption-title-letter-spacing:var(--h2_typography-letter-spacing);\"><span class=\" fusion-imageframe imageframe-none imageframe-4 hover-type-none\"><a class=\"fusion-no-lightbox\" href=\"https:\/\/www.myticket.de\/de\/myspotlight\/interview\/senna-gammours-toxisch-aber-suess-tour-geht-weiter-das-erwartet-dich\/\" target=\"_self\" aria-label=\"senna-gammour-tour-644&#215;398\"><img decoding=\"async\" width=\"644\" height=\"398\" alt=\"Senna Gammours \u201eToxisch, aber S\u00fc\u00df&#8220;-Tour geht weiter! Das erwartet Dich!\" src=\"https:\/\/www.myticket.de\/de\/myspotlight\/app\/uploads\/2025\/08\/senna-gammour-tour-644x398-1.png\" data-orig-src=\"https:\/\/www.myticket.de\/de\/myspotlight\/app\/uploads\/2025\/08\/senna-gammour-tour-644x398-1.png\" class=\"lazyload img-responsive wp-image-2859\" srcset=\"data:image\/svg+xml,%3Csvg%20xmlns%3D%27http%3A%2F%2Fwww.w3.org%2F2000%2Fsvg%27%20width%3D%27644%27%20height%3D%27398%27%20viewBox%3D%270%200%20644%20398%27%3E%3Crect%20width%3D%27644%27%20height%3D%27398%27%20fill-opacity%3D%220%22%2F%3E%3C%2Fsvg%3E\" data-srcset=\"https:\/\/www.myticket.de\/de\/myspotlight\/app\/uploads\/2025\/08\/senna-gammour-tour-644x398-1-200x124.png 200w, https:\/\/www.myticket.de\/de\/myspotlight\/app\/uploads\/2025\/08\/senna-gammour-tour-644x398-1-400x247.png 400w, https:\/\/www.myticket.de\/de\/myspotlight\/app\/uploads\/2025\/08\/senna-gammour-tour-644x398-1-600x371.png 600w, https:\/\/www.myticket.de\/de\/myspotlight\/app\/uploads\/2025\/08\/senna-gammour-tour-644x398-1.png 644w\" data-sizes=\"auto\" data-orig-sizes=\"(max-width: 767px) 100vw, 644px\" \/><\/a><\/span><\/div><div class=\"fusion-title title fusion-title-7 fusion-sep-none fusion-title-text fusion-title-size-div mys-color-ticket--post\" style=\"--awb-text-color:var(--awb-color3);--awb-margin-top:0px;--awb-margin-right:0px;--awb-margin-bottom:0px;--awb-margin-left:0px;--awb-margin-top-small:0px;--awb-margin-right-small:0px;--awb-margin-bottom-small:0px;--awb-margin-left-small:0px;--awb-link-color:var(--awb-color3);--awb-link-hover-color:var(--awb-color3);--awb-font-size:18px;\"><div class=\"fusion-title-heading title-heading-left title-heading-tag fusion-responsive-typography-calculated\" style=\"font-family:&quot;Cabin&quot;;font-style:normal;font-weight:600;margin:0;font-size:1em;--fontSize:18;--minFontSize:18;line-height:1.33;\"><a href=\"https:\/\/www.myticket.de\/de\/myspotlight\/interview\/senna-gammours-toxisch-aber-suess-tour-geht-weiter-das-erwartet-dich\/\" class=\"awb-custom-text-color awb-custom-text-hover-color\" target=\"_self\"><a href=\"https:\/\/www.myticket.de\/de\/myspotlight\/category\/interview\/\" title=\"Interview\">Interview<\/a><\/a><\/div><\/div><div class=\"fusion-builder-row fusion-builder-row-inner fusion-row fusion-flex-align-items-flex-start fusion-flex-content-wrap\" style=\"width:104% !important;max-width:104% !important;margin-left: calc(-4% \/ 2 );margin-right: calc(-4% \/ 2 );\"><div class=\"fusion-layout-column fusion_builder_column_inner fusion-builder-nested-column-0 fusion_builder_column_inner_1_6 1_6 fusion-flex-column fusion-flex-align-self-stretch fusion-column-inner-bg-wrapper\" style=\"--awb-padding-bottom-small:0px;--awb-padding-left-small:12px;--awb-inner-bg-size:cover;--awb-width-large:16.666666666667%;--awb-margin-top-large:0px;--awb-spacing-right-large:11.52%;--awb-margin-bottom-large:0px;--awb-spacing-left-large:11.52%;--awb-width-medium:16.666666666667%;--awb-order-medium:0;--awb-spacing-right-medium:11.52%;--awb-spacing-left-medium:11.52%;--awb-width-small:20%;--awb-order-small:0;--awb-spacing-right-small:9.6%;--awb-margin-bottom-small:0;--awb-spacing-left-small:9.6%;\" data-scroll-devices=\"small-visibility,medium-visibility,large-visibility\"><span class=\"fusion-column-inner-bg hover-type-none\"><a class=\"fusion-column-anchor\" href=\"https:\/\/www.myticket.de\/de\/myspotlight\/interview\/senna-gammours-toxisch-aber-suess-tour-geht-weiter-das-erwartet-dich\/\"><span class=\"fusion-column-inner-bg-image\"><\/span><\/a><\/span><div class=\"fusion-column-wrapper fusion-column-has-shadow fusion-flex-justify-content-flex-start fusion-content-layout-column\"><div class=\"fusion-text fusion-text-12 fusion-text-no-margin\" style=\"--awb-content-alignment:center;--awb-font-size:24px;--awb-text-color:var(--awb-color7);--awb-text-font-family:var(--awb-typography3-font-family);--awb-text-font-weight:var(--awb-typography3-font-weight);--awb-text-font-style:var(--awb-typography3-font-style);\"><p>05<\/p>\n<\/div><div class=\"fusion-separator\" style=\"align-self: center;margin-left: auto;margin-right: auto;margin-top:0px;margin-bottom:2px;width:100%;max-width:35px;\"><div class=\"fusion-separator-border sep-single sep-solid\" style=\"--awb-height:20px;--awb-amount:20px;--awb-sep-color:var(--awb-color7);border-color:var(--awb-color7);border-top-width:1px;\"><\/div><\/div><div class=\"fusion-text fusion-text-13 mys-truncate\" style=\"--awb-content-alignment:center;--awb-font-size:18px;--awb-line-height:24px;--awb-text-color:var(--awb-custom_color_2);--awb-text-font-family:&quot;Cabin&quot;;--awb-text-font-style:normal;--awb-text-font-weight:600;\"><p>Aug<\/p>\n<\/div><\/div><\/div><div class=\"fusion-layout-column fusion_builder_column_inner fusion-builder-nested-column-1 fusion_builder_column_inner_5_6 5_6 fusion-flex-column fusion-flex-align-self-stretch\" style=\"--awb-padding-right-small:10px;--awb-bg-size:cover;--awb-width-large:83.333333333333%;--awb-margin-top-large:0px;--awb-spacing-right-large:2.304%;--awb-margin-bottom-large:0px;--awb-spacing-left-large:2.304%;--awb-width-medium:83.333333333333%;--awb-order-medium:0;--awb-spacing-right-medium:2.304%;--awb-spacing-left-medium:2.304%;--awb-width-small:80%;--awb-order-small:0;--awb-spacing-right-small:2.4%;--awb-spacing-left-small:2.4%;\" data-scroll-devices=\"small-visibility,medium-visibility,large-visibility\"><div class=\"fusion-column-wrapper fusion-column-has-shadow fusion-flex-justify-content-flex-start fusion-content-layout-column\"><div class=\"fusion-meta-tb fusion-meta-tb-1 stacked\" style=\"--awb-height:36px;--awb-font-size:16px;--awb-padding-top:6px;--awb-text-color:var(--awb-color7);--awb-link-color:var(--awb-color7);--awb-text-hover-color:var(--awb-color7);--awb-background-color:var(--awb-color3);--awb-alignment-medium:flex-start;--awb-alignment-small:flex-start;\"><span class=\"fusion-tb-tags\"><a href=\"https:\/\/www.myticket.de\/de\/myspotlight\/tag\/interview\/\" rel=\"tag\">#interview<\/a>, <a href=\"https:\/\/www.myticket.de\/de\/myspotlight\/tag\/musik\/\" rel=\"tag\">#musik<\/a>, <a href=\"https:\/\/www.myticket.de\/de\/myspotlight\/tag\/ratgeber\/\" rel=\"tag\">#ratgeber<\/a>, <a href=\"https:\/\/www.myticket.de\/de\/myspotlight\/tag\/sennagammour\/\" rel=\"tag\">#sennagammour<\/a><\/span><span class=\"fusion-meta-tb-sep\"><\/span><\/div><div class=\"fusion-title title fusion-title-8 fusion-sep-none fusion-title-text fusion-title-size-paragraph\" style=\"--awb-text-color:var(--awb-color8);--awb-margin-top:0px;--awb-margin-right:0px;--awb-margin-bottom:15px;--awb-margin-left:0px;--awb-margin-top-small:0px;--awb-margin-right-small:0px;--awb-margin-bottom-small:0px;--awb-margin-left-small:0px;--awb-link-color:var(--awb-color8);--awb-link-hover-color:var(--awb-color8);--awb-font-size:18px;\"><p class=\"fusion-title-heading title-heading-left title-heading-tag fusion-responsive-typography-calculated\" style=\"font-family:&quot;Cabin&quot;;font-style:normal;font-weight:500;margin:0;font-size:1em;--fontSize:18;--minFontSize:18;line-height:1.33;\"><a href=\"https:\/\/www.myticket.de\/de\/myspotlight\/interview\/senna-gammours-toxisch-aber-suess-tour-geht-weiter-das-erwartet-dich\/\" class=\"awb-custom-text-color awb-custom-text-hover-color\" target=\"_self\">Senna Gammours \u201eToxisch, aber S\u00fc\u00df&#8220;-Tour geht weiter! Das erwartet Dich!<\/a><\/p><\/div><\/div><\/div><\/div><\/div><\/li>\n<li class=\"fusion-layout-column fusion_builder_column fusion-builder-column-13 fusion-flex-column mys-postcard-post post-card fusion-grid-column fusion-post-cards-grid-column\" style=\"--awb-bg-color:var(--awb-color3);--awb-bg-color-hover:var(--awb-color3);--awb-bg-blend:overlay;--awb-bg-size:cover;--awb-border-color:var(--awb-custom_color_1);--awb-border-style:solid;\" data-scroll-devices=\"small-visibility,medium-visibility,large-visibility\"><div class=\"fusion-column-wrapper fusion-column-has-shadow fusion-flex-justify-content-flex-start fusion-content-layout-column\"><div class=\"fusion-image-element \" style=\"--awb-margin-bottom:15px;--awb-caption-title-font-family:var(--h2_typography-font-family);--awb-caption-title-font-weight:var(--h2_typography-font-weight);--awb-caption-title-font-style:var(--h2_typography-font-style);--awb-caption-title-size:var(--h2_typography-font-size);--awb-caption-title-transform:var(--h2_typography-text-transform);--awb-caption-title-line-height:var(--h2_typography-line-height);--awb-caption-title-letter-spacing:var(--h2_typography-letter-spacing);\"><span class=\" fusion-imageframe imageframe-none imageframe-5 hover-type-none\"><a class=\"fusion-no-lightbox\" href=\"https:\/\/www.myticket.de\/de\/myspotlight\/interview\/belinda-davids-im-interview-queen-of-love-songs\/\" target=\"_self\" aria-label=\"belinda-davids-644&#215;398\"><img decoding=\"async\" width=\"644\" height=\"398\" alt=\"Belinda Davids im Interview: Queen of Love Songs\" src=\"https:\/\/www.myticket.de\/de\/myspotlight\/app\/uploads\/2025\/02\/belinda-davids-644x398-1.jpg\" data-orig-src=\"https:\/\/www.myticket.de\/de\/myspotlight\/app\/uploads\/2025\/02\/belinda-davids-644x398-1.jpg\" class=\"lazyload img-responsive wp-image-2321\" srcset=\"data:image\/svg+xml,%3Csvg%20xmlns%3D%27http%3A%2F%2Fwww.w3.org%2F2000%2Fsvg%27%20width%3D%27644%27%20height%3D%27398%27%20viewBox%3D%270%200%20644%20398%27%3E%3Crect%20width%3D%27644%27%20height%3D%27398%27%20fill-opacity%3D%220%22%2F%3E%3C%2Fsvg%3E\" data-srcset=\"https:\/\/www.myticket.de\/de\/myspotlight\/app\/uploads\/2025\/02\/belinda-davids-644x398-1-200x124.jpg 200w, https:\/\/www.myticket.de\/de\/myspotlight\/app\/uploads\/2025\/02\/belinda-davids-644x398-1-400x247.jpg 400w, https:\/\/www.myticket.de\/de\/myspotlight\/app\/uploads\/2025\/02\/belinda-davids-644x398-1-600x371.jpg 600w, https:\/\/www.myticket.de\/de\/myspotlight\/app\/uploads\/2025\/02\/belinda-davids-644x398-1.jpg 644w\" data-sizes=\"auto\" data-orig-sizes=\"(max-width: 767px) 100vw, 644px\" \/><\/a><\/span><\/div><div class=\"fusion-title title fusion-title-9 fusion-sep-none fusion-title-text fusion-title-size-div mys-color-ticket--post\" style=\"--awb-text-color:var(--awb-color3);--awb-margin-top:0px;--awb-margin-right:0px;--awb-margin-bottom:0px;--awb-margin-left:0px;--awb-margin-top-small:0px;--awb-margin-right-small:0px;--awb-margin-bottom-small:0px;--awb-margin-left-small:0px;--awb-link-color:var(--awb-color3);--awb-link-hover-color:var(--awb-color3);--awb-font-size:18px;\"><div class=\"fusion-title-heading title-heading-left title-heading-tag fusion-responsive-typography-calculated\" style=\"font-family:&quot;Cabin&quot;;font-style:normal;font-weight:600;margin:0;font-size:1em;--fontSize:18;--minFontSize:18;line-height:1.33;\"><a href=\"https:\/\/www.myticket.de\/de\/myspotlight\/interview\/belinda-davids-im-interview-queen-of-love-songs\/\" class=\"awb-custom-text-color awb-custom-text-hover-color\" target=\"_self\"><a href=\"https:\/\/www.myticket.de\/de\/myspotlight\/category\/interview\/\" title=\"Interview\">Interview<\/a><\/a><\/div><\/div><div class=\"fusion-builder-row fusion-builder-row-inner fusion-row fusion-flex-align-items-flex-start fusion-flex-content-wrap\" style=\"width:104% !important;max-width:104% !important;margin-left: calc(-4% \/ 2 );margin-right: calc(-4% \/ 2 );\"><div class=\"fusion-layout-column fusion_builder_column_inner fusion-builder-nested-column-2 fusion_builder_column_inner_1_6 1_6 fusion-flex-column fusion-flex-align-self-stretch fusion-column-inner-bg-wrapper\" style=\"--awb-padding-bottom-small:0px;--awb-padding-left-small:12px;--awb-inner-bg-size:cover;--awb-width-large:16.666666666667%;--awb-margin-top-large:0px;--awb-spacing-right-large:11.52%;--awb-margin-bottom-large:0px;--awb-spacing-left-large:11.52%;--awb-width-medium:16.666666666667%;--awb-order-medium:0;--awb-spacing-right-medium:11.52%;--awb-spacing-left-medium:11.52%;--awb-width-small:20%;--awb-order-small:0;--awb-spacing-right-small:9.6%;--awb-margin-bottom-small:0;--awb-spacing-left-small:9.6%;\" data-scroll-devices=\"small-visibility,medium-visibility,large-visibility\"><span class=\"fusion-column-inner-bg hover-type-none\"><a class=\"fusion-column-anchor\" href=\"https:\/\/www.myticket.de\/de\/myspotlight\/interview\/belinda-davids-im-interview-queen-of-love-songs\/\"><span class=\"fusion-column-inner-bg-image\"><\/span><\/a><\/span><div class=\"fusion-column-wrapper fusion-column-has-shadow fusion-flex-justify-content-flex-start fusion-content-layout-column\"><div class=\"fusion-text fusion-text-14 fusion-text-no-margin\" style=\"--awb-content-alignment:center;--awb-font-size:24px;--awb-text-color:var(--awb-color7);--awb-text-font-family:var(--awb-typography3-font-family);--awb-text-font-weight:var(--awb-typography3-font-weight);--awb-text-font-style:var(--awb-typography3-font-style);\"><p>14<\/p>\n<\/div><div class=\"fusion-separator\" style=\"align-self: center;margin-left: auto;margin-right: auto;margin-top:0px;margin-bottom:2px;width:100%;max-width:35px;\"><div class=\"fusion-separator-border sep-single sep-solid\" style=\"--awb-height:20px;--awb-amount:20px;--awb-sep-color:var(--awb-color7);border-color:var(--awb-color7);border-top-width:1px;\"><\/div><\/div><div class=\"fusion-text fusion-text-15 mys-truncate\" style=\"--awb-content-alignment:center;--awb-font-size:18px;--awb-line-height:24px;--awb-text-color:var(--awb-custom_color_2);--awb-text-font-family:&quot;Cabin&quot;;--awb-text-font-style:normal;--awb-text-font-weight:600;\"><p>Feb<\/p>\n<\/div><\/div><\/div><div class=\"fusion-layout-column fusion_builder_column_inner fusion-builder-nested-column-3 fusion_builder_column_inner_5_6 5_6 fusion-flex-column fusion-flex-align-self-stretch\" style=\"--awb-padding-right-small:10px;--awb-bg-size:cover;--awb-width-large:83.333333333333%;--awb-margin-top-large:0px;--awb-spacing-right-large:2.304%;--awb-margin-bottom-large:0px;--awb-spacing-left-large:2.304%;--awb-width-medium:83.333333333333%;--awb-order-medium:0;--awb-spacing-right-medium:2.304%;--awb-spacing-left-medium:2.304%;--awb-width-small:80%;--awb-order-small:0;--awb-spacing-right-small:2.4%;--awb-spacing-left-small:2.4%;\" data-scroll-devices=\"small-visibility,medium-visibility,large-visibility\"><div class=\"fusion-column-wrapper fusion-column-has-shadow fusion-flex-justify-content-flex-start fusion-content-layout-column\"><div class=\"fusion-meta-tb fusion-meta-tb-2 stacked\" style=\"--awb-height:36px;--awb-font-size:16px;--awb-padding-top:6px;--awb-text-color:var(--awb-color7);--awb-link-color:var(--awb-color7);--awb-text-hover-color:var(--awb-color7);--awb-background-color:var(--awb-color3);--awb-alignment-medium:flex-start;--awb-alignment-small:flex-start;\"><span class=\"fusion-tb-tags\"><a href=\"https:\/\/www.myticket.de\/de\/myspotlight\/tag\/belindadavids\/\" rel=\"tag\">#belindadavids<\/a>, <a href=\"https:\/\/www.myticket.de\/de\/myspotlight\/tag\/interview\/\" rel=\"tag\">#interview<\/a>, <a href=\"https:\/\/www.myticket.de\/de\/myspotlight\/tag\/whitneyhouston\/\" rel=\"tag\">#whitneyhouston<\/a><\/span><span class=\"fusion-meta-tb-sep\"><\/span><\/div><div class=\"fusion-title title fusion-title-10 fusion-sep-none fusion-title-text fusion-title-size-paragraph\" style=\"--awb-text-color:var(--awb-color8);--awb-margin-top:0px;--awb-margin-right:0px;--awb-margin-bottom:15px;--awb-margin-left:0px;--awb-margin-top-small:0px;--awb-margin-right-small:0px;--awb-margin-bottom-small:0px;--awb-margin-left-small:0px;--awb-link-color:var(--awb-color8);--awb-link-hover-color:var(--awb-color8);--awb-font-size:18px;\"><p class=\"fusion-title-heading title-heading-left title-heading-tag fusion-responsive-typography-calculated\" style=\"font-family:&quot;Cabin&quot;;font-style:normal;font-weight:500;margin:0;font-size:1em;--fontSize:18;--minFontSize:18;line-height:1.33;\"><a href=\"https:\/\/www.myticket.de\/de\/myspotlight\/interview\/belinda-davids-im-interview-queen-of-love-songs\/\" class=\"awb-custom-text-color awb-custom-text-hover-color\" target=\"_self\">Belinda Davids im Interview: Queen of Love Songs<\/a><\/p><\/div><\/div><\/div><\/div><\/div><\/li>\n<li class=\"fusion-layout-column fusion_builder_column fusion-builder-column-14 fusion-flex-column mys-postcard-post post-card fusion-grid-column fusion-post-cards-grid-column\" style=\"--awb-bg-color:var(--awb-color3);--awb-bg-color-hover:var(--awb-color3);--awb-bg-blend:overlay;--awb-bg-size:cover;--awb-border-color:var(--awb-custom_color_1);--awb-border-style:solid;\" data-scroll-devices=\"small-visibility,medium-visibility,large-visibility\"><div class=\"fusion-column-wrapper fusion-column-has-shadow fusion-flex-justify-content-flex-start fusion-content-layout-column\"><div class=\"fusion-image-element \" style=\"--awb-margin-bottom:15px;--awb-caption-title-font-family:var(--h2_typography-font-family);--awb-caption-title-font-weight:var(--h2_typography-font-weight);--awb-caption-title-font-style:var(--h2_typography-font-style);--awb-caption-title-size:var(--h2_typography-font-size);--awb-caption-title-transform:var(--h2_typography-text-transform);--awb-caption-title-line-height:var(--h2_typography-line-height);--awb-caption-title-letter-spacing:var(--h2_typography-letter-spacing);\"><span class=\" fusion-imageframe imageframe-none imageframe-6 hover-type-none\"><a class=\"fusion-no-lightbox\" href=\"https:\/\/www.myticket.de\/de\/myspotlight\/interview\/riverdance-jede-nacht-die-groesste-show\/\" target=\"_self\" aria-label=\"Riverdance-Jubil\u00e4um-Interview-2\"><img decoding=\"async\" width=\"644\" height=\"398\" alt=\"Riverdance Interview: Jede Nacht die gr\u00f6\u00dfte Show\" src=\"https:\/\/www.myticket.de\/de\/myspotlight\/app\/uploads\/2024\/09\/Riverdance-Jubilaeum-Interview-2.jpg\" data-orig-src=\"https:\/\/www.myticket.de\/de\/myspotlight\/app\/uploads\/2024\/09\/Riverdance-Jubilaeum-Interview-2.jpg\" class=\"lazyload img-responsive wp-image-1786\" srcset=\"data:image\/svg+xml,%3Csvg%20xmlns%3D%27http%3A%2F%2Fwww.w3.org%2F2000%2Fsvg%27%20width%3D%27644%27%20height%3D%27398%27%20viewBox%3D%270%200%20644%20398%27%3E%3Crect%20width%3D%27644%27%20height%3D%27398%27%20fill-opacity%3D%220%22%2F%3E%3C%2Fsvg%3E\" data-srcset=\"https:\/\/www.myticket.de\/de\/myspotlight\/app\/uploads\/2024\/09\/Riverdance-Jubilaeum-Interview-2-200x124.jpg 200w, https:\/\/www.myticket.de\/de\/myspotlight\/app\/uploads\/2024\/09\/Riverdance-Jubilaeum-Interview-2-400x247.jpg 400w, https:\/\/www.myticket.de\/de\/myspotlight\/app\/uploads\/2024\/09\/Riverdance-Jubilaeum-Interview-2-600x371.jpg 600w, https:\/\/www.myticket.de\/de\/myspotlight\/app\/uploads\/2024\/09\/Riverdance-Jubilaeum-Interview-2.jpg 644w\" data-sizes=\"auto\" data-orig-sizes=\"(max-width: 767px) 100vw, 644px\" \/><\/a><\/span><\/div><div class=\"fusion-title title fusion-title-11 fusion-sep-none fusion-title-text fusion-title-size-div mys-color-ticket--post\" style=\"--awb-text-color:var(--awb-color3);--awb-margin-top:0px;--awb-margin-right:0px;--awb-margin-bottom:0px;--awb-margin-left:0px;--awb-margin-top-small:0px;--awb-margin-right-small:0px;--awb-margin-bottom-small:0px;--awb-margin-left-small:0px;--awb-link-color:var(--awb-color3);--awb-link-hover-color:var(--awb-color3);--awb-font-size:18px;\"><div class=\"fusion-title-heading title-heading-left title-heading-tag fusion-responsive-typography-calculated\" style=\"font-family:&quot;Cabin&quot;;font-style:normal;font-weight:600;margin:0;font-size:1em;--fontSize:18;--minFontSize:18;line-height:1.33;\"><a href=\"https:\/\/www.myticket.de\/de\/myspotlight\/interview\/riverdance-jede-nacht-die-groesste-show\/\" class=\"awb-custom-text-color awb-custom-text-hover-color\" target=\"_self\"><a href=\"https:\/\/www.myticket.de\/de\/myspotlight\/category\/interview\/\" title=\"Interview\">Interview<\/a><\/a><\/div><\/div><div class=\"fusion-builder-row fusion-builder-row-inner fusion-row fusion-flex-align-items-flex-start fusion-flex-content-wrap\" style=\"width:104% !important;max-width:104% !important;margin-left: calc(-4% \/ 2 );margin-right: calc(-4% \/ 2 );\"><div class=\"fusion-layout-column fusion_builder_column_inner fusion-builder-nested-column-4 fusion_builder_column_inner_1_6 1_6 fusion-flex-column fusion-flex-align-self-stretch fusion-column-inner-bg-wrapper\" style=\"--awb-padding-bottom-small:0px;--awb-padding-left-small:12px;--awb-inner-bg-size:cover;--awb-width-large:16.666666666667%;--awb-margin-top-large:0px;--awb-spacing-right-large:11.52%;--awb-margin-bottom-large:0px;--awb-spacing-left-large:11.52%;--awb-width-medium:16.666666666667%;--awb-order-medium:0;--awb-spacing-right-medium:11.52%;--awb-spacing-left-medium:11.52%;--awb-width-small:20%;--awb-order-small:0;--awb-spacing-right-small:9.6%;--awb-margin-bottom-small:0;--awb-spacing-left-small:9.6%;\" data-scroll-devices=\"small-visibility,medium-visibility,large-visibility\"><span class=\"fusion-column-inner-bg hover-type-none\"><a class=\"fusion-column-anchor\" href=\"https:\/\/www.myticket.de\/de\/myspotlight\/interview\/riverdance-jede-nacht-die-groesste-show\/\"><span class=\"fusion-column-inner-bg-image\"><\/span><\/a><\/span><div class=\"fusion-column-wrapper fusion-column-has-shadow fusion-flex-justify-content-flex-start fusion-content-layout-column\"><div class=\"fusion-text fusion-text-16 fusion-text-no-margin\" style=\"--awb-content-alignment:center;--awb-font-size:24px;--awb-text-color:var(--awb-color7);--awb-text-font-family:var(--awb-typography3-font-family);--awb-text-font-weight:var(--awb-typography3-font-weight);--awb-text-font-style:var(--awb-typography3-font-style);\"><p>06<\/p>\n<\/div><div class=\"fusion-separator\" style=\"align-self: center;margin-left: auto;margin-right: auto;margin-top:0px;margin-bottom:2px;width:100%;max-width:35px;\"><div class=\"fusion-separator-border sep-single sep-solid\" style=\"--awb-height:20px;--awb-amount:20px;--awb-sep-color:var(--awb-color7);border-color:var(--awb-color7);border-top-width:1px;\"><\/div><\/div><div class=\"fusion-text fusion-text-17 mys-truncate\" style=\"--awb-content-alignment:center;--awb-font-size:18px;--awb-line-height:24px;--awb-text-color:var(--awb-custom_color_2);--awb-text-font-family:&quot;Cabin&quot;;--awb-text-font-style:normal;--awb-text-font-weight:600;\"><p>Okt<\/p>\n<\/div><\/div><\/div><div class=\"fusion-layout-column fusion_builder_column_inner fusion-builder-nested-column-5 fusion_builder_column_inner_5_6 5_6 fusion-flex-column fusion-flex-align-self-stretch\" style=\"--awb-padding-right-small:10px;--awb-bg-size:cover;--awb-width-large:83.333333333333%;--awb-margin-top-large:0px;--awb-spacing-right-large:2.304%;--awb-margin-bottom-large:0px;--awb-spacing-left-large:2.304%;--awb-width-medium:83.333333333333%;--awb-order-medium:0;--awb-spacing-right-medium:2.304%;--awb-spacing-left-medium:2.304%;--awb-width-small:80%;--awb-order-small:0;--awb-spacing-right-small:2.4%;--awb-spacing-left-small:2.4%;\" data-scroll-devices=\"small-visibility,medium-visibility,large-visibility\"><div class=\"fusion-column-wrapper fusion-column-has-shadow fusion-flex-justify-content-flex-start fusion-content-layout-column\"><div class=\"fusion-meta-tb fusion-meta-tb-3 stacked\" style=\"--awb-height:36px;--awb-font-size:16px;--awb-padding-top:6px;--awb-text-color:var(--awb-color7);--awb-link-color:var(--awb-color7);--awb-text-hover-color:var(--awb-color7);--awb-background-color:var(--awb-color3);--awb-alignment-medium:flex-start;--awb-alignment-small:flex-start;\"><span class=\"fusion-tb-tags\"><a href=\"https:\/\/www.myticket.de\/de\/myspotlight\/tag\/amymaedolan\/\" rel=\"tag\">#amymaedolan<\/a>, <a href=\"https:\/\/www.myticket.de\/de\/myspotlight\/tag\/interview\/\" rel=\"tag\">#interview<\/a>, <a href=\"https:\/\/www.myticket.de\/de\/myspotlight\/tag\/jamesgreenan\/\" rel=\"tag\">#jamesgreenan<\/a>, <a href=\"https:\/\/www.myticket.de\/de\/myspotlight\/tag\/padraicmoyles\/\" rel=\"tag\">#padraicmoyles<\/a>, <a href=\"https:\/\/www.myticket.de\/de\/myspotlight\/tag\/riverdance\/\" rel=\"tag\">#riverdance<\/a><\/span><span class=\"fusion-meta-tb-sep\"><\/span><\/div><div class=\"fusion-title title fusion-title-12 fusion-sep-none fusion-title-text fusion-title-size-paragraph\" style=\"--awb-text-color:var(--awb-color8);--awb-margin-top:0px;--awb-margin-right:0px;--awb-margin-bottom:15px;--awb-margin-left:0px;--awb-margin-top-small:0px;--awb-margin-right-small:0px;--awb-margin-bottom-small:0px;--awb-margin-left-small:0px;--awb-link-color:var(--awb-color8);--awb-link-hover-color:var(--awb-color8);--awb-font-size:18px;\"><p class=\"fusion-title-heading title-heading-left title-heading-tag fusion-responsive-typography-calculated\" style=\"font-family:&quot;Cabin&quot;;font-style:normal;font-weight:500;margin:0;font-size:1em;--fontSize:18;--minFontSize:18;line-height:1.33;\"><a href=\"https:\/\/www.myticket.de\/de\/myspotlight\/interview\/riverdance-jede-nacht-die-groesste-show\/\" class=\"awb-custom-text-color awb-custom-text-hover-color\" target=\"_self\">Riverdance Interview: Jede Nacht die gr\u00f6\u00dfte Show<\/a><\/p><\/div><\/div><\/div><\/div><\/div><\/li>\n<\/ul><\/div><\/div><\/div><\/div><\/div><\/p>\n","protected":false},"excerpt":{"rendered":"","protected":false},"author":2,"featured_media":2520,"comment_status":"open","ping_status":"open","sticky":false,"template":"","format":"standard","meta":{"footnotes":""},"categories":[20],"tags":[71,72,73,70,74,75],"class_list":["post-2461","post","type-post","status-publish","format-standard","has-post-thumbnail","hentry","category-news-insider","tag-annathalbach","tag-katharinathalbach","tag-nelliethalbach","tag-thalbachs","tag-weihnachten","tag-weihnachtsevents"],"yoast_head":"<!-- This site is optimized with the Yoast SEO plugin v25.8 - https:\/\/yoast.com\/wordpress\/plugins\/seo\/ -->\n<title>Die Thalbachs: Drei Generationen. Eine B\u00fchne. Eine Familie. - myticket myspotlight<\/title>\n<meta name=\"description\" content=\"Bei uns dreht sich der Internationale Tag der Familie um die Thalbachs. Denn die drei Frauen stehen bald wieder gemeinsam auf der B\u00fchne!\" \/>\n<meta name=\"robots\" content=\"index, follow, max-snippet:-1, max-image-preview:large, max-video-preview:-1\" \/>\n<link rel=\"canonical\" href=\"https:\/\/www.myticket.de\/de\/myspotlight\/news-insider\/die-thalbachs-drei-generationen-eine-buehne-eine-familie\/\" \/>\n<meta property=\"og:locale\" content=\"de_DE\" \/>\n<meta property=\"og:type\" content=\"article\" \/>\n<meta property=\"og:title\" content=\"Die Thalbachs: Drei Generationen. Eine B\u00fchne. Eine Familie. - myticket myspotlight\" \/>\n<meta property=\"og:description\" content=\"Bei uns dreht sich der Internationale Tag der Familie um die Thalbachs. Denn die drei Frauen stehen bald wieder gemeinsam auf der B\u00fchne!\" \/>\n<meta property=\"og:url\" content=\"https:\/\/www.myticket.de\/de\/myspotlight\/news-insider\/die-thalbachs-drei-generationen-eine-buehne-eine-familie\/\" \/>\n<meta property=\"og:site_name\" content=\"myticket myspotlight\" \/>\n<meta property=\"article:published_time\" content=\"2025-05-15T11:00:19+00:00\" \/>\n<meta property=\"article:modified_time\" content=\"2025-11-07T18:24:49+00:00\" \/>\n<meta property=\"og:image\" content=\"https:\/\/www.myticket.de\/de\/myspotlight\/app\/uploads\/2025\/05\/thalbach-blogbeitrag-1440x600-2.jpg\" \/>\n\t<meta property=\"og:image:width\" content=\"1440\" \/>\n\t<meta property=\"og:image:height\" content=\"600\" \/>\n\t<meta property=\"og:image:type\" content=\"image\/jpeg\" \/>\n<meta name=\"author\" content=\"Julia von myticket\" \/>\n<meta name=\"twitter:card\" content=\"summary_large_image\" \/>\n<meta name=\"twitter:label1\" content=\"Written by\" \/>\n\t<meta name=\"twitter:data1\" content=\"Julia von myticket\" \/>\n\t<meta name=\"twitter:label2\" content=\"Est. reading time\" \/>\n\t<meta name=\"twitter:data2\" content=\"6 Minuten\" \/>\n<script type=\"application\/ld+json\" class=\"yoast-schema-graph\">{\"@context\":\"https:\/\/schema.org\",\"@graph\":[{\"@type\":\"WebPage\",\"@id\":\"https:\/\/www.myticket.de\/de\/myspotlight\/news-insider\/die-thalbachs-drei-generationen-eine-buehne-eine-familie\/\",\"url\":\"https:\/\/www.myticket.de\/de\/myspotlight\/news-insider\/die-thalbachs-drei-generationen-eine-buehne-eine-familie\/\",\"name\":\"Die Thalbachs: Drei Generationen. Eine B\u00fchne. Eine Familie. - myticket myspotlight\",\"isPartOf\":{\"@id\":\"https:\/\/myspotlight.myticket.de\/#website\"},\"primaryImageOfPage\":{\"@id\":\"https:\/\/www.myticket.de\/de\/myspotlight\/news-insider\/die-thalbachs-drei-generationen-eine-buehne-eine-familie\/#primaryimage\"},\"image\":{\"@id\":\"https:\/\/www.myticket.de\/de\/myspotlight\/news-insider\/die-thalbachs-drei-generationen-eine-buehne-eine-familie\/#primaryimage\"},\"thumbnailUrl\":\"https:\/\/www.myticket.de\/de\/myspotlight\/app\/uploads\/2025\/05\/thalbach-blogbeitrag-1440x600-2.jpg\",\"datePublished\":\"2025-05-15T11:00:19+00:00\",\"dateModified\":\"2025-11-07T18:24:49+00:00\",\"author\":{\"@id\":\"https:\/\/myspotlight.myticket.de\/#\/schema\/person\/7b85c269fc3fcb11b189fc4ef76cc808\"},\"description\":\"Bei uns dreht sich der Internationale Tag der Familie um die Thalbachs. Denn die drei Frauen stehen bald wieder gemeinsam auf der B\u00fchne!\",\"breadcrumb\":{\"@id\":\"https:\/\/www.myticket.de\/de\/myspotlight\/news-insider\/die-thalbachs-drei-generationen-eine-buehne-eine-familie\/#breadcrumb\"},\"inLanguage\":\"de-DE\",\"potentialAction\":[{\"@type\":\"ReadAction\",\"target\":[\"https:\/\/www.myticket.de\/de\/myspotlight\/news-insider\/die-thalbachs-drei-generationen-eine-buehne-eine-familie\/\"]}]},{\"@type\":\"ImageObject\",\"inLanguage\":\"de-DE\",\"@id\":\"https:\/\/www.myticket.de\/de\/myspotlight\/news-insider\/die-thalbachs-drei-generationen-eine-buehne-eine-familie\/#primaryimage\",\"url\":\"https:\/\/www.myticket.de\/de\/myspotlight\/app\/uploads\/2025\/05\/thalbach-blogbeitrag-1440x600-2.jpg\",\"contentUrl\":\"https:\/\/www.myticket.de\/de\/myspotlight\/app\/uploads\/2025\/05\/thalbach-blogbeitrag-1440x600-2.jpg\",\"width\":1440,\"height\":600,\"caption\":\"Weihnachten bei den Thalbachs\"},{\"@type\":\"BreadcrumbList\",\"@id\":\"https:\/\/www.myticket.de\/de\/myspotlight\/news-insider\/die-thalbachs-drei-generationen-eine-buehne-eine-familie\/#breadcrumb\",\"itemListElement\":[{\"@type\":\"ListItem\",\"position\":1,\"name\":\"Home\",\"item\":\"https:\/\/www.myticket.de\/de\/myspotlight\/\"},{\"@type\":\"ListItem\",\"position\":2,\"name\":\"Die Thalbachs: Drei Generationen. Eine B\u00fchne. Eine Familie.\"}]},{\"@type\":\"WebSite\",\"@id\":\"https:\/\/myspotlight.myticket.de\/#website\",\"url\":\"https:\/\/myspotlight.myticket.de\/\",\"name\":\"myticket myspotlight\",\"description\":\"\",\"alternateName\":\"myspotlight\",\"potentialAction\":[{\"@type\":\"SearchAction\",\"target\":{\"@type\":\"EntryPoint\",\"urlTemplate\":\"https:\/\/myspotlight.myticket.de\/?s={search_term_string}\"},\"query-input\":{\"@type\":\"PropertyValueSpecification\",\"valueRequired\":true,\"valueName\":\"search_term_string\"}}],\"inLanguage\":\"de-DE\"},{\"@type\":\"Person\",\"@id\":\"https:\/\/myspotlight.myticket.de\/#\/schema\/person\/7b85c269fc3fcb11b189fc4ef76cc808\",\"name\":\"Julia von myticket\",\"image\":{\"@type\":\"ImageObject\",\"inLanguage\":\"de-DE\",\"@id\":\"https:\/\/myspotlight.myticket.de\/#\/schema\/person\/image\/\",\"url\":\"https:\/\/secure.gravatar.com\/avatar\/601bcf99b97d84d7b361984486a63b64ab70e4e9b6c5b280e27fa90a2a9ca3c9?s=96&d=mm&r=g\",\"contentUrl\":\"https:\/\/secure.gravatar.com\/avatar\/601bcf99b97d84d7b361984486a63b64ab70e4e9b6c5b280e27fa90a2a9ca3c9?s=96&d=mm&r=g\",\"caption\":\"Julia von myticket\"},\"url\":\"https:\/\/www.myticket.de\/de\/myspotlight\/author\/julia-schmuck\/\"}]}<\/script>\n<!-- \/ Yoast SEO plugin. -->","yoast_head_json":{"title":"Die Thalbachs: Drei Generationen. Eine B\u00fchne. Eine Familie. - myticket myspotlight","description":"Bei uns dreht sich der Internationale Tag der Familie um die Thalbachs. Denn die drei Frauen stehen bald wieder gemeinsam auf der B\u00fchne!","robots":{"index":"index","follow":"follow","max-snippet":"max-snippet:-1","max-image-preview":"max-image-preview:large","max-video-preview":"max-video-preview:-1"},"canonical":"https:\/\/www.myticket.de\/de\/myspotlight\/news-insider\/die-thalbachs-drei-generationen-eine-buehne-eine-familie\/","og_locale":"de_DE","og_type":"article","og_title":"Die Thalbachs: Drei Generationen. Eine B\u00fchne. Eine Familie. - myticket myspotlight","og_description":"Bei uns dreht sich der Internationale Tag der Familie um die Thalbachs. Denn die drei Frauen stehen bald wieder gemeinsam auf der B\u00fchne!","og_url":"https:\/\/www.myticket.de\/de\/myspotlight\/news-insider\/die-thalbachs-drei-generationen-eine-buehne-eine-familie\/","og_site_name":"myticket myspotlight","article_published_time":"2025-05-15T11:00:19+00:00","article_modified_time":"2025-11-07T18:24:49+00:00","og_image":[{"width":1440,"height":600,"url":"https:\/\/www.myticket.de\/de\/myspotlight\/app\/uploads\/2025\/05\/thalbach-blogbeitrag-1440x600-2.jpg","type":"image\/jpeg"}],"author":"Julia von myticket","twitter_card":"summary_large_image","twitter_misc":{"Written by":"Julia von myticket","Est. reading time":"6 Minuten"},"schema":{"@context":"https:\/\/schema.org","@graph":[{"@type":"WebPage","@id":"https:\/\/www.myticket.de\/de\/myspotlight\/news-insider\/die-thalbachs-drei-generationen-eine-buehne-eine-familie\/","url":"https:\/\/www.myticket.de\/de\/myspotlight\/news-insider\/die-thalbachs-drei-generationen-eine-buehne-eine-familie\/","name":"Die Thalbachs: Drei Generationen. Eine B\u00fchne. Eine Familie. - myticket myspotlight","isPartOf":{"@id":"https:\/\/myspotlight.myticket.de\/#website"},"primaryImageOfPage":{"@id":"https:\/\/www.myticket.de\/de\/myspotlight\/news-insider\/die-thalbachs-drei-generationen-eine-buehne-eine-familie\/#primaryimage"},"image":{"@id":"https:\/\/www.myticket.de\/de\/myspotlight\/news-insider\/die-thalbachs-drei-generationen-eine-buehne-eine-familie\/#primaryimage"},"thumbnailUrl":"https:\/\/www.myticket.de\/de\/myspotlight\/app\/uploads\/2025\/05\/thalbach-blogbeitrag-1440x600-2.jpg","datePublished":"2025-05-15T11:00:19+00:00","dateModified":"2025-11-07T18:24:49+00:00","author":{"@id":"https:\/\/myspotlight.myticket.de\/#\/schema\/person\/7b85c269fc3fcb11b189fc4ef76cc808"},"description":"Bei uns dreht sich der Internationale Tag der Familie um die Thalbachs. Denn die drei Frauen stehen bald wieder gemeinsam auf der B\u00fchne!","breadcrumb":{"@id":"https:\/\/www.myticket.de\/de\/myspotlight\/news-insider\/die-thalbachs-drei-generationen-eine-buehne-eine-familie\/#breadcrumb"},"inLanguage":"de-DE","potentialAction":[{"@type":"ReadAction","target":["https:\/\/www.myticket.de\/de\/myspotlight\/news-insider\/die-thalbachs-drei-generationen-eine-buehne-eine-familie\/"]}]},{"@type":"ImageObject","inLanguage":"de-DE","@id":"https:\/\/www.myticket.de\/de\/myspotlight\/news-insider\/die-thalbachs-drei-generationen-eine-buehne-eine-familie\/#primaryimage","url":"https:\/\/www.myticket.de\/de\/myspotlight\/app\/uploads\/2025\/05\/thalbach-blogbeitrag-1440x600-2.jpg","contentUrl":"https:\/\/www.myticket.de\/de\/myspotlight\/app\/uploads\/2025\/05\/thalbach-blogbeitrag-1440x600-2.jpg","width":1440,"height":600,"caption":"Weihnachten bei den Thalbachs"},{"@type":"BreadcrumbList","@id":"https:\/\/www.myticket.de\/de\/myspotlight\/news-insider\/die-thalbachs-drei-generationen-eine-buehne-eine-familie\/#breadcrumb","itemListElement":[{"@type":"ListItem","position":1,"name":"Home","item":"https:\/\/www.myticket.de\/de\/myspotlight\/"},{"@type":"ListItem","position":2,"name":"Die Thalbachs: Drei Generationen. Eine B\u00fchne. Eine Familie."}]},{"@type":"WebSite","@id":"https:\/\/myspotlight.myticket.de\/#website","url":"https:\/\/myspotlight.myticket.de\/","name":"myticket myspotlight","description":"","alternateName":"myspotlight","potentialAction":[{"@type":"SearchAction","target":{"@type":"EntryPoint","urlTemplate":"https:\/\/myspotlight.myticket.de\/?s={search_term_string}"},"query-input":{"@type":"PropertyValueSpecification","valueRequired":true,"valueName":"search_term_string"}}],"inLanguage":"de-DE"},{"@type":"Person","@id":"https:\/\/myspotlight.myticket.de\/#\/schema\/person\/7b85c269fc3fcb11b189fc4ef76cc808","name":"Julia von myticket","image":{"@type":"ImageObject","inLanguage":"de-DE","@id":"https:\/\/myspotlight.myticket.de\/#\/schema\/person\/image\/","url":"https:\/\/secure.gravatar.com\/avatar\/601bcf99b97d84d7b361984486a63b64ab70e4e9b6c5b280e27fa90a2a9ca3c9?s=96&d=mm&r=g","contentUrl":"https:\/\/secure.gravatar.com\/avatar\/601bcf99b97d84d7b361984486a63b64ab70e4e9b6c5b280e27fa90a2a9ca3c9?s=96&d=mm&r=g","caption":"Julia von myticket"},"url":"https:\/\/www.myticket.de\/de\/myspotlight\/author\/julia-schmuck\/"}]}},"_links":{"self":[{"href":"https:\/\/www.myticket.de\/de\/myspotlight\/wp-json\/wp\/v2\/posts\/2461","targetHints":{"allow":["GET"]}}],"collection":[{"href":"https:\/\/www.myticket.de\/de\/myspotlight\/wp-json\/wp\/v2\/posts"}],"about":[{"href":"https:\/\/www.myticket.de\/de\/myspotlight\/wp-json\/wp\/v2\/types\/post"}],"author":[{"embeddable":true,"href":"https:\/\/www.myticket.de\/de\/myspotlight\/wp-json\/wp\/v2\/users\/2"}],"replies":[{"embeddable":true,"href":"https:\/\/www.myticket.de\/de\/myspotlight\/wp-json\/wp\/v2\/comments?post=2461"}],"version-history":[{"count":45,"href":"https:\/\/www.myticket.de\/de\/myspotlight\/wp-json\/wp\/v2\/posts\/2461\/revisions"}],"predecessor-version":[{"id":3084,"href":"https:\/\/www.myticket.de\/de\/myspotlight\/wp-json\/wp\/v2\/posts\/2461\/revisions\/3084"}],"wp:featuredmedia":[{"embeddable":true,"href":"https:\/\/www.myticket.de\/de\/myspotlight\/wp-json\/wp\/v2\/media\/2520"}],"wp:attachment":[{"href":"https:\/\/www.myticket.de\/de\/myspotlight\/wp-json\/wp\/v2\/media?parent=2461"}],"wp:term":[{"taxonomy":"category","embeddable":true,"href":"https:\/\/www.myticket.de\/de\/myspotlight\/wp-json\/wp\/v2\/categories?post=2461"},{"taxonomy":"post_tag","embeddable":true,"href":"https:\/\/www.myticket.de\/de\/myspotlight\/wp-json\/wp\/v2\/tags?post=2461"}],"curies":[{"name":"wp","href":"https:\/\/api.w.org\/{rel}","templated":true}]}}