{"id":1846,"date":"2023-04-13T12:21:21","date_gmt":"2023-04-13T12:21:21","guid":{"rendered":"https:\/\/www.myticket.de\/de\/myspotlight\/?p=1846"},"modified":"2025-04-22T06:35:11","modified_gmt":"2025-04-22T06:35:11","slug":"lars-amend-im-interview","status":"publish","type":"post","link":"https:\/\/www.myticket.de\/de\/myspotlight\/interview\/lars-amend-im-interview\/","title":{"rendered":"Lars Amend im Interview: Wer bin ich und wer will ich sein?"},"content":{"rendered":"<p><div class=\"fusion-fullwidth fullwidth-box fusion-builder-row-1 fusion-flex-container has-pattern-background has-mask-background fusion-parallax-none nonhundred-percent-fullwidth non-hundred-percent-height-scrolling lazyload\" style=\"--awb-border-radius-top-left:0px;--awb-border-radius-top-right:0px;--awb-border-radius-bottom-right:0px;--awb-border-radius-bottom-left:0px;--awb-padding-bottom:52px;--awb-padding-bottom-medium:20px;--awb-padding-bottom-small:5px;--awb-min-height:650px;--awb-background-size:cover;--awb-flex-wrap:wrap;\" data-bg=\"https:\/\/www.myticket.de\/de\/myspotlight\/app\/uploads\/2023\/04\/lars-amend-1440x600-1.png\" data-fusion-responsive-bg=\"1\" data-bg-small=\"https:\/\/www.myticket.de\/de\/myspotlight\/app\/uploads\/2023\/04\/lars-amend-415X650.png\" ><div class=\"fusion-builder-row fusion-row fusion-flex-align-items-flex-end fusion-flex-justify-content-space-between fusion-flex-content-wrap\" style=\"max-width:1364.48px;margin-left: calc(-4% \/ 2 );margin-right: calc(-4% \/ 2 );\"><div class=\"fusion-layout-column fusion_builder_column fusion-builder-column-0 fusion_builder_column_1_1 1_1 fusion-flex-column fusion-flex-align-self-flex-end mys-color-ticket mys-hero--color-ticket\" style=\"--awb-z-index:2;--awb-padding-top:28px;--awb-padding-right:21px;--awb-padding-bottom:25px;--awb-padding-left:21px;--awb-absolute-right:0px;--awb-absolute-bottom:-60px;--awb-overflow:hidden;--awb-container-position:absolute;--awb-bg-size:100%;--awb-width-large:100%;--awb-margin-top-large:0px;--awb-spacing-right-large:1.92%;--awb-margin-bottom-large:0px;--awb-spacing-left-large:1.92%;--awb-width-medium:40%;--awb-order-medium:0;--awb-spacing-right-medium:4.8%;--awb-spacing-left-medium:4.8%;--awb-width-small:100%;--awb-order-small:0;--awb-spacing-right-small:1.92%;--awb-spacing-left-small:1.92%;\" data-scroll-devices=\"small-visibility,medium-visibility,large-visibility\"><div class=\"fusion-column-wrapper lazyload fusion-column-has-shadow fusion-flex-justify-content-flex-end fusion-content-layout-column fusion-column-has-bg-image\" data-bg-url=\"https:\/\/www.myticket.de\/de\/myspotlight\/app\/uploads\/2024\/07\/marker-2-coral-new.svg\" data-bg=\"https:\/\/www.myticket.de\/de\/myspotlight\/app\/uploads\/2024\/07\/marker-2-coral-new.svg\"><div class=\"fusion-text fusion-text-1 fusion-text-no-margin mys-hero--text\" style=\"--awb-content-alignment:center;--awb-font-size:32px;--awb-text-color:var(--awb-color3);--awb-text-font-family:var(--awb-typography3-font-family);--awb-text-font-weight:var(--awb-typography3-font-weight);--awb-text-font-style:var(--awb-typography3-font-style);\"><\/div><\/div><\/div><\/div><\/div><div class=\"fusion-fullwidth fullwidth-box fusion-builder-row-2 fusion-flex-container has-pattern-background has-mask-background nonhundred-percent-fullwidth non-hundred-percent-height-scrolling\" style=\"--awb-border-radius-top-left:0px;--awb-border-radius-top-right:0px;--awb-border-radius-bottom-right:0px;--awb-border-radius-bottom-left:0px;--awb-flex-wrap:wrap;\" ><div class=\"fusion-builder-row fusion-row fusion-flex-align-items-flex-start fusion-flex-content-wrap\" style=\"max-width:1364.48px;margin-left: calc(-4% \/ 2 );margin-right: calc(-4% \/ 2 );\"><div class=\"fusion-layout-column fusion_builder_column fusion-builder-column-1 fusion_builder_column_1_1 1_1 fusion-flex-column\" style=\"--awb-bg-size:cover;--awb-width-large:100%;--awb-margin-top-large:0px;--awb-spacing-right-large:1.92%;--awb-margin-bottom-large:0px;--awb-spacing-left-large:1.92%;--awb-width-medium:100%;--awb-order-medium:0;--awb-spacing-right-medium:1.92%;--awb-spacing-left-medium:1.92%;--awb-width-small:100%;--awb-order-small:0;--awb-spacing-right-small:1.92%;--awb-spacing-left-small:1.92%;\"><div class=\"fusion-column-wrapper fusion-column-has-shadow fusion-flex-justify-content-flex-start fusion-content-layout-column\"><div class=\"fusion-text fusion-text-2 fusion-text-no-margin\" style=\"--awb-font-size:14px;--awb-line-height:22px;--awb-letter-spacing:0px;--awb-text-transform:uppercase;--awb-text-color:var(--awb-color6);--awb-margin-top:5px;--awb-text-font-family:var(--awb-typography5-font-family);--awb-text-font-weight:var(--awb-typography5-font-weight);--awb-text-font-style:var(--awb-typography5-font-style);\"><p>\u00a9 FARINA DEUTSCHMANN<\/p>\n<\/div><\/div><\/div><\/div><\/div><article class=\"fusion-fullwidth fullwidth-box fusion-builder-row-3 fusion-flex-container has-pattern-background has-mask-background nonhundred-percent-fullwidth non-hundred-percent-height-scrolling\" style=\"--awb-border-radius-top-left:0px;--awb-border-radius-top-right:0px;--awb-border-radius-bottom-right:0px;--awb-border-radius-bottom-left:0px;--awb-padding-top:72px;--awb-padding-bottom:50px;--awb-padding-bottom-medium:25px;--awb-padding-bottom-small:20px;--awb-flex-wrap:wrap;\" ><div class=\"fusion-builder-row fusion-row fusion-flex-align-items-flex-start fusion-flex-content-wrap\" style=\"max-width:1364.48px;margin-left: calc(-4% \/ 2 );margin-right: calc(-4% \/ 2 );\"><div class=\"fusion-layout-column fusion_builder_column fusion-builder-column-2 fusion_builder_column_1_1 1_1 fusion-flex-column\" style=\"--awb-bg-size:cover;--awb-width-large:100%;--awb-margin-top-large:0px;--awb-spacing-right-large:1.92%;--awb-margin-bottom-large:10px;--awb-spacing-left-large:1.92%;--awb-width-medium:100%;--awb-order-medium:0;--awb-spacing-right-medium:1.92%;--awb-spacing-left-medium:1.92%;--awb-width-small:100%;--awb-order-small:0;--awb-spacing-right-small:1.92%;--awb-spacing-left-small:1.92%;\"><div class=\"fusion-column-wrapper fusion-column-has-shadow fusion-flex-justify-content-flex-start fusion-content-layout-column\"><div class=\"fusion-text fusion-text-3 fusion-text-no-margin mys-tagcloud-lightblue\" style=\"--awb-font-size:14px;--awb-text-color:var(--awb-custom_color_3);--awb-text-font-family:var(--awb-typography4-font-family);--awb-text-font-weight:var(--awb-typography4-font-weight);--awb-text-font-style:var(--awb-typography4-font-style);\"><\/div><\/div><\/div><div class=\"fusion-layout-column fusion_builder_column fusion-builder-column-3 fusion_builder_column_1_1 1_1 fusion-flex-column\" style=\"--awb-bg-size:cover;--awb-width-large:100%;--awb-margin-top-large:0px;--awb-spacing-right-large:1.92%;--awb-margin-bottom-large:0px;--awb-spacing-left-large:1.92%;--awb-width-medium:100%;--awb-order-medium:0;--awb-spacing-right-medium:1.92%;--awb-spacing-left-medium:1.92%;--awb-width-small:100%;--awb-order-small:0;--awb-spacing-right-small:1.92%;--awb-margin-bottom-small:20px;--awb-spacing-left-small:1.92%;\"><div class=\"fusion-column-wrapper fusion-column-has-shadow fusion-flex-justify-content-flex-start fusion-content-layout-column\"><div class=\"fusion-title title fusion-title-1 fusion-sep-none fusion-title-text fusion-title-size-one\" style=\"--awb-text-color:var(--awb-color1);--awb-margin-top:0px;--awb-margin-right:0px;--awb-margin-bottom:20px;--awb-margin-left:0px;--awb-margin-top-small:0px;--awb-margin-right-small:0px;--awb-margin-bottom-small:0px;--awb-margin-left-small:0px;--awb-font-size:48px;\"><h1 class=\"fusion-title-heading title-heading-left fusion-responsive-typography-calculated\" style=\"font-family:var(--awb-typography1-font-family);font-weight:var(--awb-typography1-font-weight);font-style:var(--awb-typography1-font-style);margin:0;font-size:1em;--fontSize:48;line-height:1.13;\">Lars Amend im Interview: Wer bin ich und wer will ich sein?<\/h1><\/div><\/div><\/div><div class=\"fusion-layout-column fusion_builder_column fusion-builder-column-4 fusion_builder_column_1_1 1_1 fusion-flex-column fusion-flex-align-self-flex-start\" style=\"--awb-padding-bottom:0px;--awb-bg-size:cover;--awb-width-large:100%;--awb-margin-top-large:0px;--awb-spacing-right-large:1.92%;--awb-margin-bottom-large:0px;--awb-spacing-left-large:1.92%;--awb-width-medium:100%;--awb-order-medium:0;--awb-spacing-right-medium:1.92%;--awb-spacing-left-medium:1.92%;--awb-width-small:100%;--awb-order-small:0;--awb-spacing-right-small:1.92%;--awb-spacing-left-small:1.92%;\"><div class=\"fusion-column-wrapper fusion-column-has-shadow fusion-flex-justify-content-flex-start fusion-content-layout-row\"><div class=\"fusion-text fusion-text-4 fusion-text-no-margin\" style=\"--awb-font-size:24px;--awb-text-color:var(--awb-color7);--awb-margin-right:10px;--awb-text-font-family:&quot;Cabin&quot;;--awb-text-font-style:normal;--awb-text-font-weight:600;\"><p>13. April 2023<\/p>\n<\/div><div class=\"fusion-text fusion-text-5 fusion-text-no-margin mys-entry--author\" style=\"--awb-content-alignment:left;--awb-font-size:24px;--awb-text-color:var(--awb-color7);--awb-margin-left:10px;--awb-text-font-family:&quot;Cabin&quot;;--awb-text-font-style:normal;--awb-text-font-weight:600;\"><p>Julia von myticket<\/p>\n<\/div><\/div><\/div><div class=\"fusion-layout-column fusion_builder_column fusion-builder-column-5 fusion_builder_column_1_1 1_1 fusion-flex-column\" style=\"--awb-padding-right:180px;--awb-padding-right-medium:0px;--awb-bg-size:cover;--awb-width-large:100%;--awb-margin-top-large:10px;--awb-spacing-right-large:1.92%;--awb-margin-bottom-large:0px;--awb-spacing-left-large:1.92%;--awb-width-medium:100%;--awb-order-medium:0;--awb-spacing-right-medium:1.92%;--awb-spacing-left-medium:1.92%;--awb-width-small:100%;--awb-order-small:0;--awb-spacing-right-small:1.92%;--awb-spacing-left-small:1.92%;\"><div class=\"fusion-column-wrapper fusion-column-has-shadow fusion-flex-justify-content-flex-start fusion-content-layout-column\"><div class=\"fusion-text fusion-text-6 fusion-text-no-margin\"><p>Den Menschen helfen, ihre Tr\u00e4ume zu verfolgen, das steht auf der Agenda von Lifestyle-Coach Lars Amend. Dieses Ziel m\u00f6chte der Bestsellerautor des erfolgreich verfilmten Buches \u201eDieses bescheuerte Herz\u201c nun auch im gro\u00dfen Rahmen seiner ersten Tournee erf\u00fcllen. \u201eImagine \u2013 Der Soundtrack Deines Lebens\u201c hei\u00dft sein Live-B\u00fchnenprogramm, in dem er zusammen mit seinem Publikum die gro\u00dfen Fragen des Lebens rundum Liebe, Gl\u00fcck und Erfolg thematisieren m\u00f6chte. In unserem Interview haben wir mit Lars Amend dar\u00fcber gesprochen, wie das genau ablaufen soll und was das Publikum auf dieser \u201eReise zu sich selbst\u201c erwartet. Au\u00dferdem erz\u00e4hlt er uns, was f\u00fcr ihn selbst die Gr\u00fcnde sind, jeden Morgen aufzustehen und sich zu motivieren, und nat\u00fcrlich, welche Songs in seinem ganz pers\u00f6nlichen Lebens-Soundtrack nicht fehlen d\u00fcrfen.<\/p>\n<\/div><\/div><\/div><\/div><\/article><section class=\"fusion-fullwidth fullwidth-box fusion-builder-row-4 fusion-flex-container has-pattern-background has-mask-background fusion-parallax-none mys-faq mys-border--rounded nonhundred-percent-fullwidth non-hundred-percent-height-scrolling lazyload\" style=\"--awb-background-position:left top;--awb-border-radius-top-left:0px;--awb-border-radius-top-right:0px;--awb-border-radius-bottom-right:0px;--awb-border-radius-bottom-left:0px;--awb-padding-top:50px;--awb-padding-bottom:50px;--awb-padding-top-medium:40px;--awb-padding-bottom-medium:40px;--awb-padding-top-small:35px;--awb-padding-bottom-small:20px;--awb-margin-top:50px;--awb-margin-bottom:50px;--awb-margin-top-medium:25px;--awb-margin-bottom-medium:25px;--awb-margin-top-small:20px;--awb-margin-bottom-small:20px;--awb-background-color:var(--awb-color3);--awb-background-image:radial-gradient(circle at left top, rgba(0,170,255,0.2) 0%,rgba(0,170,255,0.2) 0%);;--awb-background-size:cover;--awb-flex-wrap:nowrap;--awb-flex-wrap-small:wrap;\" data-bg=\"https:\/\/www.myticket.de\/de\/myspotlight\/app\/uploads\/2024\/09\/Lars-Amend-1440x600-3-600x250.jpg\" data-bg-gradient=\"radial-gradient(circle at left top, rgba(0,170,255,0.2) 0%,rgba(0,170,255,0.2) 0%)\" ><div class=\"fusion-builder-row fusion-row fusion-flex-align-items-stretch fusion-flex-content-wrap\" style=\"max-width:1364.48px;margin-left: calc(-4% \/ 2 );margin-right: calc(-4% \/ 2 );\"><div class=\"fusion-layout-column fusion_builder_column fusion-builder-column-6 fusion_builder_column_1_1 1_1 fusion-flex-column\" style=\"--awb-padding-right:150px;--awb-padding-left:160px;--awb-padding-right-medium:40px;--awb-padding-left-medium:40px;--awb-padding-right-small:0px;--awb-padding-left-small:0px;--awb-bg-size:cover;--awb-width-large:100%;--awb-margin-top-large:0px;--awb-spacing-right-large:1.92%;--awb-margin-bottom-large:0px;--awb-spacing-left-large:1.92%;--awb-width-medium:100%;--awb-order-medium:0;--awb-spacing-right-medium:1.92%;--awb-spacing-left-medium:1.92%;--awb-width-small:100%;--awb-order-small:0;--awb-spacing-right-small:1.92%;--awb-spacing-left-small:1.92%;\"><div class=\"fusion-column-wrapper fusion-column-has-shadow fusion-flex-justify-content-flex-start fusion-content-layout-column\"><div class=\"fusion-title title fusion-title-2 fusion-sep-none fusion-title-center fusion-title-text fusion-title-size-two\" style=\"--awb-text-color:var(--awb-color3);--awb-margin-top:0px;--awb-margin-right:0px;--awb-margin-bottom:0px;--awb-margin-left:0px;--awb-margin-top-small:0px;--awb-margin-right-small:0px;--awb-margin-bottom-small:0px;--awb-margin-left-small:0px;\"><h2 class=\"fusion-title-heading title-heading-center fusion-responsive-typography-calculated\" style=\"font-family:&quot;Cabin&quot;;font-style:normal;font-weight:700;margin:0;--fontSize:48;line-height:var(--awb-typography1-line-height);\">Lars Amend<\/h2><\/div><div class=\"fusion-text fusion-text-7 fusion-text-no-margin mys-faq--marker\" style=\"--awb-content-alignment:center;--awb-font-size:250px;--awb-line-height:1px;--awb-text-transform:none;--awb-text-color:var(--awb-custom_color_4);--awb-user-select:none;--awb-margin-top:125px;--awb-text-font-family:&quot;Cabin&quot;;--awb-text-font-style:normal;--awb-text-font-weight:600;\"><p>\u201c<\/p>\n<\/div><div class=\"fusion-text fusion-text-8 fusion-text-no-margin mys-faq--text\" style=\"--awb-content-alignment:center;--awb-font-size:32px;--awb-line-height:40px;--awb-text-color:var(--awb-color3);--awb-margin-bottom:12px;--awb-text-font-family:&quot;Cabin&quot;;--awb-text-font-style:italic;--awb-text-font-weight:400;\"><p>Viele Menschen f\u00fchlen sich nicht gut genug, nicht wertvoll genug und trauen sich nicht, den von der Gesellschaft vorgegebenen Rahmen zu verlassen.<\/p>\n<\/div><div class=\"fusion-text fusion-text-9\" style=\"--awb-content-alignment:center;--awb-font-size:18px;--awb-text-color:var(--awb-color3);--awb-text-font-family:&quot;Cabin&quot;;--awb-text-font-style:normal;--awb-text-font-weight:600;\"><p>Fotocredit: Melanie Koravitsch<\/p>\n<\/div><\/div><\/div><\/div><\/section><div class=\"fusion-fullwidth fullwidth-box fusion-builder-row-5 fusion-flex-container has-pattern-background has-mask-background nonhundred-percent-fullwidth non-hundred-percent-height-scrolling\" style=\"--awb-border-radius-top-left:0px;--awb-border-radius-top-right:0px;--awb-border-radius-bottom-right:0px;--awb-border-radius-bottom-left:0px;--awb-padding-top:50px;--awb-padding-bottom:0px;--awb-padding-top-medium:25px;--awb-padding-bottom-medium:0px;--awb-padding-top-small:20px;--awb-padding-bottom-small:0px;--awb-flex-wrap:wrap;\" ><div class=\"fusion-builder-row fusion-row fusion-flex-align-items-flex-start fusion-flex-content-wrap\" style=\"max-width:1364.48px;margin-left: calc(-4% \/ 2 );margin-right: calc(-4% \/ 2 );\"><div class=\"fusion-layout-column fusion_builder_column fusion-builder-column-7 fusion_builder_column_1_1 1_1 fusion-flex-column\" style=\"--awb-bg-size:cover;--awb-width-large:100%;--awb-margin-top-large:0px;--awb-spacing-right-large:1.92%;--awb-margin-bottom-large:0px;--awb-spacing-left-large:1.92%;--awb-width-medium:100%;--awb-order-medium:0;--awb-spacing-right-medium:1.92%;--awb-spacing-left-medium:1.92%;--awb-width-small:100%;--awb-order-small:0;--awb-spacing-right-small:1.92%;--awb-spacing-left-small:1.92%;\"><div class=\"fusion-column-wrapper fusion-column-has-shadow fusion-flex-justify-content-flex-start fusion-content-layout-column\"><div class=\"fusion-title title fusion-title-3 fusion-sep-none fusion-title-text fusion-title-size-two\" style=\"--awb-text-color:var(--awb-color1);--awb-margin-top:0px;--awb-margin-right:0px;--awb-margin-bottom:20px;--awb-margin-left:0px;--awb-margin-top-small:0px;--awb-margin-right-small:0px;--awb-margin-bottom-small:15px;--awb-margin-left-small:0px;--awb-font-size:48px;\"><h2 class=\"fusion-title-heading title-heading-left fusion-responsive-typography-calculated\" style=\"font-family:var(--awb-typography1-font-family);font-weight:var(--awb-typography1-font-weight);font-style:var(--awb-typography1-font-style);margin:0;font-size:1em;--fontSize:48;line-height:1.15;\">Unser Interview mit Lars Amend<\/h2><\/div><\/div><\/div><div class=\"fusion-layout-column fusion_builder_column fusion-builder-column-8 fusion_builder_column_1_1 1_1 fusion-flex-column\" style=\"--awb-bg-size:cover;--awb-width-large:100%;--awb-margin-top-large:0px;--awb-spacing-right-large:1.92%;--awb-margin-bottom-large:0px;--awb-spacing-left-large:1.92%;--awb-width-medium:100%;--awb-order-medium:0;--awb-spacing-right-medium:1.92%;--awb-spacing-left-medium:1.92%;--awb-width-small:100%;--awb-order-small:0;--awb-spacing-right-small:1.92%;--awb-spacing-left-small:1.92%;\"><div class=\"fusion-column-wrapper fusion-column-has-shadow fusion-flex-justify-content-flex-start fusion-content-layout-column\"><div class=\"fusion-text fusion-text-10 mys-interview--text\" style=\"--awb-font-size:24px;--awb-line-height:32px;--awb-text-color:var(--awb-custom_color_1);--awb-text-font-family:&quot;Cabin&quot;;--awb-text-font-style:normal;--awb-text-font-weight:700;\"><p>Im Oktober und November gehst Du auf gro\u00dfe Tournee und kommst in ein gutes Dutzend St\u00e4dte. Im Pressetext hei\u00dft es: \u201eLars l\u00e4dt alle Menschen zu einem ca. zweist\u00fcndigen Abend in \u201asein Wohnzimmer\u2018 ein, um mit ihnen seine Lieblingsmusik zu h\u00f6ren\u201c. Was darf man sich darunter vorstellen? Was erwartet das Publikum?<\/p>\n<\/div><\/div><\/div><div class=\"fusion-layout-column fusion_builder_column fusion-builder-column-9 fusion_builder_column_1_1 1_1 fusion-flex-column mys-faq--mark mys-faq--interview\" style=\"--awb-padding-bottom:48px;--awb-padding-left:110px;--awb-padding-top-medium:10px;--awb-padding-bottom-medium:25px;--awb-padding-left-medium:55px;--awb-padding-top-small:10px;--awb-padding-bottom-small:20px;--awb-padding-left-small:55px;--awb-bg-size:cover;--awb-width-large:100%;--awb-margin-top-large:0px;--awb-spacing-right-large:1.92%;--awb-margin-bottom-large:0px;--awb-spacing-left-large:1.92%;--awb-width-medium:100%;--awb-order-medium:0;--awb-spacing-right-medium:1.92%;--awb-spacing-left-medium:1.92%;--awb-width-small:100%;--awb-order-small:0;--awb-spacing-right-small:1.92%;--awb-spacing-left-small:1.92%;\"><div class=\"fusion-column-wrapper fusion-column-has-shadow fusion-flex-justify-content-flex-start fusion-content-layout-column\"><div class=\"fusion-text fusion-text-11 fusion-text-no-margin\" style=\"--awb-text-color:var(--awb-custom_color_1);--awb-text-font-family:var(--awb-typography4-font-family);--awb-text-font-weight:var(--awb-typography4-font-weight);--awb-text-font-style:var(--awb-typography4-font-style);\"><p>Wenn ich zu Hause G\u00e4ste habe, dann bleiben sie meistens staunend vor meinen Schallplattenregalen stehen und sagen: \u201eLeg doch mal eine auf.\u201c Das mache ich dann nat\u00fcrlich und beobachte jedesmal, wie dieser kleine aber magische Akt eine ganz besondere Mischung aus Liebe, Nostalgie und W\u00e4rme verspr\u00fcht. Musik hat eine unglaubliche Kraft. Sie \u00f6ffnet sofort die Herzen. Deswegen m\u00f6chte ich auf der Tour alle Menschen in \u201emein Wohnzimmer\u201c einladen, um diese Energie auch auf sie zu \u00fcbertragen.<\/p>\n<\/div><\/div><\/div><div class=\"fusion-layout-column fusion_builder_column fusion-builder-column-10 fusion_builder_column_1_1 1_1 fusion-flex-column\" style=\"--awb-bg-size:cover;--awb-width-large:100%;--awb-margin-top-large:0px;--awb-spacing-right-large:1.92%;--awb-margin-bottom-large:0px;--awb-spacing-left-large:1.92%;--awb-width-medium:100%;--awb-order-medium:0;--awb-spacing-right-medium:1.92%;--awb-spacing-left-medium:1.92%;--awb-width-small:100%;--awb-order-small:0;--awb-spacing-right-small:1.92%;--awb-spacing-left-small:1.92%;\"><div class=\"fusion-column-wrapper fusion-column-has-shadow fusion-flex-justify-content-flex-start fusion-content-layout-column\"><div class=\"fusion-text fusion-text-12 mys-interview--text\" style=\"--awb-font-size:24px;--awb-line-height:32px;--awb-text-color:var(--awb-custom_color_1);--awb-text-font-family:&quot;Cabin&quot;;--awb-text-font-style:normal;--awb-text-font-weight:700;\"><p>Du sagst: \u201eIch m\u00f6chte die Menschen motivieren, wieder an ihre Tr\u00e4ume zu glauben.\u201c Das machst Du bereits auf verschiedenen Wegen, in deinen B\u00fcchern, Seminaren, pers\u00f6nlichen Coachings und auf Social Media. Jetzt soll das alles in einem gr\u00f6\u00dferen Rahmen stattfinden. Worin siehst Du die gr\u00f6\u00dfte Herausforderung, mit diesem Programm nun gro\u00df zu touren?<\/p>\n<\/div><\/div><\/div><div class=\"fusion-layout-column fusion_builder_column fusion-builder-column-11 fusion_builder_column_1_1 1_1 fusion-flex-column mys-faq--mark mys-faq--interview\" style=\"--awb-padding-bottom:48px;--awb-padding-left:110px;--awb-padding-top-medium:10px;--awb-padding-bottom-medium:25px;--awb-padding-left-medium:55px;--awb-padding-top-small:20px;--awb-padding-bottom-small:20px;--awb-padding-left-small:55px;--awb-bg-size:cover;--awb-width-large:100%;--awb-margin-top-large:0px;--awb-spacing-right-large:1.92%;--awb-margin-bottom-large:0px;--awb-spacing-left-large:1.92%;--awb-width-medium:100%;--awb-order-medium:0;--awb-spacing-right-medium:1.92%;--awb-spacing-left-medium:1.92%;--awb-width-small:100%;--awb-order-small:0;--awb-spacing-right-small:1.92%;--awb-spacing-left-small:1.92%;\" data-scroll-devices=\"small-visibility,medium-visibility,large-visibility\"><div class=\"fusion-column-wrapper fusion-column-has-shadow fusion-flex-justify-content-flex-start fusion-content-layout-column\"><div class=\"fusion-text fusion-text-13 fusion-text-no-margin\" style=\"--awb-text-color:var(--awb-custom_color_1);--awb-text-font-family:var(--awb-typography4-font-family);--awb-text-font-weight:var(--awb-typography4-font-weight);--awb-text-font-style:var(--awb-typography4-font-style);\"><p>Die richtige Auswahl der Lieder wird sicher die gr\u00f6\u00dfte Herausforderung, denn im Publikum werden ja die unterschiedlichsten Menschen mit den verschiedensten Geschm\u00e4ckern sitzen, die eventuell gar nicht so genau wissen, was sie an diesem Abend erwartet. Sie alle mit auf die Reise zu sich selbst zu nehmen und danach mit gl\u00fccklichen Gesichtern wieder nach Hause gehen zu sehen, darum geht es mir.<\/p>\n<\/div><\/div><\/div><\/div><\/div><div class=\"fusion-fullwidth fullwidth-box fusion-builder-row-6 fusion-flex-container has-pattern-background has-mask-background nonhundred-percent-fullwidth non-hundred-percent-height-scrolling\" style=\"--awb-border-radius-top-left:0px;--awb-border-radius-top-right:0px;--awb-border-radius-bottom-right:0px;--awb-border-radius-bottom-left:0px;--awb-padding-top:50px;--awb-padding-bottom:50px;--awb-padding-top-medium:25px;--awb-padding-bottom-medium:25px;--awb-padding-top-small:20px;--awb-padding-bottom-small:25px;--awb-flex-wrap:wrap;\" ><div class=\"fusion-builder-row fusion-row fusion-flex-align-items-flex-start fusion-flex-content-wrap\" style=\"max-width:1364.48px;margin-left: calc(-4% \/ 2 );margin-right: calc(-4% \/ 2 );\"><div class=\"fusion-layout-column fusion_builder_column fusion-builder-column-12 fusion_builder_column_1_2 1_2 fusion-flex-column fusion-flex-align-self-stretch\" style=\"--awb-padding-bottom:25px;--awb-bg-size:cover;--awb-width-large:50%;--awb-margin-top-large:0px;--awb-spacing-right-large:3.84%;--awb-margin-bottom-large:0px;--awb-spacing-left-large:3.84%;--awb-width-medium:50%;--awb-order-medium:0;--awb-spacing-right-medium:3.84%;--awb-spacing-left-medium:3.84%;--awb-width-small:100%;--awb-order-small:0;--awb-spacing-right-small:1.92%;--awb-spacing-left-small:1.92%;\"><div class=\"fusion-column-wrapper fusion-column-has-shadow fusion-flex-justify-content-flex-start fusion-content-layout-column\"><div class=\"fusion-builder-row fusion-builder-row-inner fusion-row fusion-flex-align-items-flex-start fusion-flex-content-wrap\" style=\"width:104% !important;max-width:104% !important;margin-left: calc(-4% \/ 2 );margin-right: calc(-4% \/ 2 );\"><div class=\"fusion-layout-column fusion_builder_column_inner fusion-builder-nested-column-0 fusion_builder_column_inner_1_1 1_1 fusion-flex-column\" style=\"--awb-bg-size:cover;--awb-width-large:100%;--awb-margin-top-large:0px;--awb-spacing-right-large:1.92%;--awb-margin-bottom-large:0px;--awb-spacing-left-large:1.92%;--awb-width-medium:100%;--awb-order-medium:0;--awb-spacing-right-medium:1.92%;--awb-spacing-left-medium:1.92%;--awb-width-small:100%;--awb-order-small:0;--awb-spacing-right-small:1.92%;--awb-spacing-left-small:1.92%;\"><div class=\"fusion-column-wrapper fusion-column-has-shadow fusion-flex-justify-content-flex-start fusion-content-layout-column\"><div class=\"fusion-text fusion-text-14 mys-interview--text\" style=\"--awb-font-size:24px;--awb-line-height:32px;--awb-text-color:var(--awb-custom_color_1);--awb-text-font-family:&quot;Cabin&quot;;--awb-text-font-style:normal;--awb-text-font-weight:700;\"><p>Woher kommt die Angst, seine Tr\u00e4ume zu verfolgen?<\/p>\n<\/div><\/div><\/div><div class=\"fusion-layout-column fusion_builder_column_inner fusion-builder-nested-column-1 fusion_builder_column_inner_1_1 1_1 fusion-flex-column mys-faq--mark mys-faq--interview\" style=\"--awb-padding-bottom:20px;--awb-padding-left:120px;--awb-padding-top-medium:10px;--awb-padding-left-medium:55px;--awb-padding-top-small:10px;--awb-padding-left-small:55px;--awb-bg-size:cover;--awb-width-large:100%;--awb-margin-top-large:0px;--awb-spacing-right-large:1.92%;--awb-margin-bottom-large:0px;--awb-spacing-left-large:1.92%;--awb-width-medium:100%;--awb-order-medium:0;--awb-spacing-right-medium:1.92%;--awb-spacing-left-medium:1.92%;--awb-width-small:100%;--awb-order-small:0;--awb-spacing-right-small:1.92%;--awb-spacing-left-small:1.92%;\" data-scroll-devices=\"small-visibility,medium-visibility,large-visibility\"><div class=\"fusion-column-wrapper fusion-column-has-shadow fusion-flex-justify-content-flex-start fusion-content-layout-column\"><div class=\"fusion-text fusion-text-15\"><p>Das hat unterschiedliche Gr\u00fcnde. Viele Menschen f\u00fchlen sich nicht gut genug, nicht wertvoll genug und trauen sich nicht, den von der Gesellschaft vorgegebenen Rahmen, in dem sie sich oft seit Jahren oder gar Jahrzehnten befinden, zu verlassen. Sie haben Angst zu scheitern, sehen gleichzeitig die Erfolge der anderen und trauen sich dann erst recht nicht, ihre Komfortzone zu verlassen. Da komme ich ins Spiel, um sie wachzur\u00fctteln und zu sagen: \u201eHey, noch ist es nicht zu sp\u00e4t. Lass es uns angehen.\u201c<\/p>\n<\/div><\/div><\/div><\/div><div class=\"fusion-builder-row fusion-builder-row-inner fusion-row fusion-flex-align-items-flex-start fusion-flex-content-wrap\" style=\"width:104% !important;max-width:104% !important;margin-left: calc(-4% \/ 2 );margin-right: calc(-4% \/ 2 );\"><div class=\"fusion-layout-column fusion_builder_column_inner fusion-builder-nested-column-2 fusion_builder_column_inner_1_1 1_1 fusion-flex-column\" style=\"--awb-bg-size:cover;--awb-width-large:100%;--awb-margin-top-large:0px;--awb-spacing-right-large:1.92%;--awb-margin-bottom-large:0px;--awb-spacing-left-large:1.92%;--awb-width-medium:100%;--awb-order-medium:0;--awb-spacing-right-medium:1.92%;--awb-spacing-left-medium:1.92%;--awb-width-small:100%;--awb-order-small:0;--awb-spacing-right-small:1.92%;--awb-spacing-left-small:1.92%;\"><div class=\"fusion-column-wrapper fusion-column-has-shadow fusion-flex-justify-content-flex-start fusion-content-layout-column\"><div class=\"fusion-text fusion-text-16 mys-interview--text\" style=\"--awb-font-size:24px;--awb-line-height:32px;--awb-text-color:var(--awb-custom_color_1);--awb-text-font-family:&quot;Cabin&quot;;--awb-text-font-style:normal;--awb-text-font-weight:700;\"><p>Auf der Tour m\u00f6chtest Du gemeinsam mit Deinem Publikum die wichtigsten Fragen des Lebens ergr\u00fcnden. Mit welchen Lebensfragen rechnest Du?<\/p>\n<\/div><\/div><\/div><div class=\"fusion-layout-column fusion_builder_column_inner fusion-builder-nested-column-3 fusion_builder_column_inner_1_1 1_1 fusion-flex-column mys-faq--mark mys-faq--interview\" style=\"--awb-padding-left:120px;--awb-padding-top-medium:10px;--awb-padding-left-medium:55px;--awb-padding-top-small:20px;--awb-padding-left-small:55px;--awb-bg-size:cover;--awb-width-large:100%;--awb-margin-top-large:0px;--awb-spacing-right-large:1.92%;--awb-margin-bottom-large:0px;--awb-spacing-left-large:1.92%;--awb-width-medium:100%;--awb-order-medium:0;--awb-spacing-right-medium:1.92%;--awb-spacing-left-medium:1.92%;--awb-width-small:100%;--awb-order-small:0;--awb-spacing-right-small:1.92%;--awb-spacing-left-small:1.92%;\" data-scroll-devices=\"small-visibility,medium-visibility,large-visibility\"><div class=\"fusion-column-wrapper fusion-column-has-shadow fusion-flex-justify-content-flex-start fusion-content-layout-column\"><div class=\"fusion-text fusion-text-17\"><p>Wer bin ich und wer will ich sein? Warum bin ich hier? Worin bin ich gut? Was will ich in diesem Leben noch sehen, f\u00fchlen und erreichen? Was kann ich schon heute ganz konkret f\u00fcr meinen gro\u00dfen Traum tun? Und was hindert mich daran? Das w\u00e4ren schon mal gute Fragen f\u00fcr den Anfang.<\/p>\n<\/div><\/div><\/div><\/div><div class=\"fusion-builder-row fusion-builder-row-inner fusion-row fusion-flex-align-items-flex-start fusion-flex-content-wrap\" style=\"width:104% !important;max-width:104% !important;margin-left: calc(-4% \/ 2 );margin-right: calc(-4% \/ 2 );\"><div class=\"fusion-layout-column fusion_builder_column_inner fusion-builder-nested-column-4 fusion_builder_column_inner_1_1 1_1 fusion-flex-column\" style=\"--awb-bg-size:cover;--awb-width-large:100%;--awb-margin-top-large:0px;--awb-spacing-right-large:1.92%;--awb-margin-bottom-large:0px;--awb-spacing-left-large:1.92%;--awb-width-medium:100%;--awb-order-medium:0;--awb-spacing-right-medium:1.92%;--awb-spacing-left-medium:1.92%;--awb-width-small:100%;--awb-order-small:0;--awb-spacing-right-small:1.92%;--awb-spacing-left-small:1.92%;\"><div class=\"fusion-column-wrapper fusion-column-has-shadow fusion-flex-justify-content-flex-start fusion-content-layout-column\"><div class=\"fusion-text fusion-text-18 mys-interview--text\" style=\"--awb-font-size:24px;--awb-line-height:32px;--awb-text-color:var(--awb-custom_color_1);--awb-text-font-family:&quot;Cabin&quot;;--awb-text-font-style:normal;--awb-text-font-weight:700;\"><p>Die Tour tr\u00e4gt den Untertitel \u201eDer Soundtrack Deines Lebens\u201c. Welche drei Songs d\u00fcrfen denn auf dem \u201aLars Amend Soundtrack\u2018 nicht fehlen? Und warum?<\/p>\n<\/div><\/div><\/div><div class=\"fusion-layout-column fusion_builder_column_inner fusion-builder-nested-column-5 fusion_builder_column_inner_1_1 1_1 fusion-flex-column mys-faq--mark mys-faq--interview\" style=\"--awb-padding-left:120px;--awb-padding-top-medium:10px;--awb-padding-left-medium:55px;--awb-padding-top-small:20px;--awb-padding-left-small:55px;--awb-bg-size:cover;--awb-width-large:100%;--awb-margin-top-large:0px;--awb-spacing-right-large:1.92%;--awb-margin-bottom-large:0px;--awb-spacing-left-large:1.92%;--awb-width-medium:100%;--awb-order-medium:0;--awb-spacing-right-medium:1.92%;--awb-spacing-left-medium:1.92%;--awb-width-small:100%;--awb-order-small:0;--awb-spacing-right-small:1.92%;--awb-spacing-left-small:1.92%;\" data-scroll-devices=\"small-visibility,medium-visibility,large-visibility\"><div class=\"fusion-column-wrapper fusion-column-has-shadow fusion-flex-justify-content-flex-start fusion-content-layout-column\"><div class=\"fusion-text fusion-text-19\"><p>Diese Frage w\u00fcrde ich sehr wahrscheinlich an jedem Tag anders beantworten, je nach Stimmungslage. Auf jeden Fall w\u00e4ren die Red Hot Chili Peppers vertreten. Keine andere Rockband erzeugt in mir diese tiefe Sehnsucht nach pers\u00f6nlicher Freiheit, gepaart mit der Sonne Kaliforniens und diesem einzigartigen Lebensgef\u00fchl, das sich mit Worten kaum beschreiben l\u00e4sst. Aber zum Gl\u00fcck gibt es daf\u00fcr die Musik. \u201eCalifornication\u201c w\u00e4re heute der Song dazu. Dann w\u00fcrde ich noch \u201eGod\u2019s Plan\u201c von Drake w\u00e4hlen. Keinen K\u00fcnstler habe ich den letzten Jahren \u00f6fter geh\u00f6rt. Ich liebe seine Melancholie, die traurig und motivierend zugleich ist. Und f\u00fcr die gute Laune: \u201eLost In Music\u201c von Sister Sledge, produziert von einem meiner gro\u00dfen Helden Nile Rodgers, ohne den es in den 1970ern keine Disco-Musik gegeben h\u00e4tte. Der Soundtrack meines Lebens besteht aber noch aus tausend weiteren Songs.<\/p>\n<\/div><\/div><\/div><\/div><\/div><\/div><div class=\"fusion-layout-column fusion_builder_column fusion-builder-column-13 fusion_builder_column_1_2 1_2 fusion-flex-column fusion-flex-align-self-stretch\" style=\"--awb-bg-size:cover;--awb-width-large:50%;--awb-margin-top-large:0px;--awb-spacing-right-large:3.84%;--awb-margin-bottom-large:50px;--awb-spacing-left-large:3.84%;--awb-width-medium:50%;--awb-order-medium:0;--awb-spacing-right-medium:3.84%;--awb-spacing-left-medium:3.84%;--awb-width-small:100%;--awb-order-small:0;--awb-spacing-right-small:1.92%;--awb-margin-bottom-small:25px;--awb-spacing-left-small:1.92%;\"><div class=\"fusion-column-wrapper fusion-column-has-shadow fusion-flex-justify-content-flex-start fusion-content-layout-column\"><div class=\"fusion-image-element sm-text-align-center\" style=\"text-align:right;--awb-caption-title-font-family:var(--h2_typography-font-family);--awb-caption-title-font-weight:var(--h2_typography-font-weight);--awb-caption-title-font-style:var(--h2_typography-font-style);--awb-caption-title-size:var(--h2_typography-font-size);--awb-caption-title-transform:var(--h2_typography-text-transform);--awb-caption-title-line-height:var(--h2_typography-line-height);--awb-caption-title-letter-spacing:var(--h2_typography-letter-spacing);\"><span class=\" fusion-imageframe imageframe-none imageframe-1 hover-type-none mys-border--rounded-vert mys-border--rounded-vert--left mys-border--rounded-vert--interview\"><img decoding=\"async\" width=\"588\" height=\"1000\" alt=\"Lars Amend im Interview\" title=\"Lars-Amend-588&#215;1000\" src=\"https:\/\/www.myticket.de\/de\/myspotlight\/app\/uploads\/2024\/09\/Lars-Amend-588x1000-1.jpg\" data-orig-src=\"https:\/\/www.myticket.de\/de\/myspotlight\/app\/uploads\/2024\/09\/Lars-Amend-588x1000-1.jpg\" class=\"lazyload img-responsive wp-image-1854\" srcset=\"data:image\/svg+xml,%3Csvg%20xmlns%3D%27http%3A%2F%2Fwww.w3.org%2F2000%2Fsvg%27%20width%3D%27588%27%20height%3D%271000%27%20viewBox%3D%270%200%20588%201000%27%3E%3Crect%20width%3D%27588%27%20height%3D%271000%27%20fill-opacity%3D%220%22%2F%3E%3C%2Fsvg%3E\" data-srcset=\"https:\/\/www.myticket.de\/de\/myspotlight\/app\/uploads\/2024\/09\/Lars-Amend-588x1000-1-200x340.jpg 200w, https:\/\/www.myticket.de\/de\/myspotlight\/app\/uploads\/2024\/09\/Lars-Amend-588x1000-1-400x680.jpg 400w, https:\/\/www.myticket.de\/de\/myspotlight\/app\/uploads\/2024\/09\/Lars-Amend-588x1000-1.jpg 588w\" data-sizes=\"auto\" data-orig-sizes=\"(max-width: 767px) 100vw, 588px\" \/><\/span><\/div><\/div><\/div><div class=\"fusion-layout-column fusion_builder_column fusion-builder-column-14 fusion_builder_column_1_1 1_1 fusion-flex-column\" style=\"--awb-bg-size:cover;--awb-width-large:100%;--awb-margin-top-large:0px;--awb-spacing-right-large:1.92%;--awb-margin-bottom-large:0px;--awb-spacing-left-large:1.92%;--awb-width-medium:100%;--awb-order-medium:0;--awb-spacing-right-medium:1.92%;--awb-spacing-left-medium:1.92%;--awb-width-small:100%;--awb-order-small:0;--awb-spacing-right-small:1.92%;--awb-spacing-left-small:1.92%;\"><div class=\"fusion-column-wrapper fusion-column-has-shadow fusion-flex-justify-content-flex-start fusion-content-layout-column\"><div class=\"fusion-text fusion-text-20 mys-interview--text\" style=\"--awb-font-size:24px;--awb-line-height:32px;--awb-text-color:var(--awb-custom_color_1);--awb-text-font-family:&quot;Cabin&quot;;--awb-text-font-style:normal;--awb-text-font-weight:700;\"><p>Musik spielt eine tragende Rolle f\u00fcr Deinen Werdegang. Zum Beispiel hattest du eine eigene Radiosendung und hast B\u00fccher mit dem Rapper Bushido und dem Scorpions-Gr\u00fcnder Rudolf Schenker geschrieben. Welche Musiker:innen haben Dich im Hinblick auf ihre Einstellung zum Leben bislang am meisten beeindruckt?<\/p>\n<\/div><\/div><\/div><div class=\"fusion-layout-column fusion_builder_column fusion-builder-column-15 fusion_builder_column_1_1 1_1 fusion-flex-column mys-faq--mark mys-faq--interview\" style=\"--awb-padding-bottom:0px;--awb-padding-left:110px;--awb-padding-top-medium:10px;--awb-padding-left-medium:55px;--awb-padding-top-small:20px;--awb-padding-left-small:55px;--awb-bg-size:cover;--awb-width-large:100%;--awb-margin-top-large:0px;--awb-spacing-right-large:1.92%;--awb-margin-bottom-large:0px;--awb-spacing-left-large:1.92%;--awb-width-medium:100%;--awb-order-medium:0;--awb-spacing-right-medium:1.92%;--awb-spacing-left-medium:1.92%;--awb-width-small:100%;--awb-order-small:0;--awb-spacing-right-small:1.92%;--awb-spacing-left-small:1.92%;\" data-scroll-devices=\"small-visibility,medium-visibility,large-visibility\"><div class=\"fusion-column-wrapper fusion-column-has-shadow fusion-flex-justify-content-flex-start fusion-content-layout-column\"><div class=\"fusion-text fusion-text-21 fusion-text-no-margin\" style=\"--awb-text-color:var(--awb-custom_color_1);--awb-text-font-family:var(--awb-typography4-font-family);--awb-text-font-weight:var(--awb-typography4-font-weight);--awb-text-font-style:var(--awb-typography4-font-style);\"><p>Nile Rodgers habe ich gerade schon genannt. Pharrell Williams ist auch ein gro\u00dfes Vorbild. Die Beatles, Adele, Lady Gaga \u2013 sie alle wurden am Anfang ihrer Karriere bel\u00e4chelt, abgelehnt und nicht ernst genommen. Das erste Demo der Beatles wurde mit der Begr\u00fcndung von einer Plattenfirma abgelehnt, \u201eGitarrenmusik habe keine Zukunft\u201c. Ich liebe solche Geschichten, weil sie zeigen, dass auch die ganz Gro\u00dfen am Anfang ihre Schwierigkeiten hatten. Und an all die Techno-, House- und Drum&amp;Bass-Dj\u2019s der 90er und 2000er Jahre. Danke f\u00fcr eine unvergessliche Zeit.<\/p>\n<\/div><\/div><\/div><div class=\"fusion-layout-column fusion_builder_column fusion-builder-column-16 fusion_builder_column_1_1 1_1 fusion-flex-column\" style=\"--awb-bg-size:cover;--awb-width-large:100%;--awb-margin-top-large:0px;--awb-spacing-right-large:1.92%;--awb-margin-bottom-large:0px;--awb-spacing-left-large:1.92%;--awb-width-medium:100%;--awb-order-medium:0;--awb-spacing-right-medium:1.92%;--awb-spacing-left-medium:1.92%;--awb-width-small:100%;--awb-order-small:0;--awb-spacing-right-small:1.92%;--awb-spacing-left-small:1.92%;\"><div class=\"fusion-column-wrapper fusion-column-has-shadow fusion-flex-justify-content-flex-start fusion-content-layout-column\"><div class=\"fusion-text fusion-text-22 mys-interview--text\" style=\"--awb-font-size:24px;--awb-line-height:32px;--awb-text-color:var(--awb-custom_color_1);--awb-text-font-family:&quot;Cabin&quot;;--awb-text-font-style:normal;--awb-text-font-weight:700;\"><p>Neben Rudolf Schenkers und Bushidos Leben hast Du mit \u201eDieses bescheuerte Herz\u201c eine Geschichte aufgeschrieben, die nicht nur verfilmt, sondern die du auch selbst erlebt hast. Was ist schwieriger? Das eigene Leben in Worte zu fassen oder das eines anderen?<\/p>\n<\/div><\/div><\/div><div class=\"fusion-layout-column fusion_builder_column fusion-builder-column-17 fusion_builder_column_1_1 1_1 fusion-flex-column mys-faq--mark mys-faq--interview\" style=\"--awb-padding-bottom:0px;--awb-padding-left:110px;--awb-padding-top-medium:10px;--awb-padding-left-medium:55px;--awb-padding-top-small:20px;--awb-padding-left-small:55px;--awb-bg-size:cover;--awb-width-large:100%;--awb-margin-top-large:0px;--awb-spacing-right-large:1.92%;--awb-margin-bottom-large:0px;--awb-spacing-left-large:1.92%;--awb-width-medium:100%;--awb-order-medium:0;--awb-spacing-right-medium:1.92%;--awb-spacing-left-medium:1.92%;--awb-width-small:100%;--awb-order-small:0;--awb-spacing-right-small:1.92%;--awb-spacing-left-small:1.92%;\" data-scroll-devices=\"small-visibility,medium-visibility,large-visibility\"><div class=\"fusion-column-wrapper fusion-column-has-shadow fusion-flex-justify-content-flex-start fusion-content-layout-column\"><div class=\"fusion-text fusion-text-23 fusion-text-no-margin\" style=\"--awb-text-color:var(--awb-custom_color_1);--awb-text-font-family:var(--awb-typography4-font-family);--awb-text-font-weight:var(--awb-typography4-font-weight);--awb-text-font-style:var(--awb-typography4-font-style);\"><p>Das Leben eines anderen Menschen aufzuschreiben, ist sehr viel komplexer, vor allem, wenn man die Geschichte aus der Ich-Perspektive erz\u00e4hlt. Als Autor musst du wie ein Schauspieler in die Rolle deines Hauptdarstellers schl\u00fcpfen und so denken wie er, so f\u00fchlen wie er, so reden wie er. Du musst alles so formulieren, wie er es auch getan h\u00e4tte. Einfach ist das nicht, aber ich liebe das. Ich w\u00fcrde gerne einmal die Lebensgeschichte einer Frau aufschreiben.<\/p>\n<\/div><\/div><\/div><\/div><\/div><div class=\"fusion-fullwidth fullwidth-box fusion-builder-row-7 fusion-flex-container has-pattern-background has-mask-background nonhundred-percent-fullwidth non-hundred-percent-height-scrolling\" style=\"--awb-border-radius-top-left:0px;--awb-border-radius-top-right:0px;--awb-border-radius-bottom-right:0px;--awb-border-radius-bottom-left:0px;--awb-padding-top:50px;--awb-padding-bottom:50px;--awb-padding-top-medium:25px;--awb-padding-bottom-medium:25px;--awb-padding-top-small:20px;--awb-padding-bottom-small:25px;--awb-flex-wrap:wrap;\" ><div class=\"fusion-builder-row fusion-row fusion-flex-align-items-flex-start fusion-flex-content-wrap\" style=\"max-width:1364.48px;margin-left: calc(-4% \/ 2 );margin-right: calc(-4% \/ 2 );\"><div class=\"fusion-layout-column fusion_builder_column fusion-builder-column-18 fusion_builder_column_1_2 1_2 fusion-flex-column fusion-flex-align-self-stretch\" style=\"--awb-padding-bottom:25px;--awb-bg-size:cover;--awb-width-large:50%;--awb-margin-top-large:0px;--awb-spacing-right-large:3.84%;--awb-margin-bottom-large:0px;--awb-spacing-left-large:3.84%;--awb-width-medium:50%;--awb-order-medium:0;--awb-spacing-right-medium:3.84%;--awb-spacing-left-medium:3.84%;--awb-width-small:100%;--awb-order-small:0;--awb-spacing-right-small:1.92%;--awb-spacing-left-small:1.92%;\"><div class=\"fusion-column-wrapper fusion-column-has-shadow fusion-flex-justify-content-flex-start fusion-content-layout-column\"><div class=\"fusion-builder-row fusion-builder-row-inner fusion-row fusion-flex-align-items-flex-start fusion-flex-content-wrap\" style=\"width:104% !important;max-width:104% !important;margin-left: calc(-4% \/ 2 );margin-right: calc(-4% \/ 2 );\"><div class=\"fusion-layout-column fusion_builder_column_inner fusion-builder-nested-column-6 fusion_builder_column_inner_1_1 1_1 fusion-flex-column\" style=\"--awb-bg-size:cover;--awb-width-large:100%;--awb-margin-top-large:0px;--awb-spacing-right-large:1.92%;--awb-margin-bottom-large:0px;--awb-spacing-left-large:1.92%;--awb-width-medium:100%;--awb-order-medium:0;--awb-spacing-right-medium:1.92%;--awb-spacing-left-medium:1.92%;--awb-width-small:100%;--awb-order-small:0;--awb-spacing-right-small:1.92%;--awb-spacing-left-small:1.92%;\"><div class=\"fusion-column-wrapper fusion-column-has-shadow fusion-flex-justify-content-flex-start fusion-content-layout-column\"><div class=\"fusion-text fusion-text-24 mys-interview--text\" style=\"--awb-font-size:24px;--awb-line-height:32px;--awb-text-color:var(--awb-custom_color_1);--awb-text-font-family:&quot;Cabin&quot;;--awb-text-font-style:normal;--awb-text-font-weight:700;\"><p>Scrollt man \u00fcber Deinen Instagram Account, findet man viele Motivationsspr\u00fcche und Lebensweisheiten. Hast Du ein \u00fcber allem stehendes Lebensmotto? Und wenn ja, warum gerade dieses?<\/p>\n<\/div><\/div><\/div><div class=\"fusion-layout-column fusion_builder_column_inner fusion-builder-nested-column-7 fusion_builder_column_inner_1_1 1_1 fusion-flex-column mys-faq--mark mys-faq--interview\" style=\"--awb-padding-bottom:20px;--awb-padding-left:120px;--awb-padding-top-medium:10px;--awb-padding-left-medium:55px;--awb-padding-top-small:10px;--awb-padding-left-small:55px;--awb-bg-size:cover;--awb-width-large:100%;--awb-margin-top-large:0px;--awb-spacing-right-large:1.92%;--awb-margin-bottom-large:0px;--awb-spacing-left-large:1.92%;--awb-width-medium:100%;--awb-order-medium:0;--awb-spacing-right-medium:1.92%;--awb-spacing-left-medium:1.92%;--awb-width-small:100%;--awb-order-small:0;--awb-spacing-right-small:1.92%;--awb-spacing-left-small:1.92%;\" data-scroll-devices=\"small-visibility,medium-visibility,large-visibility\"><div class=\"fusion-column-wrapper fusion-column-has-shadow fusion-flex-justify-content-flex-start fusion-content-layout-column\"><div class=\"fusion-text fusion-text-25\"><p>Mein Lebensmotto ist, so hoffe ich, selbsterkl\u00e4rend: \u201eAufgeben ist keine Option!\u201c<\/p>\n<\/div><\/div><\/div><\/div><div class=\"fusion-builder-row fusion-builder-row-inner fusion-row fusion-flex-align-items-flex-start fusion-flex-content-wrap\" style=\"width:104% !important;max-width:104% !important;margin-left: calc(-4% \/ 2 );margin-right: calc(-4% \/ 2 );\"><div class=\"fusion-layout-column fusion_builder_column_inner fusion-builder-nested-column-8 fusion_builder_column_inner_1_1 1_1 fusion-flex-column\" style=\"--awb-bg-size:cover;--awb-width-large:100%;--awb-margin-top-large:0px;--awb-spacing-right-large:1.92%;--awb-margin-bottom-large:0px;--awb-spacing-left-large:1.92%;--awb-width-medium:100%;--awb-order-medium:0;--awb-spacing-right-medium:1.92%;--awb-spacing-left-medium:1.92%;--awb-width-small:100%;--awb-order-small:0;--awb-spacing-right-small:1.92%;--awb-spacing-left-small:1.92%;\"><div class=\"fusion-column-wrapper fusion-column-has-shadow fusion-flex-justify-content-flex-start fusion-content-layout-column\"><div class=\"fusion-text fusion-text-26 mys-interview--text\" style=\"--awb-font-size:24px;--awb-line-height:32px;--awb-text-color:var(--awb-custom_color_1);--awb-text-font-family:&quot;Cabin&quot;;--awb-text-font-style:normal;--awb-text-font-weight:700;\"><p>In Deinem Buch \u201eMagic Monday\u201c schreibst Du \u00fcber 52 Gr\u00fcnde, morgens aufzustehen. Welche f\u00fcnf Gr\u00fcnde, das Bett zu verlassen, sind es momentan bei dir?<\/p>\n<\/div><\/div><\/div><div class=\"fusion-layout-column fusion_builder_column_inner fusion-builder-nested-column-9 fusion_builder_column_inner_1_1 1_1 fusion-flex-column mys-faq--mark mys-faq--interview\" style=\"--awb-padding-left:120px;--awb-padding-top-medium:10px;--awb-padding-left-medium:55px;--awb-padding-top-small:20px;--awb-padding-left-small:55px;--awb-bg-size:cover;--awb-width-large:100%;--awb-margin-top-large:0px;--awb-spacing-right-large:1.92%;--awb-margin-bottom-large:0px;--awb-spacing-left-large:1.92%;--awb-width-medium:100%;--awb-order-medium:0;--awb-spacing-right-medium:1.92%;--awb-spacing-left-medium:1.92%;--awb-width-small:100%;--awb-order-small:0;--awb-spacing-right-small:1.92%;--awb-spacing-left-small:1.92%;\" data-scroll-devices=\"small-visibility,medium-visibility,large-visibility\"><div class=\"fusion-column-wrapper fusion-column-has-shadow fusion-flex-justify-content-flex-start fusion-content-layout-column\"><div class=\"fusion-text fusion-text-27\"><ul>\n<li>Das L\u00e4cheln meiner einj\u00e4hrigen Tochter<\/li>\n<li>Der Duft des ersten Espresso des Tages<\/li>\n<li>Das unermessliche Geschenk, am Leben zu sein<\/li>\n<li>Das Gl\u00fcck, ein neues Buch zu schreiben<\/li>\n<li>Musik h\u00f6ren zu d\u00fcrfen<\/li>\n<\/ul>\n<\/div><\/div><\/div><\/div><\/div><\/div><div class=\"fusion-layout-column fusion_builder_column fusion-builder-column-19 fusion_builder_column_1_2 1_2 fusion-flex-column fusion-flex-align-self-stretch\" style=\"--awb-bg-size:cover;--awb-width-large:50%;--awb-margin-top-large:0px;--awb-spacing-right-large:3.84%;--awb-margin-bottom-large:50px;--awb-spacing-left-large:3.84%;--awb-width-medium:50%;--awb-order-medium:0;--awb-spacing-right-medium:3.84%;--awb-spacing-left-medium:3.84%;--awb-width-small:100%;--awb-order-small:0;--awb-spacing-right-small:1.92%;--awb-margin-bottom-small:25px;--awb-spacing-left-small:1.92%;\"><div class=\"fusion-column-wrapper fusion-column-has-shadow fusion-flex-justify-content-flex-start fusion-content-layout-column\"><div class=\"fusion-image-element sm-text-align-center\" style=\"text-align:right;--awb-caption-title-font-family:var(--h2_typography-font-family);--awb-caption-title-font-weight:var(--h2_typography-font-weight);--awb-caption-title-font-style:var(--h2_typography-font-style);--awb-caption-title-size:var(--h2_typography-font-size);--awb-caption-title-transform:var(--h2_typography-text-transform);--awb-caption-title-line-height:var(--h2_typography-line-height);--awb-caption-title-letter-spacing:var(--h2_typography-letter-spacing);\"><span class=\" fusion-imageframe imageframe-none imageframe-2 hover-type-none mys-border--rounded-vert mys-border--rounded-vert--left mys-border--rounded-vert--interview\"><img decoding=\"async\" width=\"588\" height=\"661\" title=\"interview-dummy-new\" src=\"https:\/\/www.myticket.de\/de\/myspotlight\/app\/uploads\/2024\/07\/interview-dummy-new.jpg\" data-orig-src=\"https:\/\/www.myticket.de\/de\/myspotlight\/app\/uploads\/2024\/07\/interview-dummy-new.jpg\" alt class=\"lazyload img-responsive wp-image-1074\" srcset=\"data:image\/svg+xml,%3Csvg%20xmlns%3D%27http%3A%2F%2Fwww.w3.org%2F2000%2Fsvg%27%20width%3D%27588%27%20height%3D%27661%27%20viewBox%3D%270%200%20588%20661%27%3E%3Crect%20width%3D%27588%27%20height%3D%27661%27%20fill-opacity%3D%220%22%2F%3E%3C%2Fsvg%3E\" data-srcset=\"https:\/\/www.myticket.de\/de\/myspotlight\/app\/uploads\/2024\/07\/interview-dummy-new-200x225.jpg 200w, https:\/\/www.myticket.de\/de\/myspotlight\/app\/uploads\/2024\/07\/interview-dummy-new-400x450.jpg 400w, https:\/\/www.myticket.de\/de\/myspotlight\/app\/uploads\/2024\/07\/interview-dummy-new.jpg 588w\" data-sizes=\"auto\" data-orig-sizes=\"(max-width: 767px) 100vw, 588px\" \/><\/span><\/div><\/div><\/div><div class=\"fusion-layout-column fusion_builder_column fusion-builder-column-20 fusion_builder_column_1_1 1_1 fusion-flex-column\" style=\"--awb-bg-size:cover;--awb-width-large:100%;--awb-margin-top-large:0px;--awb-spacing-right-large:1.92%;--awb-margin-bottom-large:0px;--awb-spacing-left-large:1.92%;--awb-width-medium:100%;--awb-order-medium:0;--awb-spacing-right-medium:1.92%;--awb-spacing-left-medium:1.92%;--awb-width-small:100%;--awb-order-small:0;--awb-spacing-right-small:1.92%;--awb-spacing-left-small:1.92%;\"><div class=\"fusion-column-wrapper fusion-column-has-shadow fusion-flex-justify-content-flex-start fusion-content-layout-column\"><div class=\"fusion-text fusion-text-28 mys-interview--text\" style=\"--awb-font-size:24px;--awb-line-height:32px;--awb-text-color:var(--awb-custom_color_1);--awb-text-font-family:&quot;Cabin&quot;;--awb-text-font-style:normal;--awb-text-font-weight:700;\"><p>Mit der Tournee hast Du Dir selbst einen Traum erf\u00fcllt und gehst dadurch mit gutem Beispiel f\u00fcr Deine Fans voran. Gibt es da schon einen Traum, den Du Dir als n\u00e4chstes erf\u00fcllen m\u00f6chtest?<\/p>\n<\/div><\/div><\/div><div class=\"fusion-layout-column fusion_builder_column fusion-builder-column-21 fusion_builder_column_1_1 1_1 fusion-flex-column mys-faq--mark mys-faq--interview\" style=\"--awb-padding-bottom:0px;--awb-padding-left:110px;--awb-padding-top-medium:10px;--awb-padding-left-medium:55px;--awb-padding-top-small:20px;--awb-padding-left-small:55px;--awb-bg-size:cover;--awb-width-large:100%;--awb-margin-top-large:0px;--awb-spacing-right-large:1.92%;--awb-margin-bottom-large:0px;--awb-spacing-left-large:1.92%;--awb-width-medium:100%;--awb-order-medium:0;--awb-spacing-right-medium:1.92%;--awb-spacing-left-medium:1.92%;--awb-width-small:100%;--awb-order-small:0;--awb-spacing-right-small:1.92%;--awb-spacing-left-small:1.92%;\" data-scroll-devices=\"small-visibility,medium-visibility,large-visibility\"><div class=\"fusion-column-wrapper fusion-column-has-shadow fusion-flex-justify-content-flex-start fusion-content-layout-column\"><div class=\"fusion-text fusion-text-29 fusion-text-no-margin\" style=\"--awb-text-color:var(--awb-custom_color_1);--awb-text-font-family:var(--awb-typography4-font-family);--awb-text-font-weight:var(--awb-typography4-font-weight);--awb-text-font-style:var(--awb-typography4-font-style);\"><p>Ich w\u00fcnsche mir, dass so viele Menschen zur Tour kommen werden, dass wir n\u00e4chstes Jahr noch weitere St\u00e4dte mit auf den Tourplan nehmen k\u00f6nnen. Das w\u00e4re ein Traum.<\/p>\n<\/div><\/div><\/div><\/div><\/div><section class=\"fusion-fullwidth fullwidth-box fusion-builder-row-8 fusion-flex-container has-pattern-background has-mask-background nonhundred-percent-fullwidth non-hundred-percent-height-scrolling\" style=\"--awb-border-radius-top-left:0px;--awb-border-radius-top-right:0px;--awb-border-radius-bottom-right:0px;--awb-border-radius-bottom-left:0px;--awb-margin-top:50px;--awb-margin-bottom:50px;--awb-margin-top-medium:25px;--awb-margin-bottom-medium:25px;--awb-margin-top-small:20px;--awb-margin-bottom-small:20px;--awb-background-color:var(--awb-custom_color_4);--awb-flex-wrap:wrap;--awb-flex-wrap-medium:nowrap;\" ><div class=\"fusion-builder-row fusion-row fusion-flex-align-items-stretch fusion-flex-justify-content-center fusion-flex-content-wrap\" style=\"max-width:1364.48px;margin-left: calc(-4% \/ 2 );margin-right: calc(-4% \/ 2 );\"><div class=\"fusion-layout-column fusion_builder_column fusion-builder-column-22 fusion_builder_column_1_1 1_1 fusion-flex-column fusion-flex-align-self-center mys-social--bar--column\" style=\"--awb-padding-top-small:10px;--awb-padding-bottom-small:10px;--awb-bg-size:cover;--awb-width-large:100%;--awb-margin-top-large:0px;--awb-spacing-right-large:1.92%;--awb-margin-bottom-large:0px;--awb-spacing-left-large:1.92%;--awb-width-medium:100%;--awb-order-medium:0;--awb-spacing-right-medium:1.92%;--awb-spacing-left-medium:1.92%;--awb-width-small:100%;--awb-order-small:0;--awb-spacing-right-small:1.92%;--awb-spacing-left-small:1.92%;\" data-scroll-devices=\"small-visibility,medium-visibility,large-visibility\"><div class=\"fusion-column-wrapper fusion-column-has-shadow fusion-flex-justify-content-center fusion-content-layout-row fusion-flex-align-items-center\"><div class=\"fusion-sharing-box fusion-sharing-box-1 mys-social--bar has-taglines layout-floated layout-medium-floated layout-small-stacked\" style=\"background-color:var(--awb-custom_color_4);border-color:var(--awb-custom_color_5);--awb-margin-top:0px;--awb-margin-right:0px;--awb-margin-bottom:0px;--awb-margin-left:0px;--awb-wrapper-padding-top:0px;--awb-wrapper-padding-right:0px;--awb-wrapper-padding-bottom:0px;--awb-wrapper-padding-left:0px;--awb-icon-size:24px;--awb-separator-border-color:#cccccc;--awb-separator-border-sizes:0px;--awb-alignment:flex-start;--awb-stacked-align:center;--awb-layout:row;--awb-alignment-medium:flex-start;--awb-stacked-align-medium:center;--awb-alignment-small:flex-start;--awb-stacked-align-small:center;\" data-title=\"Lars Amend im Interview: Wer bin ich und wer will ich sein?\" data-description=\"Schau mal hier\" data-link=\"https:\/\/www.myticket.de\/de\/myspotlight\/interview\/lars-amend-im-interview\/\"><div class=\"tagline\" style=\"color:var(--awb-color3);font-family:&quot;Cabin&quot;;font-style:normal;font-weight:600;font-size:23px;\">Jetzt teilen auf ...<\/div><div class=\"fusion-social-networks sharingbox-shortcode-icon-wrapper sharingbox-shortcode-icon-wrapper-1\"><span><a href=\"https:\/\/www.facebook.com\/sharer.php?u=https%3A%2F%2Fwww.myticket.de%2Fde%2Fmyspotlight%2Finterview%2Flars-amend-im-interview%2F&amp;t=Lars%20Amend%20im%20Interview%3A%20Wer%20bin%20ich%20und%20wer%20will%20ich%20sein%3F\" target=\"_blank\" rel=\"noreferrer\" title=\"Facebook\" aria-label=\"Facebook\" data-placement=\"top\" data-toggle=\"tooltip\" data-title=\"Facebook\"><i class=\"fusion-social-network-icon fusion-tooltip fusion-facebook awb-icon-facebook\" style=\"color:var(--awb-color3);\" aria-hidden=\"true\"><\/i><\/a><\/span><span><a href=\"https:\/\/x.com\/intent\/post?text=Lars%20Amend%20im%20Interview%3A%20Wer%20bin%20ich%20und%20wer%20will%20ich%20sein%3F&amp;url=https%3A%2F%2Fwww.myticket.de%2Fde%2Fmyspotlight%2Finterview%2Flars-amend-im-interview%2F\" target=\"_blank\" rel=\"noopener noreferrer\" title=\"X\" aria-label=\"X\" data-placement=\"top\" data-toggle=\"tooltip\" data-title=\"X\"><i class=\"fusion-social-network-icon fusion-tooltip fusion-twitter awb-icon-twitter\" style=\"color:var(--awb-color3);\" aria-hidden=\"true\"><\/i><\/a><\/span><span><a href=\"https:\/\/www.linkedin.com\/shareArticle?mini=true&amp;url=https%3A%2F%2Fwww.myticket.de%2Fde%2Fmyspotlight%2Finterview%2Flars-amend-im-interview%2F&amp;title=Lars%20Amend%20im%20Interview%3A%20Wer%20bin%20ich%20und%20wer%20will%20ich%20sein%3F&amp;summary=Schau%20mal%20hier\" target=\"_blank\" rel=\"noopener noreferrer\" title=\"LinkedIn\" aria-label=\"LinkedIn\" data-placement=\"top\" data-toggle=\"tooltip\" data-title=\"LinkedIn\"><i class=\"fusion-social-network-icon fusion-tooltip fusion-linkedin awb-icon-linkedin\" style=\"color:var(--awb-color3);\" aria-hidden=\"true\"><\/i><\/a><\/span><span><a href=\"https:\/\/api.whatsapp.com\/send?text=https%3A%2F%2Fwww.myticket.de%2Fde%2Fmyspotlight%2Finterview%2Flars-amend-im-interview%2F\" target=\"_blank\" rel=\"noopener noreferrer\" title=\"WhatsApp\" aria-label=\"WhatsApp\" data-placement=\"top\" data-toggle=\"tooltip\" data-title=\"WhatsApp\"><i class=\"fusion-social-network-icon fusion-tooltip fusion-whatsapp awb-icon-whatsapp\" style=\"color:var(--awb-color3);\" aria-hidden=\"true\"><\/i><\/a><\/span><\/div><\/div><\/div><\/div><\/div><\/section>\n<div class=\"fusion-fullwidth fullwidth-box fusion-builder-row-9 fusion-flex-container has-pattern-background has-mask-background nonhundred-percent-fullwidth non-hundred-percent-height-scrolling\" style=\"--awb-border-radius-top-left:0px;--awb-border-radius-top-right:0px;--awb-border-radius-bottom-right:0px;--awb-border-radius-bottom-left:0px;--awb-padding-top:40px;--awb-margin-top:50px;--awb-margin-bottom:50px;--awb-margin-top-medium:25px;--awb-margin-bottom-medium:25px;--awb-margin-top-small:20px;--awb-margin-bottom-small:20px;--awb-flex-wrap:wrap;\" ><div class=\"fusion-builder-row fusion-row fusion-flex-align-items-flex-start fusion-flex-content-wrap\" style=\"max-width:1364.48px;margin-left: calc(-4% \/ 2 );margin-right: calc(-4% \/ 2 );\"><div class=\"fusion-layout-column fusion_builder_column fusion-builder-column-23 fusion_builder_column_2_5 2_5 fusion-flex-column fusion-flex-align-self-flex-start mys-border--rounded-vert mys-border--rounded-vert--right\" style=\"--awb-padding-left:20px;--awb-bg-color:var(--awb-color4);--awb-bg-color-hover:var(--awb-color4);--awb-bg-size:cover;--awb-width-large:40%;--awb-margin-top-large:0px;--awb-spacing-right-large:0px;--awb-margin-bottom-large:0px;--awb-spacing-left-large:4.8%;--awb-width-medium:40%;--awb-order-medium:0;--awb-spacing-right-medium:0px;--awb-spacing-left-medium:4.8%;--awb-width-small:100%;--awb-order-small:0;--awb-spacing-right-small:1.92%;--awb-spacing-left-small:1.92%;\"><div class=\"fusion-column-wrapper fusion-column-has-shadow fusion-flex-justify-content-flex-start fusion-content-layout-column\"><div class=\"fusion-image-element \" style=\"text-align:center;--awb-margin-top:-40px;--awb-margin-right-medium:0px;--awb-margin-left-medium:0px;--awb-max-width:309px;--awb-caption-title-font-family:var(--h2_typography-font-family);--awb-caption-title-font-weight:var(--h2_typography-font-weight);--awb-caption-title-font-style:var(--h2_typography-font-style);--awb-caption-title-size:var(--h2_typography-font-size);--awb-caption-title-transform:var(--h2_typography-text-transform);--awb-caption-title-line-height:var(--h2_typography-line-height);--awb-caption-title-letter-spacing:var(--h2_typography-letter-spacing);\"><span class=\" fusion-imageframe imageframe-none imageframe-3 hover-type-none\"><img decoding=\"async\" width=\"339\" height=\"307\" alt=\"Experten Geheimtipp Julia\" title=\"geheimtipp-bg\" src=\"https:\/\/www.myticket.de\/de\/myspotlight\/app\/uploads\/2024\/07\/geheimtipp-bg.png\" data-orig-src=\"https:\/\/www.myticket.de\/de\/myspotlight\/app\/uploads\/2024\/07\/geheimtipp-bg.png\" class=\"lazyload img-responsive wp-image-1051\" srcset=\"data:image\/svg+xml,%3Csvg%20xmlns%3D%27http%3A%2F%2Fwww.w3.org%2F2000%2Fsvg%27%20width%3D%27339%27%20height%3D%27307%27%20viewBox%3D%270%200%20339%20307%27%3E%3Crect%20width%3D%27339%27%20height%3D%27307%27%20fill-opacity%3D%220%22%2F%3E%3C%2Fsvg%3E\" data-srcset=\"https:\/\/www.myticket.de\/de\/myspotlight\/app\/uploads\/2024\/07\/geheimtipp-bg-200x181.png 200w, https:\/\/www.myticket.de\/de\/myspotlight\/app\/uploads\/2024\/07\/geheimtipp-bg.png 339w\" data-sizes=\"auto\" data-orig-sizes=\"(max-width: 767px) 100vw, 339px\" \/><\/span><\/div><div class=\"fusion-text fusion-text-30\" style=\"--awb-font-size:32px;--awb-line-height:40px;--awb-text-color:var(--awb-color1);--awb-text-font-family:var(--awb-typography3-font-family);--awb-text-font-weight:var(--awb-typography3-font-weight);--awb-text-font-style:var(--awb-typography3-font-style);\"><p>Wenn Ihr informiert werden wollt, wenn Lars Amend wieder auf Tour geht, meldet Euch zu unserem Eventalarm auf <a href=\"https:\/\/www.myticket.de\/de\/lars-amend-tickets#artist_info\" target=\"_blank\" rel=\"noopener\"><img decoding=\"async\" class=\"lazyload alignnone\" style=\"margin-left: 5px; margin-top: 5px;\" src=\"data:image\/svg+xml,%3Csvg%20xmlns%3D%27http%3A%2F%2Fwww.w3.org%2F2000%2Fsvg%27%20width%3D%27157%27%20height%3D%2732%27%20viewBox%3D%270%200%20157%2032%27%3E%3Crect%20width%3D%27157%27%20height%3D%2732%27%20fill-opacity%3D%220%22%2F%3E%3C%2Fsvg%3E\" data-orig-src=\"\/de\/myspotlight\/app\/uploads\/2024\/07\/MYT-Logo-blue-new.svg\" alt=\"myTicket \" width=\"157\" height=\"32\" \/><\/a> an!<\/p>\n<\/div><\/div><\/div><div class=\"fusion-layout-column fusion_builder_column fusion-builder-column-24 fusion_builder_column_3_5 3_5 fusion-flex-column\" style=\"--awb-bg-size:cover;--awb-width-large:60%;--awb-margin-top-large:0px;--awb-spacing-right-large:3.2%;--awb-margin-bottom-large:0px;--awb-spacing-left-large:3.2%;--awb-width-medium:60%;--awb-order-medium:0;--awb-spacing-right-medium:3.2%;--awb-spacing-left-medium:3.2%;--awb-width-small:100%;--awb-order-small:0;--awb-margin-top-small:15px;--awb-spacing-right-small:1.92%;--awb-spacing-left-small:1.92%;\" data-scroll-devices=\"small-visibility,medium-visibility,large-visibility\"><div class=\"fusion-column-wrapper fusion-column-has-shadow fusion-flex-justify-content-flex-start fusion-content-layout-column\"><div class=\"fusion-title title fusion-title-4 fusion-sep-none fusion-title-center fusion-title-text fusion-title-size-three\" style=\"--awb-margin-top:0px;--awb-margin-right:0px;--awb-margin-bottom:32px;--awb-margin-left:0px;--awb-margin-top-small:0px;--awb-margin-right-small:0px;--awb-margin-bottom-small:20px;--awb-margin-left-small:0px;--awb-margin-bottom-medium:30px;--awb-font-size:40px;\"><h3 class=\"fusion-title-heading title-heading-center fusion-responsive-typography-calculated\" style=\"margin:0;font-size:1em;--fontSize:40;line-height:1.25;\">\u2026 oder besucht uns auf Facebook<\/h3><\/div><div class=\"fusion-facebook-page fb-page fusion-facebook-page-1 fusion-no-small-visibility\" style=\"display:flex; justify-content:center;\" data-href=\"https:\/\/www.facebook.com\/myticket.de\/\" data-tabs=\"timeline\" data-width=\"500\" data-height=\"700\" data-hide_cta=\"true\"><\/div><script async defer crossorigin=\"anonymous\" src=\"https:\/\/connect.facebook.net\/en_US\/sdk.js#xfbml=1&version=v14.0\"><\/script><div id=\"fb-root\"><\/div><div class=\"fusion-text fusion-text-31\"><p style=\"text-align: center;\"><a href=\"https:\/\/www.facebook.com\/myticket.de\/\" target=\"_blank\" rel=\"noopener\">https:\/\/www.facebook.com\/myticket.de\/<\/a><\/p>\n<\/div><\/div><\/div>\n<\/div><\/div><div class=\"fusion-fullwidth fullwidth-box fusion-builder-row-10 fusion-flex-container has-pattern-background has-mask-background nonhundred-percent-fullwidth non-hundred-percent-height-scrolling\" style=\"--awb-border-radius-top-left:0px;--awb-border-radius-top-right:0px;--awb-border-radius-bottom-right:0px;--awb-border-radius-bottom-left:0px;--awb-padding-top:50px;--awb-padding-top-medium:25px;--awb-padding-top-small:20px;--awb-flex-wrap:wrap;\" ><div class=\"fusion-builder-row fusion-row fusion-flex-align-items-flex-start fusion-flex-content-wrap\" style=\"max-width:1364.48px;margin-left: calc(-4% \/ 2 );margin-right: calc(-4% \/ 2 );\"><div class=\"fusion-layout-column fusion_builder_column fusion-builder-column-25 fusion_builder_column_1_1 1_1 fusion-flex-column\" style=\"--awb-bg-size:cover;--awb-width-large:100%;--awb-margin-top-large:0px;--awb-spacing-right-large:1.92%;--awb-margin-bottom-large:0px;--awb-spacing-left-large:1.92%;--awb-width-medium:100%;--awb-order-medium:0;--awb-spacing-right-medium:1.92%;--awb-spacing-left-medium:1.92%;--awb-width-small:100%;--awb-order-small:0;--awb-spacing-right-small:1.92%;--awb-spacing-left-small:1.92%;\"><div class=\"fusion-column-wrapper fusion-column-has-shadow fusion-flex-justify-content-flex-start fusion-content-layout-column\"><div class=\"fusion-title title fusion-title-5 fusion-sep-none fusion-title-center fusion-title-text fusion-title-size-paragraph\" style=\"--awb-text-color:var(--awb-color1);--awb-margin-top:0px;--awb-margin-right:0px;--awb-margin-bottom:50px;--awb-margin-left:0px;--awb-margin-top-small:0px;--awb-margin-right-small:0px;--awb-margin-bottom-small:20px;--awb-margin-left-small:0px;--awb-margin-bottom-medium:20px;--awb-font-size:40px;\"><p class=\"fusion-title-heading title-heading-center title-heading-tag fusion-responsive-typography-calculated\" style=\"font-family:var(--awb-typography1-font-family);font-weight:var(--awb-typography1-font-weight);font-style:var(--awb-typography1-font-style);margin:0;font-size:1em;--fontSize:40;line-height:1.25;\">Diese Artikel k\u00f6nnten Dich auch interessieren<\/p><\/div><div class=\"fusion-post-cards fusion-post-cards-1 fusion-grid-archive fusion-grid-columns-3\" style=\"--awb-column-spacing:25px;--awb-dots-align:center;--awb-columns:3;--awb-active-filter-border-size:3px;--awb-filters-height:36px;--awb-row-spacing:20px;\"><ul class=\"fusion-grid fusion-grid-3 fusion-flex-align-items-stretch fusion-grid-posts-cards\"><li class=\"fusion-layout-column fusion_builder_column fusion-builder-column-26 fusion-flex-column mys-postcard-post post-card fusion-grid-column fusion-post-cards-grid-column\" style=\"--awb-bg-color:var(--awb-color3);--awb-bg-color-hover:var(--awb-color3);--awb-bg-blend:overlay;--awb-bg-size:cover;--awb-border-color:var(--awb-custom_color_1);--awb-border-style:solid;\" data-scroll-devices=\"small-visibility,medium-visibility,large-visibility\"><div class=\"fusion-column-wrapper fusion-column-has-shadow fusion-flex-justify-content-flex-start fusion-content-layout-column\"><div class=\"fusion-image-element \" style=\"--awb-margin-bottom:15px;--awb-caption-title-font-family:var(--h2_typography-font-family);--awb-caption-title-font-weight:var(--h2_typography-font-weight);--awb-caption-title-font-style:var(--h2_typography-font-style);--awb-caption-title-size:var(--h2_typography-font-size);--awb-caption-title-transform:var(--h2_typography-text-transform);--awb-caption-title-line-height:var(--h2_typography-line-height);--awb-caption-title-letter-spacing:var(--h2_typography-letter-spacing);\"><span class=\" fusion-imageframe imageframe-none imageframe-4 hover-type-none\"><a class=\"fusion-no-lightbox\" href=\"https:\/\/www.myticket.de\/de\/myspotlight\/news-insider\/inside-the-episode-ueberdosis-crime\/\" target=\"_self\" aria-label=\"ueberdosis-crime-BLOG-2026-644X398\"><img decoding=\"async\" width=\"644\" height=\"398\" alt=\"Inside the Episode: \u00dcBERDOSIS CRIME\" src=\"https:\/\/www.myticket.de\/de\/myspotlight\/app\/uploads\/2026\/03\/ueberdosis-crime-BLOG-2026-644X398.jpg\" data-orig-src=\"https:\/\/www.myticket.de\/de\/myspotlight\/app\/uploads\/2026\/03\/ueberdosis-crime-BLOG-2026-644X398.jpg\" class=\"lazyload img-responsive wp-image-3357\" srcset=\"data:image\/svg+xml,%3Csvg%20xmlns%3D%27http%3A%2F%2Fwww.w3.org%2F2000%2Fsvg%27%20width%3D%27644%27%20height%3D%27398%27%20viewBox%3D%270%200%20644%20398%27%3E%3Crect%20width%3D%27644%27%20height%3D%27398%27%20fill-opacity%3D%220%22%2F%3E%3C%2Fsvg%3E\" data-srcset=\"https:\/\/www.myticket.de\/de\/myspotlight\/app\/uploads\/2026\/03\/ueberdosis-crime-BLOG-2026-644X398-200x124.jpg 200w, https:\/\/www.myticket.de\/de\/myspotlight\/app\/uploads\/2026\/03\/ueberdosis-crime-BLOG-2026-644X398-400x247.jpg 400w, https:\/\/www.myticket.de\/de\/myspotlight\/app\/uploads\/2026\/03\/ueberdosis-crime-BLOG-2026-644X398-600x371.jpg 600w\" data-sizes=\"auto\" data-orig-sizes=\"(max-width: 767px) 100vw, 644px\" \/><\/a><\/span><\/div><div class=\"fusion-title title fusion-title-6 fusion-sep-none fusion-title-text fusion-title-size-div mys-color-ticket--post\" style=\"--awb-text-color:var(--awb-color3);--awb-margin-top:0px;--awb-margin-right:0px;--awb-margin-bottom:0px;--awb-margin-left:0px;--awb-margin-top-small:0px;--awb-margin-right-small:0px;--awb-margin-bottom-small:0px;--awb-margin-left-small:0px;--awb-link-color:var(--awb-color3);--awb-link-hover-color:var(--awb-color3);--awb-font-size:18px;\"><div class=\"fusion-title-heading title-heading-left title-heading-tag fusion-responsive-typography-calculated\" style=\"font-family:&quot;Cabin&quot;;font-style:normal;font-weight:600;margin:0;font-size:1em;--fontSize:18;--minFontSize:18;line-height:1.33;\"><a href=\"https:\/\/www.myticket.de\/de\/myspotlight\/news-insider\/inside-the-episode-ueberdosis-crime\/\" class=\"awb-custom-text-color awb-custom-text-hover-color\" target=\"_self\"><a href=\"https:\/\/www.myticket.de\/de\/myspotlight\/category\/news-insider\/\" title=\"News &amp; Insider\">News &amp; Insider<\/a><\/a><\/div><\/div><div class=\"fusion-builder-row fusion-builder-row-inner fusion-row fusion-flex-align-items-flex-start fusion-flex-content-wrap\" style=\"width:104% !important;max-width:104% !important;margin-left: calc(-4% \/ 2 );margin-right: calc(-4% \/ 2 );\"><div class=\"fusion-layout-column fusion_builder_column_inner fusion-builder-nested-column-10 fusion_builder_column_inner_1_6 1_6 fusion-flex-column fusion-flex-align-self-stretch fusion-column-inner-bg-wrapper\" style=\"--awb-padding-bottom-small:0px;--awb-padding-left-small:12px;--awb-inner-bg-size:cover;--awb-width-large:16.666666666667%;--awb-margin-top-large:0px;--awb-spacing-right-large:11.52%;--awb-margin-bottom-large:0px;--awb-spacing-left-large:11.52%;--awb-width-medium:16.666666666667%;--awb-order-medium:0;--awb-spacing-right-medium:11.52%;--awb-spacing-left-medium:11.52%;--awb-width-small:20%;--awb-order-small:0;--awb-spacing-right-small:9.6%;--awb-margin-bottom-small:0;--awb-spacing-left-small:9.6%;\" data-scroll-devices=\"small-visibility,medium-visibility,large-visibility\"><span class=\"fusion-column-inner-bg hover-type-none\"><a class=\"fusion-column-anchor\" href=\"https:\/\/www.myticket.de\/de\/myspotlight\/news-insider\/inside-the-episode-ueberdosis-crime\/\"><span class=\"fusion-column-inner-bg-image\"><\/span><\/a><\/span><div class=\"fusion-column-wrapper fusion-column-has-shadow fusion-flex-justify-content-flex-start fusion-content-layout-column\"><div class=\"fusion-text fusion-text-32 fusion-text-no-margin\" style=\"--awb-content-alignment:center;--awb-font-size:24px;--awb-text-color:var(--awb-color7);--awb-text-font-family:var(--awb-typography3-font-family);--awb-text-font-weight:var(--awb-typography3-font-weight);--awb-text-font-style:var(--awb-typography3-font-style);\"><p>31<\/p>\n<\/div><div class=\"fusion-separator\" style=\"align-self: center;margin-left: auto;margin-right: auto;margin-top:0px;margin-bottom:2px;width:100%;max-width:35px;\"><div class=\"fusion-separator-border sep-single sep-solid\" style=\"--awb-height:20px;--awb-amount:20px;--awb-sep-color:var(--awb-color7);border-color:var(--awb-color7);border-top-width:1px;\"><\/div><\/div><div class=\"fusion-text fusion-text-33 mys-truncate\" style=\"--awb-content-alignment:center;--awb-font-size:18px;--awb-line-height:24px;--awb-text-color:var(--awb-custom_color_2);--awb-text-font-family:&quot;Cabin&quot;;--awb-text-font-style:normal;--awb-text-font-weight:600;\"><p>Mrz<\/p>\n<\/div><\/div><\/div><div class=\"fusion-layout-column fusion_builder_column_inner fusion-builder-nested-column-11 fusion_builder_column_inner_5_6 5_6 fusion-flex-column fusion-flex-align-self-stretch\" style=\"--awb-padding-right-small:10px;--awb-bg-size:cover;--awb-width-large:83.333333333333%;--awb-margin-top-large:0px;--awb-spacing-right-large:2.304%;--awb-margin-bottom-large:0px;--awb-spacing-left-large:2.304%;--awb-width-medium:83.333333333333%;--awb-order-medium:0;--awb-spacing-right-medium:2.304%;--awb-spacing-left-medium:2.304%;--awb-width-small:80%;--awb-order-small:0;--awb-spacing-right-small:2.4%;--awb-spacing-left-small:2.4%;\" data-scroll-devices=\"small-visibility,medium-visibility,large-visibility\"><div class=\"fusion-column-wrapper fusion-column-has-shadow fusion-flex-justify-content-flex-start fusion-content-layout-column\"><div class=\"fusion-meta-tb fusion-meta-tb-1 stacked\" style=\"--awb-height:36px;--awb-font-size:16px;--awb-padding-top:6px;--awb-text-color:var(--awb-color7);--awb-link-color:var(--awb-color7);--awb-text-hover-color:var(--awb-color7);--awb-background-color:var(--awb-color3);--awb-alignment-medium:flex-start;--awb-alignment-small:flex-start;\"><span class=\"fusion-tb-tags\"><a href=\"https:\/\/www.myticket.de\/de\/myspotlight\/tag\/podcast\/\" rel=\"tag\">#podcast<\/a>, <a href=\"https:\/\/www.myticket.de\/de\/myspotlight\/tag\/truecrime\/\" rel=\"tag\">#truecrime<\/a>, <a href=\"https:\/\/www.myticket.de\/de\/myspotlight\/tag\/ueberdosiscrime\/\" rel=\"tag\">#ueberdosiscrime<\/a><\/span><span class=\"fusion-meta-tb-sep\"><\/span><\/div><div class=\"fusion-title title fusion-title-7 fusion-sep-none fusion-title-text fusion-title-size-paragraph\" style=\"--awb-text-color:var(--awb-color8);--awb-margin-top:0px;--awb-margin-right:0px;--awb-margin-bottom:15px;--awb-margin-left:0px;--awb-margin-top-small:0px;--awb-margin-right-small:0px;--awb-margin-bottom-small:0px;--awb-margin-left-small:0px;--awb-link-color:var(--awb-color8);--awb-link-hover-color:var(--awb-color8);--awb-font-size:18px;\"><p class=\"fusion-title-heading title-heading-left title-heading-tag fusion-responsive-typography-calculated\" style=\"font-family:&quot;Cabin&quot;;font-style:normal;font-weight:500;margin:0;font-size:1em;--fontSize:18;--minFontSize:18;line-height:1.33;\"><a href=\"https:\/\/www.myticket.de\/de\/myspotlight\/news-insider\/inside-the-episode-ueberdosis-crime\/\" class=\"awb-custom-text-color awb-custom-text-hover-color\" target=\"_self\">Inside the Episode: \u00dcBERDOSIS CRIME<\/a><\/p><\/div><\/div><\/div><\/div><\/div><\/li>\n<li class=\"fusion-layout-column fusion_builder_column fusion-builder-column-27 fusion-flex-column mys-postcard-post post-card fusion-grid-column fusion-post-cards-grid-column\" style=\"--awb-bg-color:var(--awb-color3);--awb-bg-color-hover:var(--awb-color3);--awb-bg-blend:overlay;--awb-bg-size:cover;--awb-border-color:var(--awb-custom_color_1);--awb-border-style:solid;\" data-scroll-devices=\"small-visibility,medium-visibility,large-visibility\"><div class=\"fusion-column-wrapper fusion-column-has-shadow fusion-flex-justify-content-flex-start fusion-content-layout-column\"><div class=\"fusion-image-element \" style=\"--awb-margin-bottom:15px;--awb-caption-title-font-family:var(--h2_typography-font-family);--awb-caption-title-font-weight:var(--h2_typography-font-weight);--awb-caption-title-font-style:var(--h2_typography-font-style);--awb-caption-title-size:var(--h2_typography-font-size);--awb-caption-title-transform:var(--h2_typography-text-transform);--awb-caption-title-line-height:var(--h2_typography-line-height);--awb-caption-title-letter-spacing:var(--h2_typography-letter-spacing);\"><span class=\" fusion-imageframe imageframe-none imageframe-5 hover-type-none\"><a class=\"fusion-no-lightbox\" href=\"https:\/\/www.myticket.de\/de\/myspotlight\/news-insider\/simone-sommerland-das-erste-konzert-fuer-deine-kinder\/\" target=\"_self\" aria-label=\"simone-sommerland-blog-644&#215;398\"><img decoding=\"async\" width=\"644\" height=\"398\" alt=\"Simone Sommerland: Das erste Konzert f\u00fcr deine Kinder!\" src=\"https:\/\/www.myticket.de\/de\/myspotlight\/app\/uploads\/2026\/03\/simone-sommerland-blog-644x398-1.jpg\" data-orig-src=\"https:\/\/www.myticket.de\/de\/myspotlight\/app\/uploads\/2026\/03\/simone-sommerland-blog-644x398-1.jpg\" class=\"lazyload img-responsive wp-image-3329\" srcset=\"data:image\/svg+xml,%3Csvg%20xmlns%3D%27http%3A%2F%2Fwww.w3.org%2F2000%2Fsvg%27%20width%3D%27644%27%20height%3D%27398%27%20viewBox%3D%270%200%20644%20398%27%3E%3Crect%20width%3D%27644%27%20height%3D%27398%27%20fill-opacity%3D%220%22%2F%3E%3C%2Fsvg%3E\" data-srcset=\"https:\/\/www.myticket.de\/de\/myspotlight\/app\/uploads\/2026\/03\/simone-sommerland-blog-644x398-1-200x124.jpg 200w, https:\/\/www.myticket.de\/de\/myspotlight\/app\/uploads\/2026\/03\/simone-sommerland-blog-644x398-1-400x247.jpg 400w, https:\/\/www.myticket.de\/de\/myspotlight\/app\/uploads\/2026\/03\/simone-sommerland-blog-644x398-1-600x371.jpg 600w, https:\/\/www.myticket.de\/de\/myspotlight\/app\/uploads\/2026\/03\/simone-sommerland-blog-644x398-1.jpg 644w\" data-sizes=\"auto\" data-orig-sizes=\"(max-width: 767px) 100vw, 644px\" \/><\/a><\/span><\/div><div class=\"fusion-title title fusion-title-8 fusion-sep-none fusion-title-text fusion-title-size-div mys-color-ticket--post\" style=\"--awb-text-color:var(--awb-color3);--awb-margin-top:0px;--awb-margin-right:0px;--awb-margin-bottom:0px;--awb-margin-left:0px;--awb-margin-top-small:0px;--awb-margin-right-small:0px;--awb-margin-bottom-small:0px;--awb-margin-left-small:0px;--awb-link-color:var(--awb-color3);--awb-link-hover-color:var(--awb-color3);--awb-font-size:18px;\"><div class=\"fusion-title-heading title-heading-left title-heading-tag fusion-responsive-typography-calculated\" style=\"font-family:&quot;Cabin&quot;;font-style:normal;font-weight:600;margin:0;font-size:1em;--fontSize:18;--minFontSize:18;line-height:1.33;\"><a href=\"https:\/\/www.myticket.de\/de\/myspotlight\/news-insider\/simone-sommerland-das-erste-konzert-fuer-deine-kinder\/\" class=\"awb-custom-text-color awb-custom-text-hover-color\" target=\"_self\"><a href=\"https:\/\/www.myticket.de\/de\/myspotlight\/category\/news-insider\/\" title=\"News &amp; Insider\">News &amp; Insider<\/a><\/a><\/div><\/div><div class=\"fusion-builder-row fusion-builder-row-inner fusion-row fusion-flex-align-items-flex-start fusion-flex-content-wrap\" style=\"width:104% !important;max-width:104% !important;margin-left: calc(-4% \/ 2 );margin-right: calc(-4% \/ 2 );\"><div class=\"fusion-layout-column fusion_builder_column_inner fusion-builder-nested-column-12 fusion_builder_column_inner_1_6 1_6 fusion-flex-column fusion-flex-align-self-stretch fusion-column-inner-bg-wrapper\" style=\"--awb-padding-bottom-small:0px;--awb-padding-left-small:12px;--awb-inner-bg-size:cover;--awb-width-large:16.666666666667%;--awb-margin-top-large:0px;--awb-spacing-right-large:11.52%;--awb-margin-bottom-large:0px;--awb-spacing-left-large:11.52%;--awb-width-medium:16.666666666667%;--awb-order-medium:0;--awb-spacing-right-medium:11.52%;--awb-spacing-left-medium:11.52%;--awb-width-small:20%;--awb-order-small:0;--awb-spacing-right-small:9.6%;--awb-margin-bottom-small:0;--awb-spacing-left-small:9.6%;\" data-scroll-devices=\"small-visibility,medium-visibility,large-visibility\"><span class=\"fusion-column-inner-bg hover-type-none\"><a class=\"fusion-column-anchor\" href=\"https:\/\/www.myticket.de\/de\/myspotlight\/news-insider\/simone-sommerland-das-erste-konzert-fuer-deine-kinder\/\"><span class=\"fusion-column-inner-bg-image\"><\/span><\/a><\/span><div class=\"fusion-column-wrapper fusion-column-has-shadow fusion-flex-justify-content-flex-start fusion-content-layout-column\"><div class=\"fusion-text fusion-text-34 fusion-text-no-margin\" style=\"--awb-content-alignment:center;--awb-font-size:24px;--awb-text-color:var(--awb-color7);--awb-text-font-family:var(--awb-typography3-font-family);--awb-text-font-weight:var(--awb-typography3-font-weight);--awb-text-font-style:var(--awb-typography3-font-style);\"><p>27<\/p>\n<\/div><div class=\"fusion-separator\" style=\"align-self: center;margin-left: auto;margin-right: auto;margin-top:0px;margin-bottom:2px;width:100%;max-width:35px;\"><div class=\"fusion-separator-border sep-single sep-solid\" style=\"--awb-height:20px;--awb-amount:20px;--awb-sep-color:var(--awb-color7);border-color:var(--awb-color7);border-top-width:1px;\"><\/div><\/div><div class=\"fusion-text fusion-text-35 mys-truncate\" style=\"--awb-content-alignment:center;--awb-font-size:18px;--awb-line-height:24px;--awb-text-color:var(--awb-custom_color_2);--awb-text-font-family:&quot;Cabin&quot;;--awb-text-font-style:normal;--awb-text-font-weight:600;\"><p>Mrz<\/p>\n<\/div><\/div><\/div><div class=\"fusion-layout-column fusion_builder_column_inner fusion-builder-nested-column-13 fusion_builder_column_inner_5_6 5_6 fusion-flex-column fusion-flex-align-self-stretch\" style=\"--awb-padding-right-small:10px;--awb-bg-size:cover;--awb-width-large:83.333333333333%;--awb-margin-top-large:0px;--awb-spacing-right-large:2.304%;--awb-margin-bottom-large:0px;--awb-spacing-left-large:2.304%;--awb-width-medium:83.333333333333%;--awb-order-medium:0;--awb-spacing-right-medium:2.304%;--awb-spacing-left-medium:2.304%;--awb-width-small:80%;--awb-order-small:0;--awb-spacing-right-small:2.4%;--awb-spacing-left-small:2.4%;\" data-scroll-devices=\"small-visibility,medium-visibility,large-visibility\"><div class=\"fusion-column-wrapper fusion-column-has-shadow fusion-flex-justify-content-flex-start fusion-content-layout-column\"><div class=\"fusion-meta-tb fusion-meta-tb-2 stacked\" style=\"--awb-height:36px;--awb-font-size:16px;--awb-padding-top:6px;--awb-text-color:var(--awb-color7);--awb-link-color:var(--awb-color7);--awb-text-hover-color:var(--awb-color7);--awb-background-color:var(--awb-color3);--awb-alignment-medium:flex-start;--awb-alignment-small:flex-start;\"><span class=\"fusion-tb-tags\"><a href=\"https:\/\/www.myticket.de\/de\/myspotlight\/tag\/ersteskonzert\/\" rel=\"tag\">#ersteskonzert<\/a>, <a href=\"https:\/\/www.myticket.de\/de\/myspotlight\/tag\/family\/\" rel=\"tag\">#family<\/a>, <a href=\"https:\/\/www.myticket.de\/de\/myspotlight\/tag\/simonesommerland\/\" rel=\"tag\">#simonesommerland<\/a><\/span><span class=\"fusion-meta-tb-sep\"><\/span><\/div><div class=\"fusion-title title fusion-title-9 fusion-sep-none fusion-title-text fusion-title-size-paragraph\" style=\"--awb-text-color:var(--awb-color8);--awb-margin-top:0px;--awb-margin-right:0px;--awb-margin-bottom:15px;--awb-margin-left:0px;--awb-margin-top-small:0px;--awb-margin-right-small:0px;--awb-margin-bottom-small:0px;--awb-margin-left-small:0px;--awb-link-color:var(--awb-color8);--awb-link-hover-color:var(--awb-color8);--awb-font-size:18px;\"><p class=\"fusion-title-heading title-heading-left title-heading-tag fusion-responsive-typography-calculated\" style=\"font-family:&quot;Cabin&quot;;font-style:normal;font-weight:500;margin:0;font-size:1em;--fontSize:18;--minFontSize:18;line-height:1.33;\"><a href=\"https:\/\/www.myticket.de\/de\/myspotlight\/news-insider\/simone-sommerland-das-erste-konzert-fuer-deine-kinder\/\" class=\"awb-custom-text-color awb-custom-text-hover-color\" target=\"_self\">Simone Sommerland: Das erste Konzert f\u00fcr deine Kinder!<\/a><\/p><\/div><\/div><\/div><\/div><\/div><\/li>\n<li class=\"fusion-layout-column fusion_builder_column fusion-builder-column-28 fusion-flex-column mys-postcard-post post-card fusion-grid-column fusion-post-cards-grid-column\" style=\"--awb-bg-color:var(--awb-color3);--awb-bg-color-hover:var(--awb-color3);--awb-bg-blend:overlay;--awb-bg-size:cover;--awb-border-color:var(--awb-custom_color_1);--awb-border-style:solid;\" data-scroll-devices=\"small-visibility,medium-visibility,large-visibility\"><div class=\"fusion-column-wrapper fusion-column-has-shadow fusion-flex-justify-content-flex-start fusion-content-layout-column\"><div class=\"fusion-image-element \" style=\"--awb-margin-bottom:15px;--awb-caption-title-font-family:var(--h2_typography-font-family);--awb-caption-title-font-weight:var(--h2_typography-font-weight);--awb-caption-title-font-style:var(--h2_typography-font-style);--awb-caption-title-size:var(--h2_typography-font-size);--awb-caption-title-transform:var(--h2_typography-text-transform);--awb-caption-title-line-height:var(--h2_typography-line-height);--awb-caption-title-letter-spacing:var(--h2_typography-letter-spacing);\"><span class=\" fusion-imageframe imageframe-none imageframe-6 hover-type-none\"><a class=\"fusion-no-lightbox\" href=\"https:\/\/www.myticket.de\/de\/myspotlight\/live-backstage\/lit-cologne-2026-eine-stadt-voller-geschichten\/\" target=\"_self\" aria-label=\"Kopie von Lit.Cologne 2026 &#8211; Feed Carousel (1440 x 600 px) (644 x 398 px)(1)\"><img decoding=\"async\" width=\"644\" height=\"398\" alt=\"lit.COLOGNE 2026: Eine Stadt voller Geschichten\" src=\"https:\/\/www.myticket.de\/de\/myspotlight\/app\/uploads\/2026\/03\/Kopie-von-Lit.Cologne-2026-Feed-Carousel-1440-x-600-px-644-x-398-px1.png\" data-orig-src=\"https:\/\/www.myticket.de\/de\/myspotlight\/app\/uploads\/2026\/03\/Kopie-von-Lit.Cologne-2026-Feed-Carousel-1440-x-600-px-644-x-398-px1.png\" class=\"lazyload img-responsive wp-image-3294\" srcset=\"data:image\/svg+xml,%3Csvg%20xmlns%3D%27http%3A%2F%2Fwww.w3.org%2F2000%2Fsvg%27%20width%3D%27644%27%20height%3D%27398%27%20viewBox%3D%270%200%20644%20398%27%3E%3Crect%20width%3D%27644%27%20height%3D%27398%27%20fill-opacity%3D%220%22%2F%3E%3C%2Fsvg%3E\" data-srcset=\"https:\/\/www.myticket.de\/de\/myspotlight\/app\/uploads\/2026\/03\/Kopie-von-Lit.Cologne-2026-Feed-Carousel-1440-x-600-px-644-x-398-px1-200x124.png 200w, https:\/\/www.myticket.de\/de\/myspotlight\/app\/uploads\/2026\/03\/Kopie-von-Lit.Cologne-2026-Feed-Carousel-1440-x-600-px-644-x-398-px1-400x247.png 400w, https:\/\/www.myticket.de\/de\/myspotlight\/app\/uploads\/2026\/03\/Kopie-von-Lit.Cologne-2026-Feed-Carousel-1440-x-600-px-644-x-398-px1-600x371.png 600w, https:\/\/www.myticket.de\/de\/myspotlight\/app\/uploads\/2026\/03\/Kopie-von-Lit.Cologne-2026-Feed-Carousel-1440-x-600-px-644-x-398-px1.png 644w\" data-sizes=\"auto\" data-orig-sizes=\"(max-width: 767px) 100vw, 644px\" \/><\/a><\/span><\/div><div class=\"fusion-title title fusion-title-10 fusion-sep-none fusion-title-text fusion-title-size-div mys-color-ticket--post\" style=\"--awb-text-color:var(--awb-color3);--awb-margin-top:0px;--awb-margin-right:0px;--awb-margin-bottom:0px;--awb-margin-left:0px;--awb-margin-top-small:0px;--awb-margin-right-small:0px;--awb-margin-bottom-small:0px;--awb-margin-left-small:0px;--awb-link-color:var(--awb-color3);--awb-link-hover-color:var(--awb-color3);--awb-font-size:18px;\"><div class=\"fusion-title-heading title-heading-left title-heading-tag fusion-responsive-typography-calculated\" style=\"font-family:&quot;Cabin&quot;;font-style:normal;font-weight:600;margin:0;font-size:1em;--fontSize:18;--minFontSize:18;line-height:1.33;\"><a href=\"https:\/\/www.myticket.de\/de\/myspotlight\/live-backstage\/lit-cologne-2026-eine-stadt-voller-geschichten\/\" class=\"awb-custom-text-color awb-custom-text-hover-color\" target=\"_self\"><a href=\"https:\/\/www.myticket.de\/de\/myspotlight\/category\/live-backstage\/\" title=\"Live &amp; Backstage\">Live &amp; Backstage<\/a><\/a><\/div><\/div><div class=\"fusion-builder-row fusion-builder-row-inner fusion-row fusion-flex-align-items-flex-start fusion-flex-content-wrap\" style=\"width:104% !important;max-width:104% !important;margin-left: calc(-4% \/ 2 );margin-right: calc(-4% \/ 2 );\"><div class=\"fusion-layout-column fusion_builder_column_inner fusion-builder-nested-column-14 fusion_builder_column_inner_1_6 1_6 fusion-flex-column fusion-flex-align-self-stretch fusion-column-inner-bg-wrapper\" style=\"--awb-padding-bottom-small:0px;--awb-padding-left-small:12px;--awb-inner-bg-size:cover;--awb-width-large:16.666666666667%;--awb-margin-top-large:0px;--awb-spacing-right-large:11.52%;--awb-margin-bottom-large:0px;--awb-spacing-left-large:11.52%;--awb-width-medium:16.666666666667%;--awb-order-medium:0;--awb-spacing-right-medium:11.52%;--awb-spacing-left-medium:11.52%;--awb-width-small:20%;--awb-order-small:0;--awb-spacing-right-small:9.6%;--awb-margin-bottom-small:0;--awb-spacing-left-small:9.6%;\" data-scroll-devices=\"small-visibility,medium-visibility,large-visibility\"><span class=\"fusion-column-inner-bg hover-type-none\"><a class=\"fusion-column-anchor\" href=\"https:\/\/www.myticket.de\/de\/myspotlight\/live-backstage\/lit-cologne-2026-eine-stadt-voller-geschichten\/\"><span class=\"fusion-column-inner-bg-image\"><\/span><\/a><\/span><div class=\"fusion-column-wrapper fusion-column-has-shadow fusion-flex-justify-content-flex-start fusion-content-layout-column\"><div class=\"fusion-text fusion-text-36 fusion-text-no-margin\" style=\"--awb-content-alignment:center;--awb-font-size:24px;--awb-text-color:var(--awb-color7);--awb-text-font-family:var(--awb-typography3-font-family);--awb-text-font-weight:var(--awb-typography3-font-weight);--awb-text-font-style:var(--awb-typography3-font-style);\"><p>16<\/p>\n<\/div><div class=\"fusion-separator\" style=\"align-self: center;margin-left: auto;margin-right: auto;margin-top:0px;margin-bottom:2px;width:100%;max-width:35px;\"><div class=\"fusion-separator-border sep-single sep-solid\" style=\"--awb-height:20px;--awb-amount:20px;--awb-sep-color:var(--awb-color7);border-color:var(--awb-color7);border-top-width:1px;\"><\/div><\/div><div class=\"fusion-text fusion-text-37 mys-truncate\" style=\"--awb-content-alignment:center;--awb-font-size:18px;--awb-line-height:24px;--awb-text-color:var(--awb-custom_color_2);--awb-text-font-family:&quot;Cabin&quot;;--awb-text-font-style:normal;--awb-text-font-weight:600;\"><p>Mrz<\/p>\n<\/div><\/div><\/div><div class=\"fusion-layout-column fusion_builder_column_inner fusion-builder-nested-column-15 fusion_builder_column_inner_5_6 5_6 fusion-flex-column fusion-flex-align-self-stretch\" style=\"--awb-padding-right-small:10px;--awb-bg-size:cover;--awb-width-large:83.333333333333%;--awb-margin-top-large:0px;--awb-spacing-right-large:2.304%;--awb-margin-bottom-large:0px;--awb-spacing-left-large:2.304%;--awb-width-medium:83.333333333333%;--awb-order-medium:0;--awb-spacing-right-medium:2.304%;--awb-spacing-left-medium:2.304%;--awb-width-small:80%;--awb-order-small:0;--awb-spacing-right-small:2.4%;--awb-spacing-left-small:2.4%;\" data-scroll-devices=\"small-visibility,medium-visibility,large-visibility\"><div class=\"fusion-column-wrapper fusion-column-has-shadow fusion-flex-justify-content-flex-start fusion-content-layout-column\"><div class=\"fusion-meta-tb fusion-meta-tb-3 stacked\" style=\"--awb-height:36px;--awb-font-size:16px;--awb-padding-top:6px;--awb-text-color:var(--awb-color7);--awb-link-color:var(--awb-color7);--awb-text-hover-color:var(--awb-color7);--awb-background-color:var(--awb-color3);--awb-alignment-medium:flex-start;--awb-alignment-small:flex-start;\"><span class=\"fusion-tb-tags\"><a href=\"https:\/\/www.myticket.de\/de\/myspotlight\/tag\/litcologne\/\" rel=\"tag\">#litcologne<\/a><\/span><span class=\"fusion-meta-tb-sep\"><\/span><\/div><div class=\"fusion-title title fusion-title-11 fusion-sep-none fusion-title-text fusion-title-size-paragraph\" style=\"--awb-text-color:var(--awb-color8);--awb-margin-top:0px;--awb-margin-right:0px;--awb-margin-bottom:15px;--awb-margin-left:0px;--awb-margin-top-small:0px;--awb-margin-right-small:0px;--awb-margin-bottom-small:0px;--awb-margin-left-small:0px;--awb-link-color:var(--awb-color8);--awb-link-hover-color:var(--awb-color8);--awb-font-size:18px;\"><p class=\"fusion-title-heading title-heading-left title-heading-tag fusion-responsive-typography-calculated\" style=\"font-family:&quot;Cabin&quot;;font-style:normal;font-weight:500;margin:0;font-size:1em;--fontSize:18;--minFontSize:18;line-height:1.33;\"><a href=\"https:\/\/www.myticket.de\/de\/myspotlight\/live-backstage\/lit-cologne-2026-eine-stadt-voller-geschichten\/\" class=\"awb-custom-text-color awb-custom-text-hover-color\" target=\"_self\">lit.COLOGNE 2026: Eine Stadt voller Geschichten<\/a><\/p><\/div><\/div><\/div><\/div><\/div><\/li>\n<\/ul><\/div><\/div><\/div><\/div><\/div><\/p>\n","protected":false},"excerpt":{"rendered":"","protected":false},"author":2,"featured_media":2158,"comment_status":"open","ping_status":"open","sticky":false,"template":"","format":"standard","meta":{"footnotes":""},"categories":[25],"tags":[35,44,45,46],"class_list":["post-1846","post","type-post","status-publish","format-standard","has-post-thumbnail","hentry","category-interview","tag-interview","tag-larsamend","tag-musik","tag-ratgeber"],"yoast_head":"<!-- This site is optimized with the Yoast SEO plugin v25.8 - https:\/\/yoast.com\/wordpress\/plugins\/seo\/ -->\n<title>Lars Amend im Interview: Wer bin ich und wer will ich sein? - myticket myspotlight<\/title>\n<meta name=\"description\" content=\"Bestsellerautor &amp; Lifestyle Coach Lars Amend erz\u00e4hlt uns von seiner Imagine Tour und dem Soundtrack seines Lebens! Jetzt Interview lesen!\" \/>\n<meta name=\"robots\" content=\"index, follow, max-snippet:-1, max-image-preview:large, max-video-preview:-1\" \/>\n<link rel=\"canonical\" href=\"https:\/\/www.myticket.de\/de\/myspotlight\/interview\/lars-amend-im-interview\/\" \/>\n<meta property=\"og:locale\" content=\"de_DE\" \/>\n<meta property=\"og:type\" content=\"article\" \/>\n<meta property=\"og:title\" content=\"Lars Amend im Interview: Wer bin ich und wer will ich sein? - myticket myspotlight\" \/>\n<meta property=\"og:description\" content=\"Bestsellerautor &amp; Lifestyle Coach Lars Amend erz\u00e4hlt uns von seiner Imagine Tour und dem Soundtrack seines Lebens! Jetzt Interview lesen!\" \/>\n<meta property=\"og:url\" content=\"https:\/\/www.myticket.de\/de\/myspotlight\/interview\/lars-amend-im-interview\/\" \/>\n<meta property=\"og:site_name\" content=\"myticket myspotlight\" \/>\n<meta property=\"article:published_time\" content=\"2023-04-13T12:21:21+00:00\" \/>\n<meta property=\"article:modified_time\" content=\"2025-04-22T06:35:11+00:00\" \/>\n<meta property=\"og:image\" content=\"https:\/\/www.myticket.de\/de\/myspotlight\/app\/uploads\/2023\/04\/lars-amend-1440x600-1.png\" \/>\n\t<meta property=\"og:image:width\" content=\"1440\" \/>\n\t<meta property=\"og:image:height\" content=\"600\" \/>\n\t<meta property=\"og:image:type\" content=\"image\/png\" \/>\n<meta name=\"author\" content=\"Julia von myticket\" \/>\n<meta name=\"twitter:card\" content=\"summary_large_image\" \/>\n<meta name=\"twitter:label1\" content=\"Written by\" \/>\n\t<meta name=\"twitter:data1\" content=\"Julia von myticket\" \/>\n\t<meta name=\"twitter:label2\" content=\"Est. reading time\" \/>\n\t<meta name=\"twitter:data2\" content=\"9 Minuten\" \/>\n<script type=\"application\/ld+json\" class=\"yoast-schema-graph\">{\"@context\":\"https:\/\/schema.org\",\"@graph\":[{\"@type\":\"WebPage\",\"@id\":\"https:\/\/www.myticket.de\/de\/myspotlight\/interview\/lars-amend-im-interview\/\",\"url\":\"https:\/\/www.myticket.de\/de\/myspotlight\/interview\/lars-amend-im-interview\/\",\"name\":\"Lars Amend im Interview: Wer bin ich und wer will ich sein? - myticket myspotlight\",\"isPartOf\":{\"@id\":\"https:\/\/myspotlight.myticket.de\/#website\"},\"primaryImageOfPage\":{\"@id\":\"https:\/\/www.myticket.de\/de\/myspotlight\/interview\/lars-amend-im-interview\/#primaryimage\"},\"image\":{\"@id\":\"https:\/\/www.myticket.de\/de\/myspotlight\/interview\/lars-amend-im-interview\/#primaryimage\"},\"thumbnailUrl\":\"https:\/\/www.myticket.de\/de\/myspotlight\/app\/uploads\/2023\/04\/lars-amend-1440x600-1.png\",\"datePublished\":\"2023-04-13T12:21:21+00:00\",\"dateModified\":\"2025-04-22T06:35:11+00:00\",\"author\":{\"@id\":\"https:\/\/myspotlight.myticket.de\/#\/schema\/person\/7b85c269fc3fcb11b189fc4ef76cc808\"},\"description\":\"Bestsellerautor & Lifestyle Coach Lars Amend erz\u00e4hlt uns von seiner Imagine Tour und dem Soundtrack seines Lebens! Jetzt Interview lesen!\",\"breadcrumb\":{\"@id\":\"https:\/\/www.myticket.de\/de\/myspotlight\/interview\/lars-amend-im-interview\/#breadcrumb\"},\"inLanguage\":\"de-DE\",\"potentialAction\":[{\"@type\":\"ReadAction\",\"target\":[\"https:\/\/www.myticket.de\/de\/myspotlight\/interview\/lars-amend-im-interview\/\"]}]},{\"@type\":\"ImageObject\",\"inLanguage\":\"de-DE\",\"@id\":\"https:\/\/www.myticket.de\/de\/myspotlight\/interview\/lars-amend-im-interview\/#primaryimage\",\"url\":\"https:\/\/www.myticket.de\/de\/myspotlight\/app\/uploads\/2023\/04\/lars-amend-1440x600-1.png\",\"contentUrl\":\"https:\/\/www.myticket.de\/de\/myspotlight\/app\/uploads\/2023\/04\/lars-amend-1440x600-1.png\",\"width\":1440,\"height\":600,\"caption\":\"Lars Amend Interview Header\"},{\"@type\":\"BreadcrumbList\",\"@id\":\"https:\/\/www.myticket.de\/de\/myspotlight\/interview\/lars-amend-im-interview\/#breadcrumb\",\"itemListElement\":[{\"@type\":\"ListItem\",\"position\":1,\"name\":\"Home\",\"item\":\"https:\/\/www.myticket.de\/de\/myspotlight\/\"},{\"@type\":\"ListItem\",\"position\":2,\"name\":\"Lars Amend im Interview: Wer bin ich und wer will ich sein?\"}]},{\"@type\":\"WebSite\",\"@id\":\"https:\/\/myspotlight.myticket.de\/#website\",\"url\":\"https:\/\/myspotlight.myticket.de\/\",\"name\":\"myticket myspotlight\",\"description\":\"\",\"alternateName\":\"myspotlight\",\"potentialAction\":[{\"@type\":\"SearchAction\",\"target\":{\"@type\":\"EntryPoint\",\"urlTemplate\":\"https:\/\/myspotlight.myticket.de\/?s={search_term_string}\"},\"query-input\":{\"@type\":\"PropertyValueSpecification\",\"valueRequired\":true,\"valueName\":\"search_term_string\"}}],\"inLanguage\":\"de-DE\"},{\"@type\":\"Person\",\"@id\":\"https:\/\/myspotlight.myticket.de\/#\/schema\/person\/7b85c269fc3fcb11b189fc4ef76cc808\",\"name\":\"Julia von myticket\",\"image\":{\"@type\":\"ImageObject\",\"inLanguage\":\"de-DE\",\"@id\":\"https:\/\/myspotlight.myticket.de\/#\/schema\/person\/image\/\",\"url\":\"https:\/\/secure.gravatar.com\/avatar\/601bcf99b97d84d7b361984486a63b64ab70e4e9b6c5b280e27fa90a2a9ca3c9?s=96&d=mm&r=g\",\"contentUrl\":\"https:\/\/secure.gravatar.com\/avatar\/601bcf99b97d84d7b361984486a63b64ab70e4e9b6c5b280e27fa90a2a9ca3c9?s=96&d=mm&r=g\",\"caption\":\"Julia von myticket\"},\"url\":\"https:\/\/www.myticket.de\/de\/myspotlight\/author\/julia-schmuck\/\"}]}<\/script>\n<!-- \/ Yoast SEO plugin. -->","yoast_head_json":{"title":"Lars Amend im Interview: Wer bin ich und wer will ich sein? - myticket myspotlight","description":"Bestsellerautor & Lifestyle Coach Lars Amend erz\u00e4hlt uns von seiner Imagine Tour und dem Soundtrack seines Lebens! Jetzt Interview lesen!","robots":{"index":"index","follow":"follow","max-snippet":"max-snippet:-1","max-image-preview":"max-image-preview:large","max-video-preview":"max-video-preview:-1"},"canonical":"https:\/\/www.myticket.de\/de\/myspotlight\/interview\/lars-amend-im-interview\/","og_locale":"de_DE","og_type":"article","og_title":"Lars Amend im Interview: Wer bin ich und wer will ich sein? - myticket myspotlight","og_description":"Bestsellerautor & Lifestyle Coach Lars Amend erz\u00e4hlt uns von seiner Imagine Tour und dem Soundtrack seines Lebens! Jetzt Interview lesen!","og_url":"https:\/\/www.myticket.de\/de\/myspotlight\/interview\/lars-amend-im-interview\/","og_site_name":"myticket myspotlight","article_published_time":"2023-04-13T12:21:21+00:00","article_modified_time":"2025-04-22T06:35:11+00:00","og_image":[{"width":1440,"height":600,"url":"https:\/\/www.myticket.de\/de\/myspotlight\/app\/uploads\/2023\/04\/lars-amend-1440x600-1.png","type":"image\/png"}],"author":"Julia von myticket","twitter_card":"summary_large_image","twitter_misc":{"Written by":"Julia von myticket","Est. reading time":"9 Minuten"},"schema":{"@context":"https:\/\/schema.org","@graph":[{"@type":"WebPage","@id":"https:\/\/www.myticket.de\/de\/myspotlight\/interview\/lars-amend-im-interview\/","url":"https:\/\/www.myticket.de\/de\/myspotlight\/interview\/lars-amend-im-interview\/","name":"Lars Amend im Interview: Wer bin ich und wer will ich sein? - myticket myspotlight","isPartOf":{"@id":"https:\/\/myspotlight.myticket.de\/#website"},"primaryImageOfPage":{"@id":"https:\/\/www.myticket.de\/de\/myspotlight\/interview\/lars-amend-im-interview\/#primaryimage"},"image":{"@id":"https:\/\/www.myticket.de\/de\/myspotlight\/interview\/lars-amend-im-interview\/#primaryimage"},"thumbnailUrl":"https:\/\/www.myticket.de\/de\/myspotlight\/app\/uploads\/2023\/04\/lars-amend-1440x600-1.png","datePublished":"2023-04-13T12:21:21+00:00","dateModified":"2025-04-22T06:35:11+00:00","author":{"@id":"https:\/\/myspotlight.myticket.de\/#\/schema\/person\/7b85c269fc3fcb11b189fc4ef76cc808"},"description":"Bestsellerautor & Lifestyle Coach Lars Amend erz\u00e4hlt uns von seiner Imagine Tour und dem Soundtrack seines Lebens! Jetzt Interview lesen!","breadcrumb":{"@id":"https:\/\/www.myticket.de\/de\/myspotlight\/interview\/lars-amend-im-interview\/#breadcrumb"},"inLanguage":"de-DE","potentialAction":[{"@type":"ReadAction","target":["https:\/\/www.myticket.de\/de\/myspotlight\/interview\/lars-amend-im-interview\/"]}]},{"@type":"ImageObject","inLanguage":"de-DE","@id":"https:\/\/www.myticket.de\/de\/myspotlight\/interview\/lars-amend-im-interview\/#primaryimage","url":"https:\/\/www.myticket.de\/de\/myspotlight\/app\/uploads\/2023\/04\/lars-amend-1440x600-1.png","contentUrl":"https:\/\/www.myticket.de\/de\/myspotlight\/app\/uploads\/2023\/04\/lars-amend-1440x600-1.png","width":1440,"height":600,"caption":"Lars Amend Interview Header"},{"@type":"BreadcrumbList","@id":"https:\/\/www.myticket.de\/de\/myspotlight\/interview\/lars-amend-im-interview\/#breadcrumb","itemListElement":[{"@type":"ListItem","position":1,"name":"Home","item":"https:\/\/www.myticket.de\/de\/myspotlight\/"},{"@type":"ListItem","position":2,"name":"Lars Amend im Interview: Wer bin ich und wer will ich sein?"}]},{"@type":"WebSite","@id":"https:\/\/myspotlight.myticket.de\/#website","url":"https:\/\/myspotlight.myticket.de\/","name":"myticket myspotlight","description":"","alternateName":"myspotlight","potentialAction":[{"@type":"SearchAction","target":{"@type":"EntryPoint","urlTemplate":"https:\/\/myspotlight.myticket.de\/?s={search_term_string}"},"query-input":{"@type":"PropertyValueSpecification","valueRequired":true,"valueName":"search_term_string"}}],"inLanguage":"de-DE"},{"@type":"Person","@id":"https:\/\/myspotlight.myticket.de\/#\/schema\/person\/7b85c269fc3fcb11b189fc4ef76cc808","name":"Julia von myticket","image":{"@type":"ImageObject","inLanguage":"de-DE","@id":"https:\/\/myspotlight.myticket.de\/#\/schema\/person\/image\/","url":"https:\/\/secure.gravatar.com\/avatar\/601bcf99b97d84d7b361984486a63b64ab70e4e9b6c5b280e27fa90a2a9ca3c9?s=96&d=mm&r=g","contentUrl":"https:\/\/secure.gravatar.com\/avatar\/601bcf99b97d84d7b361984486a63b64ab70e4e9b6c5b280e27fa90a2a9ca3c9?s=96&d=mm&r=g","caption":"Julia von myticket"},"url":"https:\/\/www.myticket.de\/de\/myspotlight\/author\/julia-schmuck\/"}]}},"_links":{"self":[{"href":"https:\/\/www.myticket.de\/de\/myspotlight\/wp-json\/wp\/v2\/posts\/1846","targetHints":{"allow":["GET"]}}],"collection":[{"href":"https:\/\/www.myticket.de\/de\/myspotlight\/wp-json\/wp\/v2\/posts"}],"about":[{"href":"https:\/\/www.myticket.de\/de\/myspotlight\/wp-json\/wp\/v2\/types\/post"}],"author":[{"embeddable":true,"href":"https:\/\/www.myticket.de\/de\/myspotlight\/wp-json\/wp\/v2\/users\/2"}],"replies":[{"embeddable":true,"href":"https:\/\/www.myticket.de\/de\/myspotlight\/wp-json\/wp\/v2\/comments?post=1846"}],"version-history":[{"count":42,"href":"https:\/\/www.myticket.de\/de\/myspotlight\/wp-json\/wp\/v2\/posts\/1846\/revisions"}],"predecessor-version":[{"id":1868,"href":"https:\/\/www.myticket.de\/de\/myspotlight\/wp-json\/wp\/v2\/posts\/1846\/revisions\/1868"}],"wp:featuredmedia":[{"embeddable":true,"href":"https:\/\/www.myticket.de\/de\/myspotlight\/wp-json\/wp\/v2\/media\/2158"}],"wp:attachment":[{"href":"https:\/\/www.myticket.de\/de\/myspotlight\/wp-json\/wp\/v2\/media?parent=1846"}],"wp:term":[{"taxonomy":"category","embeddable":true,"href":"https:\/\/www.myticket.de\/de\/myspotlight\/wp-json\/wp\/v2\/categories?post=1846"},{"taxonomy":"post_tag","embeddable":true,"href":"https:\/\/www.myticket.de\/de\/myspotlight\/wp-json\/wp\/v2\/tags?post=1846"}],"curies":[{"name":"wp","href":"https:\/\/api.w.org\/{rel}","templated":true}]}}